{"id":1084,"date":"2023-05-02T12:43:45","date_gmt":"2023-05-02T17:43:45","guid":{"rendered":"https:\/\/www.chivasycronicas.com\/?p=1084"},"modified":"2023-05-02T12:43:45","modified_gmt":"2023-05-02T17:43:45","slug":"que-pasaria-si-el-nevado-del-ruiz-hiciera-erupcion-manana","status":"publish","type":"post","link":"https:\/\/chivasycronicas.com\/?p=1084","title":{"rendered":"\u00bfQu\u00e9 pasar\u00eda si el Nevado del Ruiz hiciera erupci\u00f3n ma\u00f1ana?"},"content":{"rendered":"<p>Ubicado en la zona central de Colombia, el volc\u00e1n Nevado del Ruiz est\u00e1 activo nuevamente. Si este volc\u00e1n decidiera erupcionar ma\u00f1ana, los resultados ser\u00edan devastadores. Pero, \u00bfqu\u00e9 tan grave ser\u00eda realmente? En este art\u00edculo, exploramos qu\u00e9 suceder\u00eda si el volc\u00e1n Nevado del Ruiz hiciera erupci\u00f3n ma\u00f1ana.<\/p>\n<p><img fetchpriority=\"high\" decoding=\"async\" class=\"alignnone size-medium wp-image-1089\" src=\"https:\/\/www.chivasycronicas.com\/wp-content\/uploads\/2023\/05\/nevado-del-ruiz-300x188.jpeg\" alt=\"\" width=\"300\" height=\"188\" \/><\/p>\n<p>El Nevado del Ruiz es un volc\u00e1n cubierto de glaciares, con un cr\u00e1ter que mide 870 x 830 metros coron\u00e1ndolo. Ha exhibido actividad considerable tres veces en los \u00faltimos 450 a\u00f1os, siendo la erupci\u00f3n m\u00e1s letal la ocurrida en 1985. A las 9 de la noche del 13 de noviembre de ese a\u00f1o, el estallido de este volc\u00e1n mat\u00f3 a m\u00e1s de 25.000 personas en lo que se considera como el peor desastre natural de Colombia. Fue la erupci\u00f3n m\u00e1s mortal en Sudam\u00e9rica y la cuarta a nivel mundial en n\u00famero de fallecidos tras una sola erupci\u00f3n. En total, este monstruo de la naturaleza expuls\u00f3 35 millones de toneladas m\u00e9tricas de material. Al derretirse los glaciares, se desencadenaron lahares violentos. Los lahares son flujos de escombros que incluyen rocas, agua y otros materiales volc\u00e1nicos. Estos barrieron las laderas del volc\u00e1n, penetraron los valles fluviales circundantes y golpearon a muchas poblaciones de la regi\u00f3n central de Colombia. Armero fue uno de esos pueblos afectados y la tragedia que se vivi\u00f3 ese d\u00eda permanece fresca en la mente de los colombianos, porque fue completamente borrado del mapa.<\/p>\n<p><img decoding=\"async\" class=\"alignnone size-medium wp-image-1087 lazyload\" data-src=\"https:\/\/www.chivasycronicas.com\/wp-content\/uploads\/2023\/05\/FtOzLFCWAAIqIFV-300x203.jpg\" alt=\"\" width=\"300\" height=\"203\" src=\"data:image\/gif;base64,R0lGODlhAQABAAAAACH5BAEKAAEALAAAAAABAAEAAAICTAEAOw==\" style=\"--smush-placeholder-width: 300px; --smush-placeholder-aspect-ratio: 300\/203;\" \/><\/p>\n<p>Si el Nevado del Ruiz decidiera arrojar lava durante las pr\u00f3ximas horas, lo primero que notar\u00edas ser\u00eda una serie de peque\u00f1os movimientos tel\u00faricos se\u00f1alando el despertar del volc\u00e1n. Desde el 24 de marzo, los entes gubernamentales de geolog\u00eda y ambiente de ese pa\u00eds han estado registrando la fracturaci\u00f3n de la ladera sur del volc\u00e1n. Los terremotos y temblores tambi\u00e9n han venido en aumento, siendo m\u00e1s de 27.000 los reportados hasta principios de abril. La mayor parte de ellos fueron relativamente leves, aunque los m\u00e1s fuertes alcanzaron magnitudes de 3,1 en la escala de Richter. Si la c\u00e1mara magm\u00e1tica continuara llen\u00e1ndose, la presi\u00f3n aumentar\u00eda, lo cual desembocar\u00eda en una explosi\u00f3n masiva. La columna eruptiva se elevar\u00eda muy alto hacia el cielo, liberando toneladas de cenizas y gases.<\/p>\n<p><img decoding=\"async\" class=\"alignnone size-medium wp-image-1086 lazyload\" data-src=\"https:\/\/www.chivasycronicas.com\/wp-content\/uploads\/2023\/05\/1-300x141.jpeg\" alt=\"\" width=\"300\" height=\"141\" src=\"data:image\/gif;base64,R0lGODlhAQABAAAAACH5BAEKAAEALAAAAAABAAEAAAICTAEAOw==\" style=\"--smush-placeholder-width: 300px; --smush-placeholder-aspect-ratio: 300\/141;\" \/><\/p>\n<p>Si t\u00fa vivieras cerca del Nevado del Ruiz, se te dificultar\u00e1 respirar, ya que estas part\u00edculas suelen tener un impacto de largo alcance en la calidad del aire. Las cenizas y los escombros cubrir\u00e1n las zonas aleda\u00f1as, bloqueando carreteras, y da\u00f1ando las cosechas y las fuentes de agua. Todo esto generar\u00eda escasez de alimentos y agua, adem\u00e1s de da\u00f1os a la infraestructura. Si las cenizas y los escombros afectaron profundamente una poblaci\u00f3n lejana en 1985, imagina las carreteras. No podr\u00edas transitar<\/p>\n<p><img decoding=\"async\" class=\"alignnone size-medium wp-image-1090 lazyload\" data-src=\"https:\/\/www.chivasycronicas.com\/wp-content\/uploads\/2023\/05\/armero-before-after-300x197.webp\" alt=\"\" width=\"300\" height=\"197\" src=\"data:image\/gif;base64,R0lGODlhAQABAAAAACH5BAEKAAEALAAAAAABAAEAAAICTAEAOw==\" style=\"--smush-placeholder-width: 300px; --smush-placeholder-aspect-ratio: 300\/197;\" \/><\/p>\n<h2>La tragedia de Armero: la ciudad blanca que se sumergi\u00f3 en el lodo<\/h2>\n<p><img decoding=\"async\" class=\"alignnone size-medium wp-image-1095 lazyload\" data-src=\"https:\/\/www.chivasycronicas.com\/wp-content\/uploads\/2023\/05\/armeroantes01-300x225.jpg\" alt=\"\" width=\"300\" height=\"225\" src=\"data:image\/gif;base64,R0lGODlhAQABAAAAACH5BAEKAAEALAAAAAABAAEAAAICTAEAOw==\" style=\"--smush-placeholder-width: 300px; --smush-placeholder-aspect-ratio: 300\/225;\" \/><\/p>\n<p>Armero era un pueblo pr\u00f3spero ubicado en el departamento de Tolima, Colombia. Su clima c\u00e1lido y sus tierras f\u00e9rtiles le permit\u00edan a sus habitantes prosperar en la agricultura, especialmente en los cultivos de arroz y algod\u00f3n, lo que le vali\u00f3 el sobrenombre de la \u00abCiudad Blanca\u00bb.<\/p>\n<p><img decoding=\"async\" class=\"alignnone size-medium wp-image-1096 lazyload\" data-src=\"https:\/\/www.chivasycronicas.com\/wp-content\/uploads\/2023\/05\/armero-antes-300x169.jpg\" alt=\"\" width=\"300\" height=\"169\" src=\"data:image\/gif;base64,R0lGODlhAQABAAAAACH5BAEKAAEALAAAAAABAAEAAAICTAEAOw==\" style=\"--smush-placeholder-width: 300px; --smush-placeholder-aspect-ratio: 300\/169;\" \/><\/p>\n<p>Con su propia plaza de mercado, una hermosa calle real y una iglesia blanca, Armero era un lugar de comercio y comunidad donde los campesinos se reun\u00edan para comprar y vender productos, asistir a eventos deportivos en el coliseo de pesas y reunirse en la iglesia para orar.<\/p>\n<p>Pero todo cambi\u00f3 el 13 de noviembre de 1985, cuando el volc\u00e1n Nevado del Ruiz entr\u00f3 en erupci\u00f3n, causando la tragedia m\u00e1s devastadora en la historia moderna de Colombia. La erupci\u00f3n desat\u00f3 una avalancha de lodo, rocas y agua que se precipit\u00f3 por las laderas del volc\u00e1n y arras\u00f3 con todo a su paso.<\/p>\n<p><img decoding=\"async\" class=\"alignnone size-medium wp-image-1094 lazyload\" data-src=\"https:\/\/www.chivasycronicas.com\/wp-content\/uploads\/2023\/05\/whatsapp_image_2021-11-13_at_3.35.32_pm-300x152.jpeg\" alt=\"\" width=\"300\" height=\"152\" src=\"data:image\/gif;base64,R0lGODlhAQABAAAAACH5BAEKAAEALAAAAAABAAEAAAICTAEAOw==\" style=\"--smush-placeholder-width: 300px; --smush-placeholder-aspect-ratio: 300\/152;\" \/><\/p>\n<p>Armero fue uno de los pueblos m\u00e1s afectados por la avalancha, que lleg\u00f3 a tener m\u00e1s de 20 metros de altura. En cuesti\u00f3n de horas, la ciudad blanca se sumergi\u00f3 en el lodo, dejando a su paso m\u00e1s de 20.000 muertos y desaparecidos.<\/p>\n<p>Los sobrevivientes recuerdan a Armero con nostalgia y tristeza, como un lugar de gente trabajadora y amable, rodeado de naturaleza exuberante y con una identidad propia que hoy solo vive en los recuerdos. Seg\u00fan los relatos, sus casas grandes con patios extensos y \u00e1rboles frutales eran un oasis de frescura en el c\u00e1lido clima tolimense.<\/p>\n<p><img decoding=\"async\" class=\"alignnone size-medium wp-image-1093 lazyload\" data-src=\"https:\/\/www.chivasycronicas.com\/wp-content\/uploads\/2023\/05\/59d3fe166ebd8-300x168.jpeg\" alt=\"\" width=\"300\" height=\"168\" src=\"data:image\/gif;base64,R0lGODlhAQABAAAAACH5BAEKAAEALAAAAAABAAEAAAICTAEAOw==\" style=\"--smush-placeholder-width: 300px; --smush-placeholder-aspect-ratio: 300\/168;\" \/><\/p>\n<p>La emisora de radio de la \u00e9poca, Radio Armero de RCN Radio, era el medio de comunicaci\u00f3n m\u00e1s importante del pueblo y se convirti\u00f3 en una fuente de informaci\u00f3n crucial para los sobrevivientes, quienes esperaban ansiosos cualquier noticia sobre sus familiares y amigos desaparecidos.<\/p>\n<figure id=\"attachment_1092\" aria-describedby=\"caption-attachment-1092\" style=\"width: 300px\" class=\"wp-caption alignnone\"><img decoding=\"async\" class=\"size-medium wp-image-1092 lazyload\" data-src=\"https:\/\/www.chivasycronicas.com\/wp-content\/uploads\/2023\/05\/armero3-1-300x201.jpg\" alt=\"\" width=\"300\" height=\"201\" src=\"data:image\/gif;base64,R0lGODlhAQABAAAAACH5BAEKAAEALAAAAAABAAEAAAICTAEAOw==\" style=\"--smush-placeholder-width: 300px; --smush-placeholder-aspect-ratio: 300\/201;\" \/><figcaption id=\"caption-attachment-1092\" class=\"wp-caption-text\">COLOMBIA &#8211; NOVEMBER 18: A volcanic eruption destroyed Armero in Colombia on December 18, 1985. (Photo by Chip HIRES\/Gamma-Rapho via Getty Images)<\/figcaption><\/figure>\n<p>La tragedia de Armero se convirti\u00f3 en un hito en la historia de Colombia y marc\u00f3 un antes y un despu\u00e9s en la gesti\u00f3n de desastres naturales en el pa\u00eds. Hoy, la memoria de Armero y de sus habitantes sigue viva en los diarios de los sobrevivientes y en el coraz\u00f3n de todos aquellos que recuerdan la ciudad blanca sumergida en el lodo.<\/p>\n<p>&nbsp;<\/p>\n","protected":false},"excerpt":{"rendered":"<p>Ubicado en la zona central de Colombia, el volc\u00e1n Nevado del Ruiz est\u00e1 activo nuevamente. Si este volc\u00e1n decidiera erupcionar ma\u00f1ana, los resultados ser\u00edan devastadores. Pero, \u00bfqu\u00e9 tan grave ser\u00eda realmente? En este art\u00edculo, exploramos qu\u00e9 suceder\u00eda si el volc\u00e1n Nevado del Ruiz hiciera erupci\u00f3n ma\u00f1ana. El Nevado del Ruiz es un volc\u00e1n cubierto de [&hellip;]<\/p>\n","protected":false},"author":1,"featured_media":1088,"comment_status":"open","ping_status":"open","sticky":false,"template":"","format":"standard","meta":{"footnotes":""},"categories":[1],"tags":[1251,1252,1253,1254,1255,36,1256,1257,299,1258,400,1259,1260,1261,1262,1263,53,1264,791,1265,1266,1267,1268,1269,1270,954,702,1271,1272,1273,1274,1275,1276,1277,1278,1042,1279,1280,1281,1282,1283,1284,1285,1286,1287,1288,1289,1290,1291,1292,1293,1294,1295,836,959,1296],"class_list":["post-1084","post","type-post","status-publish","format-standard","has-post-thumbnail","hentry","category-blog","tag-agricultura","tag-agua","tag-algodon","tag-ambiente","tag-arboles-frutales","tag-armero","tag-arroz","tag-avalancha","tag-calidad-del-aire","tag-calle-real","tag-campesinos","tag-casas-grandes","tag-cenizas","tag-ciudad-blanca","tag-clima-calido","tag-coliseo-de-pesas","tag-colombia","tag-comercio","tag-comunidad","tag-corazon","tag-cultivos","tag-desaparecidos","tag-desastre-natural","tag-diarios","tag-emisora-de-radio","tag-erupcion","tag-escombros","tag-eventos-deportivos","tag-geologia","tag-gestion-de-desastres-naturales","tag-historia-de-colombia","tag-hito","tag-identidad-propia","tag-iglesia-blanca","tag-informacion-crucial","tag-infraestructura","tag-lahares","tag-lodo","tag-medio-de-comunicacion","tag-muertos","tag-naturaleza-exuberante","tag-nevado-del-ruiz","tag-orar","tag-patios-extensos","tag-plaza-de-mercado","tag-pueblo-prospero","tag-radio-armero","tag-rcn-radio","tag-rocas","tag-sobrevivientes","tag-terremotos","tag-tierras-fertiles","tag-tolima","tag-tragedia","tag-volcan-nevado-del-ruiz","tag-volcanes"],"views":9,"_links":{"self":[{"href":"https:\/\/chivasycronicas.com\/index.php?rest_route=\/wp\/v2\/posts\/1084","targetHints":{"allow":["GET"]}}],"collection":[{"href":"https:\/\/chivasycronicas.com\/index.php?rest_route=\/wp\/v2\/posts"}],"about":[{"href":"https:\/\/chivasycronicas.com\/index.php?rest_route=\/wp\/v2\/types\/post"}],"author":[{"embeddable":true,"href":"https:\/\/chivasycronicas.com\/index.php?rest_route=\/wp\/v2\/users\/1"}],"replies":[{"embeddable":true,"href":"https:\/\/chivasycronicas.com\/index.php?rest_route=%2Fwp%2Fv2%2Fcomments&post=1084"}],"version-history":[{"count":0,"href":"https:\/\/chivasycronicas.com\/index.php?rest_route=\/wp\/v2\/posts\/1084\/revisions"}],"wp:featuredmedia":[{"embeddable":true,"href":"https:\/\/chivasycronicas.com\/index.php?rest_route=\/"}],"wp:attachment":[{"href":"https:\/\/chivasycronicas.com\/index.php?rest_route=%2Fwp%2Fv2%2Fmedia&parent=1084"}],"wp:term":[{"taxonomy":"category","embeddable":true,"href":"https:\/\/chivasycronicas.com\/index.php?rest_route=%2Fwp%2Fv2%2Fcategories&post=1084"},{"taxonomy":"post_tag","embeddable":true,"href":"https:\/\/chivasycronicas.com\/index.php?rest_route=%2Fwp%2Fv2%2Ftags&post=1084"}],"curies":[{"name":"wp","href":"https:\/\/api.w.org\/{rel}","templated":true}]}}