{"id":1119,"date":"2023-05-05T13:23:40","date_gmt":"2023-05-05T18:23:40","guid":{"rendered":"https:\/\/www.chivasycronicas.com\/?p=1119"},"modified":"2023-05-05T13:23:40","modified_gmt":"2023-05-05T18:23:40","slug":"sin-visa-usa-por-asesinos-segun-el-departamento-de-estado-gringo","status":"publish","type":"post","link":"https:\/\/chivasycronicas.com\/?p=1119","title":{"rendered":"SIN VISA USA, por asesinos, seg\u00fan el Departamento de Estado gringo"},"content":{"rendered":"<p>HIST\u00d3RICA la decisi\u00f3n del Departamento de Estados de los Estados Unidos, que prohibi\u00f3 que tres altos oficiales del Ej\u00e9rcito colombiano ingresen a ese pa\u00eds, luego de declararlos oficialmente como responsables de cientos de Falsos Positivos, es decir cr\u00edmenes de inocentes a los que hicieron pasar como \u00abguerrilleros\u00bb dados de en combate, a cambio de beneficios econ\u00f3micos y laborales.<\/p>\n<p>La dr\u00e1stica sanci\u00f3n se traduce en que les revoca la Visa de ingreso a ese territorio norteamericano, lo que tambi\u00e9n cobija a todo el n\u00facleo familiar de los oficiales, seg\u00fan la comunicaci\u00f3n oficial que el Departamento e Estado emiti\u00f3 en la tarde de este jueves desde Washington D.C.<\/p>\n<p><img fetchpriority=\"high\" decoding=\"async\" class=\"alignnone size-medium wp-image-1122\" src=\"https:\/\/www.chivasycronicas.com\/wp-content\/uploads\/2023\/05\/WhatsApp-Image-2023-05-05-at-12.35.55-PM-2-194x300.jpeg\" alt=\"\" width=\"194\" height=\"300\" \/><\/p>\n<p><em>El anuncio oficial del Departamento de Estado<\/em><\/p>\n<p>La lista de los tres oficiales, todos ellos respaldados de anta\u00f1o por \u00c1LVARO URIBE y sus senadores y dirigentes pol\u00edticos, la encabeza el ex general IV\u00c1N RAM\u00cdREZ, quien fuera el jefe de la Divisi\u00f3n de Inteligencia del Ej\u00e9rcito, en momentos en que el Estado manten\u00eda una f\u00e9rrea guerra con las guerrillas de las FARC y el ELN, entre otros. Por las manos de RAM\u00cdREZ\u00a0 pas\u00f3 much\u00edsima informaci\u00f3n clasificada, de alta inteligencia t\u00e9cnica y humana, que sus subalternos le entregaban luego de operaciones de penetraci\u00f3n, infiltraci\u00f3n y espionaje.<\/p>\n<p>Tambi\u00e9n aparece el coronel HERN\u00c1N MEJ\u00cdA, una figura importante y sobresaliente del uribismo, ya que bajo esas toldas lanz\u00f3 su candidatura a la Presidencia, con la proclama de regresar y mantener la seguridad democr\u00e1tica creada por su mentor, \u00c1LVARO URIBE. Este coronel fue candidato presidencial, pese a haber sido acusado y posteriormente condenado por docenas de muertes de j\u00f3venes, cuando fue comandante del Batall\u00f3n \u00abLa Popa\u00bb del Ej\u00e9rcito, en la zona caribe colombiana. Varios de sus propios subalternos lo se\u00f1alaron de exigir \u00abaltas bajas\u00bb que engrosaran las cifras de guerrilleros abatidos, y as\u00ed mostrar la unidad bajo su mando como una de las m\u00e1s exitosas del pa\u00eds, en la lucha contra la subversi\u00f3n armada.<\/p>\n<p><img decoding=\"async\" class=\"alignnone size-medium wp-image-1120 lazyload\" data-src=\"https:\/\/www.chivasycronicas.com\/wp-content\/uploads\/2023\/05\/WhatsApp-Image-2023-05-05-at-12.35.54-PM-300x233.jpeg\" alt=\"\" width=\"300\" height=\"233\" src=\"data:image\/gif;base64,R0lGODlhAQABAAAAACH5BAEKAAEALAAAAAABAAEAAAICTAEAOw==\" style=\"--smush-placeholder-width: 300px; --smush-placeholder-aspect-ratio: 300\/233;\" \/><\/p>\n<p><em>El cr. Hern\u00e1n Mej\u00eda<\/em><\/p>\n<p>Tambi\u00e9n menciona el texto de la sanci\u00f3n, al coronel JUAN CARLOS FIGUEROA SU\u00c1REZ, ex comandante de otra unidad militar, igualmente se\u00f1alada de permitir que los militares cometieran esos execrables cr\u00edmenes, a cambio de\u00a0 prebendas.<\/p>\n<h2>Respaldo a la JEP<\/h2>\n<p>M\u00e1s all\u00e1 de la gravedad de los hechos probados por Estados Unidos, la decisi\u00f3n del Departamento de Estado deja en claro su rotundo respaldo a las gestiones de Paz del gobierno PETRIO, as\u00ed como el accionar de la Justicia Especial para la Paz (JEP), el mismo tribunal que estableci\u00f3 como cierta la cifra de 6402 v\u00edctimas de los llamados \u00abFalsos Positivos\u00bb, cometidos por oficiales de alto y medio rango, que respond\u00edan a directrices del entonces presidente\u00a0 \u00c1LVARO URIBE.<\/p>\n<p><img decoding=\"async\" class=\"alignnone size-medium wp-image-1121 lazyload\" data-src=\"https:\/\/www.chivasycronicas.com\/wp-content\/uploads\/2023\/05\/WhatsApp-Image-2023-05-05-at-12.35.56-PM-255x300.jpeg\" alt=\"\" width=\"255\" height=\"300\" src=\"data:image\/gif;base64,R0lGODlhAQABAAAAACH5BAEKAAEALAAAAAABAAEAAAICTAEAOw==\" style=\"--smush-placeholder-width: 255px; --smush-placeholder-aspect-ratio: 255\/300;\" \/><\/p>\n<p>\u00abEstados Unidos felicita a la JEP por su trabajo vital en\u00a0 apoyo de las v\u00edctimas y sobrevivientes del conflicto, y continuar\u00e1 trabajando junto con sus socios colombianos e internacionales, para apoyar la implementaci\u00f3n del Acuerdo de Paz de 2016\u00bb, reza textualmente el comunicado oficial del D.E<\/p>\n","protected":false},"excerpt":{"rendered":"<p>HIST\u00d3RICA la decisi\u00f3n del Departamento de Estados de los Estados Unidos, que prohibi\u00f3 que tres altos oficiales del Ej\u00e9rcito colombiano ingresen a ese pa\u00eds, luego de declararlos oficialmente como responsables de cientos de Falsos Positivos, es decir cr\u00edmenes de inocentes a los que hicieron pasar como \u00abguerrilleros\u00bb dados de en combate, a cambio de beneficios [&hellip;]<\/p>\n","protected":false},"author":2,"featured_media":1123,"comment_status":"open","ping_status":"open","sticky":false,"template":"","format":"standard","meta":{"footnotes":""},"categories":[27],"tags":[1100,1327,1328],"class_list":["post-1119","post","type-post","status-publish","format-standard","has-post-thumbnail","hentry","category-la-noticia","tag-alvaro-uribe","tag-departamento-de-estado","tag-falsos-positivos"],"views":3,"_links":{"self":[{"href":"https:\/\/chivasycronicas.com\/index.php?rest_route=\/wp\/v2\/posts\/1119","targetHints":{"allow":["GET"]}}],"collection":[{"href":"https:\/\/chivasycronicas.com\/index.php?rest_route=\/wp\/v2\/posts"}],"about":[{"href":"https:\/\/chivasycronicas.com\/index.php?rest_route=\/wp\/v2\/types\/post"}],"author":[{"embeddable":true,"href":"https:\/\/chivasycronicas.com\/index.php?rest_route=\/wp\/v2\/users\/2"}],"replies":[{"embeddable":true,"href":"https:\/\/chivasycronicas.com\/index.php?rest_route=%2Fwp%2Fv2%2Fcomments&post=1119"}],"version-history":[{"count":0,"href":"https:\/\/chivasycronicas.com\/index.php?rest_route=\/wp\/v2\/posts\/1119\/revisions"}],"wp:featuredmedia":[{"embeddable":true,"href":"https:\/\/chivasycronicas.com\/index.php?rest_route=\/"}],"wp:attachment":[{"href":"https:\/\/chivasycronicas.com\/index.php?rest_route=%2Fwp%2Fv2%2Fmedia&parent=1119"}],"wp:term":[{"taxonomy":"category","embeddable":true,"href":"https:\/\/chivasycronicas.com\/index.php?rest_route=%2Fwp%2Fv2%2Fcategories&post=1119"},{"taxonomy":"post_tag","embeddable":true,"href":"https:\/\/chivasycronicas.com\/index.php?rest_route=%2Fwp%2Fv2%2Ftags&post=1119"}],"curies":[{"name":"wp","href":"https:\/\/api.w.org\/{rel}","templated":true}]}}