{"id":1136,"date":"2023-05-08T21:52:22","date_gmt":"2023-05-09T02:52:22","guid":{"rendered":"https:\/\/www.chivasycronicas.com\/?p=1136"},"modified":"2023-05-08T21:52:22","modified_gmt":"2023-05-09T02:52:22","slug":"pretel-la-caida-de-todo-un-capo-uribista","status":"publish","type":"post","link":"https:\/\/chivasycronicas.com\/?p=1136","title":{"rendered":"PRETEL: La ca\u00edda de todo un \u00abCapo\u00bb uribista"},"content":{"rendered":"<p>FELIZ CUMPLEA\u00d1OS, alcanz\u00f3 a escuchar el ex magistrado JORGE PRETEL de parte de amigos y familiares, minutos antes de que agentes del CTI lo capturaran en su casa de Monter\u00eda, donde se aprestaba a celebrar la fiesta de su cumplea\u00f1os, convencido de que sus abogados iban a lograr echar para atr\u00e1s la condena de 6 a\u00f1os y medio proferida por la Corte en su contra, al encontrarlo responsable de un escandaloso acto de corrupci\u00f3n, que incluy\u00f3 el pedido y el pago de un millonario soborno, en el desarrollo de una tutela que llevaba en su despacho.<\/p>\n<p>PRETEL estaba tan confiado, que hizo las invitaciones a la fiesta, evento que la alta sociedad de Monter\u00eda sab\u00eda que iba a ocurrir. No contaba con que, en la \u00faltima instancia, la condena inicial de seis a\u00f1os y medio iba a ser ratificada, por lo cual la orden de captura ten\u00eda que hacerse efectiva de forma inmediata, como en efecto ocurri\u00f3 esa misma noche.<\/p>\n<p><img fetchpriority=\"high\" decoding=\"async\" class=\"alignnone size-medium wp-image-1140\" src=\"https:\/\/www.chivasycronicas.com\/wp-content\/uploads\/2023\/05\/WhatsApp-Image-2023-05-08-at-9.45.40-PM-300x172.jpeg\" alt=\"\" width=\"300\" height=\"172\" \/><\/p>\n<p><em>El momento de la captura de Pretel en su casa de Monter\u00eda<\/em><\/p>\n<p>De su casa fue trasladado a las instalaciones de la Fiscal\u00eda en Monter\u00eda, de donde ser\u00eda llevado al B\u00fanker del ente\u00a0 acusador en Bogot\u00e1, mientras de define a qu\u00e9 prisi\u00f3n ser\u00e1 confinado, donde cumpla la larga sentencia, de la cual no ha pagado un solo d\u00eda, sin que pueda acceder a beneficios de rebaja de penas, pues hasta el momento de su detenci\u00f3n sigui\u00f3 alegando su inocencia, en el caso de soborno a la multinacional FIDUPETROL, que intent\u00f3 ganarse un multimillonario pleito a trav\u00e9s de la tutela, que fue escogida entre varios magistrados y adjudicada por reparto al magistrado, cuando era presidente de la Corte Constitucional.<\/p>\n<h2>Uribista \u00abPura sangre\u00bb<\/h2>\n<p>El capturado exmagistrado es un muy reconocido miembro de la comunidad uribista, como quiera que ha incursionado en la pol\u00edtica y porque desde los altos cargos que ha ostentado, no ha disimulado su orientaci\u00f3n hacia la Derecha y su admiraci\u00f3n por el expresidente \u00c1LVARO URIBE.<\/p>\n<p>De hecho, fue el gobierno uribista el que, en el a\u00f1o 2005, lo tern\u00f3 para ser Fiscal General, una elecci\u00f3n que pr\u00e1cticamente tuvo ganada hasta \u00faltimo minuto, cuando un grupo de magistrados de la Corte Suprema, Sala Laboral, volte\u00f3 su voto en favor del entonces viceministro de Justicia MARIO IGUAR\u00c1N, quien a la postre resultar\u00eda elegido.<\/p>\n<p>De ese episodio se han publicado varias versiones, incluidas declaraciones de ex jefes paramilitares, seg\u00fan las cuales las AUC pagaron miltimillonarias sumas de dinero a los magistrados, unos en favor de PRETEL y otros en favor de IGUAR\u00c1N, dependiendo de lo que prometieran en el trato que recibir\u00edan en la aplicaci\u00f3n de la Ley de Justicia y Paz y la garant\u00eda de la No Extradici\u00f3n.<\/p>\n<p><img decoding=\"async\" class=\"alignnone size-medium wp-image-1138 lazyload\" data-src=\"https:\/\/www.chivasycronicas.com\/wp-content\/uploads\/2023\/05\/WhatsApp-Image-2023-05-08-at-8.56.17-PM-1-300x221.jpeg\" alt=\"\" width=\"300\" height=\"221\" src=\"data:image\/gif;base64,R0lGODlhAQABAAAAACH5BAEKAAEALAAAAAABAAEAAAICTAEAOw==\" style=\"--smush-placeholder-width: 300px; --smush-placeholder-aspect-ratio: 300\/221;\" \/><\/p>\n<p><em>Con su amigo y asesor Abelardo De La Espriella<\/em><\/p>\n<p>Luego, el mismo URIBE lo design\u00f3 en terna para que fuera elegido magistrado de la Corte Constitucional, donde accedi\u00f3 a la presidencia de esa corporaci\u00f3n y desde la cual vot\u00f3, en el 2010, en favor de una segunda reelecci\u00f3n de URIBE, opci\u00f3n que sin embargo fue derrotada por la mayor\u00eda de esa Corte.<\/p>\n<p>A ra\u00edz de la acusaci\u00f3n en su contra en el caso del soborno de FIDUPETROL, Pretel se dedic\u00f3 a defenderse jur\u00eddicamente, asesor\u00e1ndose de pesos pesados del Derecho Penal como el abogado uribista ABELARDO DE LA ESPRIELLA, quien ha sido su gran amigo y consejero.<\/p>\n<p>Recientemente, apareci\u00f3 en un video y en fotograf\u00edas en plena campa\u00f1a electoral, al lado de la senadora uribista MAR\u00cdA FERNANDA CABAL, hecho que fue duramente criticado, pues en ese momento ya hab\u00eda sido condenado en primera instancia por el soborno.<\/p>\n<p><img decoding=\"async\" class=\"alignnone size-medium wp-image-1139 lazyload\" data-src=\"https:\/\/www.chivasycronicas.com\/wp-content\/uploads\/2023\/05\/WhatsApp-Image-2023-05-08-at-9.43.24-PM-300x157.jpeg\" alt=\"\" width=\"300\" height=\"157\" src=\"data:image\/gif;base64,R0lGODlhAQABAAAAACH5BAEKAAEALAAAAAABAAEAAAICTAEAOw==\" style=\"--smush-placeholder-width: 300px; --smush-placeholder-aspect-ratio: 300\/157;\" \/><\/p>\n<p><em>En primer plano la senadora Cabal, atr\u00e1s Pretel<\/em><\/p>\n<p>Fuentes allegadas a su defensa le comentaron a este portal, que PRETEL buscar\u00e1 tumbar la condena de seis a\u00f1os y medio, a trav\u00e9s de la figura de la tutela, a la que acudir\u00eda ante el Consejo de Estado y, en caso de perder, ante la misma Corte Constitucional, alegando que se le ha violado el Debido Proceso.<\/p>\n<p>No hay que olvidar que PRETEL tambi\u00e9n est\u00e1 siendo investigado por denuncias que lo vinculan con despojo de tierras a campesinos en C\u00f3rdoba, y que algunas grabaciones lo salpicaron con un posible Tr\u00e1fico de Influencias, en la misma Fiscal\u00eda, precisamente cuando IGUAR\u00c1N era fiscal general.<\/p>\n<p>&nbsp;<\/p>\n<p>&nbsp;<\/p>\n","protected":false},"excerpt":{"rendered":"<p>FELIZ CUMPLEA\u00d1OS, alcanz\u00f3 a escuchar el ex magistrado JORGE PRETEL de parte de amigos y familiares, minutos antes de que agentes del CTI lo capturaran en su casa de Monter\u00eda, donde se aprestaba a celebrar la fiesta de su cumplea\u00f1os, convencido de que sus abogados iban a lograr echar para atr\u00e1s la condena de 6 [&hellip;]<\/p>\n","protected":false},"author":2,"featured_media":1137,"comment_status":"open","ping_status":"open","sticky":false,"template":"","format":"standard","meta":{"footnotes":""},"categories":[23],"tags":[1049,1100,30,1331,1332],"class_list":["post-1136","post","type-post","status-publish","format-standard","has-post-thumbnail","hentry","category-la-cronica","tag-abelardo-de-la-espriella","tag-alvaro-uribe","tag-corte-constitucional","tag-fidupetrol","tag-jorge-pretel"],"views":28,"_links":{"self":[{"href":"https:\/\/chivasycronicas.com\/index.php?rest_route=\/wp\/v2\/posts\/1136","targetHints":{"allow":["GET"]}}],"collection":[{"href":"https:\/\/chivasycronicas.com\/index.php?rest_route=\/wp\/v2\/posts"}],"about":[{"href":"https:\/\/chivasycronicas.com\/index.php?rest_route=\/wp\/v2\/types\/post"}],"author":[{"embeddable":true,"href":"https:\/\/chivasycronicas.com\/index.php?rest_route=\/wp\/v2\/users\/2"}],"replies":[{"embeddable":true,"href":"https:\/\/chivasycronicas.com\/index.php?rest_route=%2Fwp%2Fv2%2Fcomments&post=1136"}],"version-history":[{"count":0,"href":"https:\/\/chivasycronicas.com\/index.php?rest_route=\/wp\/v2\/posts\/1136\/revisions"}],"wp:featuredmedia":[{"embeddable":true,"href":"https:\/\/chivasycronicas.com\/index.php?rest_route=\/"}],"wp:attachment":[{"href":"https:\/\/chivasycronicas.com\/index.php?rest_route=%2Fwp%2Fv2%2Fmedia&parent=1136"}],"wp:term":[{"taxonomy":"category","embeddable":true,"href":"https:\/\/chivasycronicas.com\/index.php?rest_route=%2Fwp%2Fv2%2Fcategories&post=1136"},{"taxonomy":"post_tag","embeddable":true,"href":"https:\/\/chivasycronicas.com\/index.php?rest_route=%2Fwp%2Fv2%2Ftags&post=1136"}],"curies":[{"name":"wp","href":"https:\/\/api.w.org\/{rel}","templated":true}]}}