{"id":1142,"date":"2023-05-10T09:02:08","date_gmt":"2023-05-10T14:02:08","guid":{"rendered":"https:\/\/www.chivasycronicas.com\/?p=1142"},"modified":"2023-05-10T09:02:08","modified_gmt":"2023-05-10T14:02:08","slug":"la-creciente-subida-del-nivel-del-mar-una-advertencia-ignorada","status":"publish","type":"post","link":"https:\/\/chivasycronicas.com\/?p=1142","title":{"rendered":"La creciente subida del nivel del mar: Una advertencia ignorada"},"content":{"rendered":"<p>El reciente estudio de la NASA sobre el aumento del nivel del mar durante los \u00faltimos treinta a\u00f1os revela una realidad alarmante: los mares est\u00e1n subiendo y a un ritmo acelerado. Aunque los cient\u00edficos ya hab\u00edan observado este fen\u00f3meno desde las costas, el monitoreo global proporcionado por los sat\u00e9lites confirma que el cambio clim\u00e1tico est\u00e1 teniendo un impacto significativo en nuestros oc\u00e9anos.<\/p>\n<p>El informe destaca que el nivel promedio mundial del mar ha aumentado 10,1 cent\u00edmetros desde 1992. Si nos remontamos a\u00fan m\u00e1s, en los \u00faltimos 140 a\u00f1os, la subida ha sido de entre 21 y 24 cent\u00edmetros. Estas cifras son motivo de preocupaci\u00f3n, ya que indican un incremento gradual y constante que puede tener graves consecuencias para las comunidades costeras y los ecosistemas marinos.<\/p>\n<p>El estudio se basa en datos recopilados por una serie de sat\u00e9lites lanzados por la NASA y otras agencias espaciales desde 1992. Estos sat\u00e9lites utilizan alt\u00edmetros de radar para medir la altura de la superficie del oc\u00e9ano. A trav\u00e9s de pulsos de ondas de radio que se reflejan en la superficie y el c\u00e1lculo del tiempo de retorno, los cient\u00edficos obtienen mediciones precisas de la altura del mar en diferentes ubicaciones.<\/p>\n<p>&nbsp;<\/p>\n<p><img fetchpriority=\"high\" decoding=\"async\" class=\"alignnone size-medium wp-image-1145\" src=\"https:\/\/www.chivasycronicas.com\/wp-content\/uploads\/2023\/05\/la-antartida-sube-el-nivel-del-mar-1_1024-300x169.webp\" alt=\"\" width=\"300\" height=\"169\" \/><\/p>\n<p>El registro de datos obtenido por estas misiones ha permitido a los cient\u00edficos detectar cambios en el nivel del mar a nivel global y regional m\u00e1s all\u00e1 de los ciclos naturales. Sin embargo, a pesar de esta evidencia irrefutable, la respuesta global a este problema sigue siendo insuficiente.<\/p>\n<p>El primer mapa presentado en el estudio muestra las tendencias globales en el nivel del mar durante el per\u00edodo de 1993 a 2022. Se observan variaciones espaciales en la tasa de aumento, con algunas \u00e1reas experimentando un incremento m\u00e1s r\u00e1pido que la tasa global. Estas anomal\u00edas son indicativas de cambios en las corrientes oce\u00e1nicas y la distribuci\u00f3n del calor, factores que se ven afectados por el cambio clim\u00e1tico.<\/p>\n<p>Es evidente que el aumento del nivel del mar es una realidad que no podemos ignorar. A medida que los ciclos naturales se ven superados por los efectos de la interferencia humana en el clima, es crucial que tomemos medidas urgentes para mitigar los impactos y adaptarnos a los cambios inevitables.<\/p>\n<p>Desafortunadamente, la respuesta global a este desaf\u00edo sigue siendo insatisfactoria. A pesar de los llamados de los cient\u00edficos y las advertencias cada vez m\u00e1s claras, los l\u00edderes mundiales no han tomado las acciones necesarias para abordar el cambio clim\u00e1tico y sus consecuencias, incluido el aumento del nivel del mar.<\/p>\n<p>La subida del nivel del mar tiene implicaciones graves, desde la inundaci\u00f3n de \u00e1reas costeras densamente pobladas hasta la p\u00e9rdida de ecosistemas marinos vitales. La inacci\u00f3n frente a esta crisis pone en peligro la vida y el sustento de millones de personas en todo el mundo.<\/p>\n<h2>Alternativas de adaptaci\u00f3n<\/h2>\n<p><img decoding=\"async\" class=\"alignnone size-medium wp-image-1144 lazyload\" data-src=\"https:\/\/www.chivasycronicas.com\/wp-content\/uploads\/2023\/05\/lamanga3-2096-300x168.jpg\" alt=\"\" width=\"300\" height=\"168\" src=\"data:image\/gif;base64,R0lGODlhAQABAAAAACH5BAEKAAEALAAAAAABAAEAAAICTAEAOw==\" style=\"--smush-placeholder-width: 300px; --smush-placeholder-aspect-ratio: 300\/168;\" \/><\/p>\n<h3>Es necesario implementar pol\u00edticas que fomenten la transici\u00f3n hacia fuentes de energ\u00eda renovable, reducir la deforestaci\u00f3n, promover la eficiencia energ\u00e9tica y tomar medidas para proteger y restaurar los ecosistemas costeros.<\/h3>\n<p>Adem\u00e1s, es crucial invertir en investigaciones cient\u00edficas y tecnol\u00f3gicas que nos permitan comprender mejor los mecanismos del aumento del nivel del mar y desarrollar soluciones innovadoras para mitigar sus efectos. Esto incluye el fortalecimiento de la infraestructura costera, la planificaci\u00f3n urbana resiliente y la educaci\u00f3n p\u00fablica sobre la importancia de la conservaci\u00f3n del medio ambiente.<\/p>\n<p>No podemos permitirnos seguir ignorando la evidencia cient\u00edfica y las se\u00f1ales claras que nos advierten sobre los impactos del aumento del nivel del mar. La acci\u00f3n global es necesaria para proteger nuestro planeta y asegurar un futuro sostenible para las generaciones venideras.<\/p>\n<p>El estudio de la NASA es una llamada de atenci\u00f3n que no podemos ignorar. El tiempo para actuar es ahora. Debemos unirnos como comunidad global, adoptar medidas audaces y colaborar en la b\u00fasqueda de soluciones efectivas. Solo a trav\u00e9s de un esfuerzo conjunto y un compromiso real podemos enfrentar el desaf\u00edo del aumento del nivel del mar y proteger nuestro hogar com\u00fan.<\/p>\n<p>El futuro de nuestras costas y de las personas que dependen de ellas est\u00e1 en juego. No podemos permitirnos el lujo de seguir posponiendo las acciones necesarias. La preservaci\u00f3n de nuestros oc\u00e9anos y la mitigaci\u00f3n del cambio clim\u00e1tico deben ser nuestras prioridades. Solo a trav\u00e9s de un enfoque colectivo y una voluntad pol\u00edtica verdadera podemos marcar la diferencia y construir un futuro m\u00e1s seguro y sostenible para todos.<\/p>\n","protected":false},"excerpt":{"rendered":"<p>El reciente estudio de la NASA sobre el aumento del nivel del mar durante los \u00faltimos treinta a\u00f1os revela una realidad alarmante: los mares est\u00e1n subiendo y a un ritmo acelerado. Aunque los cient\u00edficos ya hab\u00edan observado este fen\u00f3meno desde las costas, el monitoreo global proporcionado por los sat\u00e9lites confirma que el cambio clim\u00e1tico est\u00e1 [&hellip;]<\/p>\n","protected":false},"author":1,"featured_media":1143,"comment_status":"open","ping_status":"open","sticky":false,"template":"","format":"standard","meta":{"footnotes":""},"categories":[25],"tags":[1333,1334,1335,1336,1337,1338,889,598,1339,1340,1341,1342,1343,1344,1345,1346,1347,1348,1349,1350,1351,129,1352,1353,1354,1355,1356,1357,1358,1359,1360,1361,1362,1363,1364,1365,1366,1367,150,1368,1369,330,1370,1371,1372,1373,1374,1375,197,908,1376,1377,1378,1379,1380,1381,1382,1383,1384,1385,1386,1387,1388,1389,1390,1391,1392,1393,96,1394,1395,1396,1397,1398,1399,1400,1401,101,1402,103,1403,308,1404,1405,1406,1407,1408,1409,1410,1411,1412,1413,556,1414],"class_list":["post-1142","post","type-post","status-publish","format-standard","has-post-thumbnail","hentry","category-el-confidencial","tag-acciones","tag-acelerando","tag-adaptarnos","tag-altimetros-de-radar","tag-altura","tag-areas-costeras","tag-asociaciones","tag-aumento","tag-busqueda-de-soluciones","tag-cambio-climatico","tag-centimetros","tag-ciclos","tag-cientificos","tag-clima","tag-colaborar","tag-compromiso-real","tag-comunidad-cientifica","tag-comunidad-global","tag-conservacion-del-medio-ambiente","tag-corrientes-oceanicas","tag-costas","tag-crisis","tag-datos","tag-decada","tag-deforestacion","tag-desafio","tag-descenso","tag-diferencia","tag-distribucion-del-calor","tag-ecosistemas-marinos","tag-educacion-publica","tag-eficiencia-energetica","tag-enfoque-colectivo","tag-esfuerzo-conjunto","tag-espacio","tag-estudio","tag-evidencia","tag-fuentes-de-energia-renovable","tag-futuro","tag-global","tag-gobiernos","tag-impacto","tag-inaccion","tag-infraestructura-costera","tag-ingenieros","tag-interferencia-humana","tag-inundacion","tag-investigaciones-cientificas","tag-lanzamiento","tag-lideres-mundiales","tag-mapa","tag-mareografos","tag-mares","tag-medidas-audaces","tag-mision-topex-poseidon","tag-mitigacion","tag-mitigar","tag-monitoreo","tag-nasa","tag-natural","tag-nivel-del-mar","tag-nivel-promedio-mundial","tag-oceano","tag-oceanos","tag-organizaciones-internacionales","tag-planificacion-urbana-resiliente","tag-preservacion","tag-prioridades","tag-proteger","tag-pulgadas","tag-reducir-emisiones","tag-registro","tag-respuesta-global","tag-restaurar","tag-ritmo","tag-satelite","tag-satelites","tag-seguridad","tag-senales","tag-sociedad","tag-soluciones-innovadoras","tag-sostenibilidad","tag-subida","tag-superficie","tag-sustento","tag-tecnologicas","tag-tendencias","tag-tiempo-para-actuar","tag-topografia","tag-topografia-oceanica","tag-treinta-anos","tag-variaciones-espaciales","tag-vida","tag-voluntad-politica"],"views":49,"_links":{"self":[{"href":"https:\/\/chivasycronicas.com\/index.php?rest_route=\/wp\/v2\/posts\/1142","targetHints":{"allow":["GET"]}}],"collection":[{"href":"https:\/\/chivasycronicas.com\/index.php?rest_route=\/wp\/v2\/posts"}],"about":[{"href":"https:\/\/chivasycronicas.com\/index.php?rest_route=\/wp\/v2\/types\/post"}],"author":[{"embeddable":true,"href":"https:\/\/chivasycronicas.com\/index.php?rest_route=\/wp\/v2\/users\/1"}],"replies":[{"embeddable":true,"href":"https:\/\/chivasycronicas.com\/index.php?rest_route=%2Fwp%2Fv2%2Fcomments&post=1142"}],"version-history":[{"count":0,"href":"https:\/\/chivasycronicas.com\/index.php?rest_route=\/wp\/v2\/posts\/1142\/revisions"}],"wp:featuredmedia":[{"embeddable":true,"href":"https:\/\/chivasycronicas.com\/index.php?rest_route=\/"}],"wp:attachment":[{"href":"https:\/\/chivasycronicas.com\/index.php?rest_route=%2Fwp%2Fv2%2Fmedia&parent=1142"}],"wp:term":[{"taxonomy":"category","embeddable":true,"href":"https:\/\/chivasycronicas.com\/index.php?rest_route=%2Fwp%2Fv2%2Fcategories&post=1142"},{"taxonomy":"post_tag","embeddable":true,"href":"https:\/\/chivasycronicas.com\/index.php?rest_route=%2Fwp%2Fv2%2Ftags&post=1142"}],"curies":[{"name":"wp","href":"https:\/\/api.w.org\/{rel}","templated":true}]}}