{"id":1172,"date":"2023-05-13T09:00:01","date_gmt":"2023-05-13T14:00:01","guid":{"rendered":"https:\/\/www.chivasycronicas.com\/?p=1172"},"modified":"2023-05-13T09:00:01","modified_gmt":"2023-05-13T14:00:01","slug":"celebrando-el-dia-de-la-madre-un-tributo-a-la-fuerza-y-amor-de-las-mujeres-colombianas","status":"publish","type":"post","link":"https:\/\/chivasycronicas.com\/?p=1172","title":{"rendered":"Celebrando el D\u00eda de la Madre: Un tributo a la fuerza y amor de las mujeres colombianas"},"content":{"rendered":"<p>El D\u00eda de la Madre es una fecha especial en la que rendimos homenaje a esas mujeres extraordinarias que nos dieron la vida, nos cuidan y nos acompa\u00f1an en cada paso que damos. En Colombia, este d\u00eda cobra a\u00fan mayor significado, ya que las madres desempe\u00f1an un papel fundamental en nuestra sociedad y merecen ser reconocidas y celebradas en su d\u00eda.<\/p>\n<p><img fetchpriority=\"high\" decoding=\"async\" class=\"alignnone size-medium wp-image-1174\" src=\"https:\/\/www.chivasycronicas.com\/wp-content\/uploads\/2023\/05\/dia-de-la-madre-colombia-300x169.webp\" alt=\"\" width=\"300\" height=\"169\" \/><\/p>\n<p>La maternidad es un regalo sagrado que trasciende fronteras y culturas. En Colombia, las mujeres se distinguen por su fortaleza, amor incondicional y dedicaci\u00f3n a sus familias. Son ellas quienes, con su valent\u00eda y determinaci\u00f3n, nos ense\u00f1an los verdaderos valores de la vida y nos gu\u00edan por el camino del amor y la compasi\u00f3n.<\/p>\n<p>En esta v\u00edspera del D\u00eda de la Madre, es importante destacar el papel multifac\u00e9tico que desempe\u00f1an las mujeres colombianas. Son madres, hijas, hermanas, amigas, profesionales y l\u00edderes en sus comunidades. A trav\u00e9s de su trabajo y esfuerzo diario, contribuyen al crecimiento y desarrollo de Colombia en todas sus facetas.<\/p>\n<p>En medio de los desaf\u00edos y adversidades, las mujeres colombianas han demostrado una resiliencia incomparable. Han enfrentado situaciones dif\u00edciles con coraje y determinaci\u00f3n, demostrando una vez m\u00e1s su capacidad de sobreponerse a cualquier obst\u00e1culo. Son ejemplos vivientes de fortaleza y perseverancia para todos nosotros.<\/p>\n<p><img decoding=\"async\" class=\"alignnone size-medium wp-image-1175 lazyload\" data-src=\"https:\/\/www.chivasycronicas.com\/wp-content\/uploads\/2023\/05\/de-la-madre-colombia-300x200.webp\" alt=\"\" width=\"300\" height=\"200\" src=\"data:image\/gif;base64,R0lGODlhAQABAAAAACH5BAEKAAEALAAAAAABAAEAAAICTAEAOw==\" style=\"--smush-placeholder-width: 300px; --smush-placeholder-aspect-ratio: 300\/200;\" \/><\/p>\n<p>En este d\u00eda especial, es importante recordar que la celebraci\u00f3n de la maternidad va m\u00e1s all\u00e1 de la relaci\u00f3n biol\u00f3gica. Es un momento para honrar y reconocer a todas las mujeres que han desempe\u00f1ado un papel materno en nuestras vidas: abuelas, t\u00edas, maestras y amigas que nos han brindado su amor y apoyo incondicional.<\/p>\n<p>A todas las mujeres colombianas, en su d\u00eda, queremos expresar nuestro profundo agradecimiento por su amor incondicional, su sacrificio y su dedicaci\u00f3n. Ustedes son el pilar de nuestras vidas y el motor que impulsa nuestros sue\u00f1os. Su amor nos inspira a ser mejores personas y a luchar por un futuro m\u00e1s prometedor.<\/p>\n<p>En este D\u00eda de la Madre, celebremos a todas las mujeres colombianas que con su amor, sacrificio y valent\u00eda hacen del mundo un lugar mejor. Reconozcamos su papel fundamental en nuestras vidas y brindemosles el homenaje que merecen. A trav\u00e9s de peque\u00f1os gestos de cari\u00f1o y gratitud, hagamos de este d\u00eda una verdadera celebraci\u00f3n llena de amor y alegr\u00eda. Feliz D\u00eda de la Madre a todas las mujeres extraordinarias de Colombia. \u00a1Gracias por ser luz en nuestras vidas!<\/p>\n","protected":false},"excerpt":{"rendered":"<p>El D\u00eda de la Madre es una fecha especial en la que rendimos homenaje a esas mujeres extraordinarias que nos dieron la vida, nos cuidan y nos acompa\u00f1an en cada paso que damos. En Colombia, este d\u00eda cobra a\u00fan mayor significado, ya que las madres desempe\u00f1an un papel fundamental en nuestra sociedad y merecen ser [&hellip;]<\/p>\n","protected":false},"author":1,"featured_media":1173,"comment_status":"open","ping_status":"open","sticky":false,"template":"","format":"standard","meta":{"footnotes":""},"categories":[23],"tags":[1459,625,1460,1461,53,791,541,1462,793,704,1463,1464,427,1465,238,88,551,765,1466,736,1467],"class_list":["post-1172","post","type-post","status-publish","format-standard","has-post-thumbnail","hentry","category-la-cronica","tag-alegria","tag-amor","tag-carino","tag-celebracion","tag-colombia","tag-comunidad","tag-dedicacion","tag-dia-de-la-madre","tag-familia","tag-fortaleza","tag-gratitud","tag-homenaje","tag-liderazgo","tag-maternidad","tag-mujeres","tag-papel","tag-reconocimiento","tag-resiliencia","tag-sacrificio","tag-valores","tag-vinculo"],"views":4,"_links":{"self":[{"href":"https:\/\/chivasycronicas.com\/index.php?rest_route=\/wp\/v2\/posts\/1172","targetHints":{"allow":["GET"]}}],"collection":[{"href":"https:\/\/chivasycronicas.com\/index.php?rest_route=\/wp\/v2\/posts"}],"about":[{"href":"https:\/\/chivasycronicas.com\/index.php?rest_route=\/wp\/v2\/types\/post"}],"author":[{"embeddable":true,"href":"https:\/\/chivasycronicas.com\/index.php?rest_route=\/wp\/v2\/users\/1"}],"replies":[{"embeddable":true,"href":"https:\/\/chivasycronicas.com\/index.php?rest_route=%2Fwp%2Fv2%2Fcomments&post=1172"}],"version-history":[{"count":0,"href":"https:\/\/chivasycronicas.com\/index.php?rest_route=\/wp\/v2\/posts\/1172\/revisions"}],"wp:featuredmedia":[{"embeddable":true,"href":"https:\/\/chivasycronicas.com\/index.php?rest_route=\/"}],"wp:attachment":[{"href":"https:\/\/chivasycronicas.com\/index.php?rest_route=%2Fwp%2Fv2%2Fmedia&parent=1172"}],"wp:term":[{"taxonomy":"category","embeddable":true,"href":"https:\/\/chivasycronicas.com\/index.php?rest_route=%2Fwp%2Fv2%2Fcategories&post=1172"},{"taxonomy":"post_tag","embeddable":true,"href":"https:\/\/chivasycronicas.com\/index.php?rest_route=%2Fwp%2Fv2%2Ftags&post=1172"}],"curies":[{"name":"wp","href":"https:\/\/api.w.org\/{rel}","templated":true}]}}