{"id":1179,"date":"2023-05-15T11:37:51","date_gmt":"2023-05-15T16:37:51","guid":{"rendered":"https:\/\/www.chivasycronicas.com\/?p=1179"},"modified":"2023-05-15T11:37:51","modified_gmt":"2023-05-15T16:37:51","slug":"inflacion-desbordada-en-argentina-esta-colombia-en-riesgo-de-seguir-el-mismo-camino","status":"publish","type":"post","link":"https:\/\/chivasycronicas.com\/?p=1179","title":{"rendered":"Inflaci\u00f3n desbordada en Argentina: \u00bfEst\u00e1 Colombia en riesgo de seguir el mismo camino?"},"content":{"rendered":"<p><img fetchpriority=\"high\" decoding=\"async\" class=\"alignnone size-medium wp-image-1182\" src=\"https:\/\/www.chivasycronicas.com\/wp-content\/uploads\/2023\/05\/Argentina_Colombia_Locator-215x300.png\" alt=\"\" width=\"215\" height=\"300\" \/><br \/>\nLa inflaci\u00f3n en Argentina ha alcanzado niveles alarmantes en los \u00faltimos a\u00f1os, lo que ha llevado a una serie de consecuencias econ\u00f3micas y sociales significativas. Este fen\u00f3meno ha generado cambios en los h\u00e1bitos de consumo de la poblaci\u00f3n, afectando especialmente a aquellos con menos recursos econ\u00f3micos. Estas situaciones podr\u00edan plantear interrogantes sobre las posibles implicaciones para otros pa\u00edses, como Colombia, si siguieran un camino similar al de Argentina.<\/p>\n<p><img decoding=\"async\" class=\"alignnone size-full wp-image-1183 lazyload\" data-src=\"https:\/\/www.chivasycronicas.com\/wp-content\/uploads\/2023\/05\/inflacion-argentina.jpeg\" alt=\"\" width=\"284\" height=\"177\" src=\"data:image\/gif;base64,R0lGODlhAQABAAAAACH5BAEKAAEALAAAAAABAAEAAAICTAEAOw==\" style=\"--smush-placeholder-width: 284px; --smush-placeholder-aspect-ratio: 284\/177;\" \/><\/p>\n<p>En Argentina, los precios se han disparado a niveles preocupantes, con tasas de inflaci\u00f3n anuales que superan el 100%. Este aumento vertiginoso ha afectado gravemente a los ciudadanos argentinos, especialmente a los m\u00e1s vulnerables, que no pueden satisfacer sus necesidades b\u00e1sicas. Seg\u00fan los datos del Instituto Nacional de Estad\u00edstica y Censos (Indec), casi el 40% de la poblaci\u00f3n argentina se encuentra en situaci\u00f3n de pobreza, y m\u00e1s de la mitad de los ni\u00f1os viven por debajo de la l\u00ednea de pobreza.<\/p>\n<p>El impacto de la inflaci\u00f3n en Argentina se ha reflejado en los h\u00e1bitos de consumo de la poblaci\u00f3n. Ante los precios cada vez m\u00e1s altos, las personas han tenido que reducir sus compras y centrarse en adquirir productos b\u00e1sicos. Esto ha llevado a una disminuci\u00f3n en la calidad de vida y una mayor dificultad para acceder a bienes y servicios que antes eran considerados normales.<\/p>\n<p><img decoding=\"async\" class=\"alignnone size-medium wp-image-1184 lazyload\" data-src=\"https:\/\/www.chivasycronicas.com\/wp-content\/uploads\/2023\/05\/5f14655223b4e_1004x565-300x169.webp\" alt=\"\" width=\"300\" height=\"169\" src=\"data:image\/gif;base64,R0lGODlhAQABAAAAACH5BAEKAAEALAAAAAABAAEAAAICTAEAOw==\" style=\"--smush-placeholder-width: 300px; --smush-placeholder-aspect-ratio: 300\/169;\" \/><\/p>\n<p>La inflaci\u00f3n tambi\u00e9n ha tenido un impacto en el empleo. Los trabajadores informales, que representan m\u00e1s de un tercio de la fuerza laboral argentina, carecen de protecci\u00f3n contra el aumento de precios. Al no tener acceso a las paritarias, que son acuerdos que permiten ajustar los salarios a la inflaci\u00f3n, estos trabajadores se ven especialmente afectados. Adem\u00e1s, el crecimiento de los empleos no registrados y los trabajadores por cuenta propia ha llevado a una mayor precariedad laboral en el pa\u00eds.<\/p>\n<p>Si Colombia siguiera los mismos pasos que Argentina y experimentar\u00e1 un aumento significativo en la inflaci\u00f3n, podr\u00eda enfrentar desaf\u00edos similares. Los colombianos podr\u00edan ver c\u00f3mo sus salarios se deval\u00faan en relaci\u00f3n con los precios, lo que dificultar\u00e1 la satisfacci\u00f3n de sus necesidades b\u00e1sicas y podr\u00eda aumentar los niveles de pobreza. Adem\u00e1s, aquellos que ya se encuentran en empleos informales podr\u00edan sufrir a\u00fan m\u00e1s, ya que no tendr\u00edan acceso a las herramientas tradicionales de protecci\u00f3n salarial utilizadas en tiempos de alta inflaci\u00f3n.<\/p>\n<p><img decoding=\"async\" class=\"alignnone size-medium wp-image-1180 lazyload\" data-src=\"https:\/\/www.chivasycronicas.com\/wp-content\/uploads\/2023\/05\/Colombia-FlickrMedeaMaterialCC-BY-2.0_Argentina-FlickrLeandroKibiszCC-BY-SA-2-300x167.jpg\" alt=\"\" width=\"300\" height=\"167\" src=\"data:image\/gif;base64,R0lGODlhAQABAAAAACH5BAEKAAEALAAAAAABAAEAAAICTAEAOw==\" style=\"--smush-placeholder-width: 300px; --smush-placeholder-aspect-ratio: 300\/167;\" \/><\/p>\n<p>La experiencia argentina tambi\u00e9n demuestra la importancia de contar con pol\u00edticas econ\u00f3micas s\u00f3lidas para prevenir y gestionar la inflaci\u00f3n. Es esencial que los gobiernos implementen medidas efectivas para controlar los precios y promover la estabilidad econ\u00f3mica. Esto implica pol\u00edticas fiscales y monetarias responsables, as\u00ed como la promoci\u00f3n de empleos formales y la protecci\u00f3n de los trabajadores m\u00e1s vulnerables.<\/p>\n<p>En resumen, la situaci\u00f3n de Argentina con una inflaci\u00f3n alta y sus consecuencias econ\u00f3micas y sociales adversas plantean preocupaciones sobre las posibles implicaciones para Colombia si siguiera un camino similar. Es esencial aprender de las lecciones argentinas y tomar medidas preventivas para evitar una situaci\u00f3n similar. El control de la inflaci\u00f3n y la promoci\u00f3n de empleos formales y seguros son aspectos clave para salvaguardar la estabilidad econ\u00f3mica y proteger a la poblaci\u00f3n m\u00e1s vulnerable.<\/p>\n<p>Colombia ha logrado mantener una inflaci\u00f3n relativamente baja en comparaci\u00f3n con Argentina en los \u00faltimos a\u00f1os aunque a venido subiendo el \u00faltimo a\u00f1o\u00a0 llegando a l\u00edmites hist\u00f3ricos seg\u00fan el Dane hoy en colombia es del 13.2, lo que ha contribuido a la estabilidad econ\u00f3mica del pa\u00eds. Sin embargo, es crucial que las autoridades colombianas sigan vigilantes y tomen medidas proactivas para evitar que la inflaci\u00f3n se descontrole como le pas\u00f3 a nuestro pa\u00eds hermano Argentina.<\/p>\n<p><img decoding=\"async\" class=\"alignnone size-medium wp-image-1185 lazyload\" data-src=\"https:\/\/www.chivasycronicas.com\/wp-content\/uploads\/2023\/05\/desemp-300x174.jpg\" alt=\"\" width=\"300\" height=\"174\" src=\"data:image\/gif;base64,R0lGODlhAQABAAAAACH5BAEKAAEALAAAAAABAAEAAAICTAEAOw==\" style=\"--smush-placeholder-width: 300px; --smush-placeholder-aspect-ratio: 300\/174;\" \/><\/p>\n<p>Para evitar un escenario similar al de Argentina, Colombia puede tomar varias acciones. En primer lugar, es fundamental mantener una pol\u00edtica monetaria prudente y enfocada en mantener la estabilidad de precios. El Banco Central de Colombia debe ser diligente en su supervisi\u00f3n de los indicadores econ\u00f3micos y tomar medidas oportunas para contrarrestar cualquier presi\u00f3n inflacionaria.<\/p>\n<p>Adem\u00e1s, es esencial promover la formalizaci\u00f3n laboral y mejorar la calidad de los empleos en el pa\u00eds. Esto implica fomentar la creaci\u00f3n de empleos formales, proporcionar protecciones laborales adecuadas y promover la educaci\u00f3n y capacitaci\u00f3n para mejorar las habilidades y la empleabilidad de la fuerza laboral. Al fortalecer el mercado laboral formal, se puede reducir la exposici\u00f3n de los trabajadores a los impactos negativos de la inflaci\u00f3n.<\/p>\n<p><img decoding=\"async\" class=\"alignnone size-medium wp-image-1186 lazyload\" data-src=\"https:\/\/www.chivasycronicas.com\/wp-content\/uploads\/2023\/05\/12-300x216.png\" alt=\"\" width=\"300\" height=\"216\" src=\"data:image\/gif;base64,R0lGODlhAQABAAAAACH5BAEKAAEALAAAAAABAAEAAAICTAEAOw==\" style=\"--smush-placeholder-width: 300px; --smush-placeholder-aspect-ratio: 300\/216;\" \/><\/p>\n<p>Otro aspecto importante es promover la inversi\u00f3n en sectores productivos y diversificar la econom\u00eda. La dependencia excesiva de ciertos sectores puede hacer que una econom\u00eda sea m\u00e1s vulnerable a los shocks externos y a las presiones inflacionarias. Al fomentar la inversi\u00f3n en sectores no tradicionales y promover la innovaci\u00f3n y la productividad, Colombia puede fortalecer su econom\u00eda y reducir los riesgos asociados con la inflaci\u00f3n.<\/p>\n<p>Asimismo, es fundamental mantener una pol\u00edtica fiscal responsable y sostenible. Un manejo adecuado de las finanzas p\u00fablicas puede contribuir a la estabilidad econ\u00f3mica y evitar presiones inflacionarias. Las pol\u00edticas fiscales deben ser transparentes, orientadas al crecimiento y basadas en la eficiencia y la equidad.<\/p>\n<p>En conclusi\u00f3n, si Colombia siguiera los pasos de Argentina y experimentar\u00e1 una alta inflaci\u00f3n, podr\u00eda enfrentar desaf\u00edos econ\u00f3micos y sociales significativos sin precedentes en nuestro pa\u00eds. Sin embargo, aprendiendo de la experiencia de Argentina, Colombia puede tomar medidas preventivas y adoptar pol\u00edticas s\u00f3lidas para mantener la estabilidad econ\u00f3mica y proteger a su poblaci\u00f3n. Mantener una pol\u00edtica monetaria adecuada, promover la formalizaci\u00f3n laboral, diversificar la econom\u00eda y mantener una pol\u00edtica fiscal responsable son elementos clave para evitar los efectos negativos de la inflaci\u00f3n. La prudencia y la planificaci\u00f3n estrat\u00e9gica son fundamentales para garantizar un futuro econ\u00f3mico estable y pr\u00f3spero para Colombia.<\/p>\n","protected":false},"excerpt":{"rendered":"<p>La inflaci\u00f3n en Argentina ha alcanzado niveles alarmantes en los \u00faltimos a\u00f1os, lo que ha llevado a una serie de consecuencias econ\u00f3micas y sociales significativas. Este fen\u00f3meno ha generado cambios en los h\u00e1bitos de consumo de la poblaci\u00f3n, afectando especialmente a aquellos con menos recursos econ\u00f3micos. Estas situaciones podr\u00edan plantear interrogantes sobre las posibles implicaciones [&hellip;]<\/p>\n","protected":false},"author":1,"featured_media":1181,"comment_status":"open","ping_status":"open","sticky":false,"template":"","format":"standard","meta":{"footnotes":""},"categories":[26],"tags":[1468,574,1102,1469,1470,1471,53,1472,1473,1474,1475,1476,694,1477,1478,1479,651,909,1480,957,1481,1482,1483,1484,676,1485,1486,1487,1488,594],"class_list":["post-1179","post","type-post","status-publish","format-standard","has-post-thumbnail","hentry","category-la-opinion","tag-alimentos","tag-america-latina","tag-argentina","tag-basicos","tag-calidad-de-empleo","tag-clientes","tag-colombia","tag-crisis-economica","tag-cuentapropistas","tag-desafortunado-record","tag-diversificacion-economica","tag-empleos-informales","tag-estabilidad-economica","tag-formalizacion-laboral","tag-fuerza-laboral","tag-inflacion","tag-inversion","tag-ninos","tag-paritarias","tag-poblacion","tag-pobres","tag-politica-fiscal","tag-politica-monetaria","tag-precios","tag-prevencion","tag-responsabilidad-fiscal","tag-salarios","tag-sectores-productivos","tag-trabajos-no-registrados","tag-venezuela"],"views":7,"_links":{"self":[{"href":"https:\/\/chivasycronicas.com\/index.php?rest_route=\/wp\/v2\/posts\/1179","targetHints":{"allow":["GET"]}}],"collection":[{"href":"https:\/\/chivasycronicas.com\/index.php?rest_route=\/wp\/v2\/posts"}],"about":[{"href":"https:\/\/chivasycronicas.com\/index.php?rest_route=\/wp\/v2\/types\/post"}],"author":[{"embeddable":true,"href":"https:\/\/chivasycronicas.com\/index.php?rest_route=\/wp\/v2\/users\/1"}],"replies":[{"embeddable":true,"href":"https:\/\/chivasycronicas.com\/index.php?rest_route=%2Fwp%2Fv2%2Fcomments&post=1179"}],"version-history":[{"count":0,"href":"https:\/\/chivasycronicas.com\/index.php?rest_route=\/wp\/v2\/posts\/1179\/revisions"}],"wp:featuredmedia":[{"embeddable":true,"href":"https:\/\/chivasycronicas.com\/index.php?rest_route=\/"}],"wp:attachment":[{"href":"https:\/\/chivasycronicas.com\/index.php?rest_route=%2Fwp%2Fv2%2Fmedia&parent=1179"}],"wp:term":[{"taxonomy":"category","embeddable":true,"href":"https:\/\/chivasycronicas.com\/index.php?rest_route=%2Fwp%2Fv2%2Fcategories&post=1179"},{"taxonomy":"post_tag","embeddable":true,"href":"https:\/\/chivasycronicas.com\/index.php?rest_route=%2Fwp%2Fv2%2Ftags&post=1179"}],"curies":[{"name":"wp","href":"https:\/\/api.w.org\/{rel}","templated":true}]}}