{"id":1241,"date":"2023-05-24T18:42:33","date_gmt":"2023-05-24T23:42:33","guid":{"rendered":"https:\/\/www.chivasycronicas.com\/?p=1241"},"modified":"2023-05-24T18:42:33","modified_gmt":"2023-05-24T23:42:33","slug":"los-periodistas-al-servicio-de-los-paras-segun-mancuso","status":"publish","type":"post","link":"https:\/\/chivasycronicas.com\/?p=1241","title":{"rendered":"LOS PERIODISTAS al servicio de los \u00abParas\u00bb, seg\u00fan Mancuso"},"content":{"rendered":"<p>\u00ab<em>Hubo influencia por parte de los medios de comunicaci\u00f3n. Ellos replicaban el discurso paramilitar y de odio\u00bb<\/em>: MANCUSO ante la JEP, sobre el papel de los medios y periodistas en el conflicto y su sangriento accionar delictivo y criminal.<\/p>\n<p>SALVATORE MANCUSO, m\u00e1ximo jefe paramilitar vigente, salpic\u00f3 a varios conocidos y connotados periodistas, en\u00a0 sus tres versiones ante la JEP. Dijo, de varios de ellos, que ten\u00edan l\u00ednea directa y sitial de\u00a0 privilegio con el tr\u00edstemente c\u00e9lebre creador de las AUC, el sanguinario capo de capos CARLOS CASTA\u00d1O, adem\u00e1s de confesar que \u00e9l mismo, personalmente, dict\u00f3 charlas de adoctrinamiento en la sala de Redacci\u00f3n del peri\u00f3dico \u00abEl Tiempo\u00bb, cuando PACHO SANTOS era su subdirector.<\/p>\n<p>Y es que fue precisamente PACHO SANTOS, el primero de los grandes salpicados por el jefe paramilitar, al revelar que, siendo subdirector de El Tiempo, el entonces m\u00e1s influyente peri\u00f3dico del pa\u00eds, lo llev\u00f3 de la mano y lo present\u00f3 ante la sala de Redacci\u00f3n del tabloide, a que dictara una serie de charlas a los periodistas y editores del \u00e1rea de Paz y Orden P\u00fablico, justo cuando las AUC pon\u00edan en marcha su plan de socializar y justificar, ante la Opini\u00f3n P\u00fablica, su sangrienta lucha contrasubversiva.<\/p>\n<p><img fetchpriority=\"high\" decoding=\"async\" class=\"alignnone size-medium wp-image-1247\" src=\"https:\/\/www.chivasycronicas.com\/wp-content\/uploads\/2023\/05\/WhatsApp-Image-2023-05-24-at-11.52.15-AM-300x202.jpeg\" alt=\"\" width=\"300\" height=\"202\" \/><\/p>\n<p><em>Pacho Santos fue el vicepresidente de Uribe<\/em><\/p>\n<p>La visita, seg\u00fan asegur\u00f3 MANCUSO, se dio justo despu\u00e9s de que PACHO SANTOS visitara a CASTA\u00d1O en el Cesar y se reuniera con \u00e9l y otros jefes paras, quienes le pidieron que escribiera una columna de opini\u00f3n apoyando su \u00abcausa\u00bb contra la arremetida de las FARC en varias capitales y zonas rurales.<\/p>\n<p>PACHITO SANTOS cumpli\u00f3 con creces y a la perfecci\u00f3n la misi\u00f3n que le encomendaron los jefes paras, porque, en efecto, d\u00edas despu\u00e9s, una extensa columna de opini\u00f3n firmada por \u00e9l, aparecer\u00eda en las p\u00e1ginas editoriales de \u00abEl Tiempo\u00bb. La columna se titul\u00f3 \u00abProyecto Contrainsurgente\u00bb, y en ella el periodista destaca la labor de los capos de las AUC, alabando en concreto al sanguinario CARLOS CASTA\u00d1O GIL.<\/p>\n<p><img decoding=\"async\" class=\"alignnone size-medium wp-image-1248 lazyload\" data-src=\"https:\/\/www.chivasycronicas.com\/wp-content\/uploads\/2023\/05\/WhatsApp-Image-2023-05-24-at-12.07.55-PM-188x300.jpeg\" alt=\"\" width=\"188\" height=\"300\" src=\"data:image\/gif;base64,R0lGODlhAQABAAAAACH5BAEKAAEALAAAAAABAAEAAAICTAEAOw==\" style=\"--smush-placeholder-width: 188px; --smush-placeholder-aspect-ratio: 188\/300;\" \/><\/p>\n<h2>Vicky, La Nuera del clan criminal<\/h2>\n<p><img decoding=\"async\" class=\"alignnone size-medium wp-image-798 lazyload\" data-src=\"https:\/\/www.chivasycronicas.com\/wp-content\/uploads\/2023\/03\/Screenshot_20230327_225825_com.twitter.android_edit_5381145867530-225x300.jpg\" alt=\"\" width=\"225\" height=\"300\" src=\"data:image\/gif;base64,R0lGODlhAQABAAAAACH5BAEKAAEALAAAAAABAAEAAAICTAEAOw==\" style=\"--smush-placeholder-width: 225px; --smush-placeholder-aspect-ratio: 225\/300;\" \/><\/p>\n<p>Otra que tambi\u00e9n sali\u00f3 mal, librada, es la pol\u00e9mica expresentadora VICKY D\u00c1VILA, directora de la derechista Revista Semana, pues MANCUSO record\u00f3, esta vez con m\u00e1s detalles concretos, que la casa del clan de los GENECCO, en el Cesar, funcion\u00f3 como el centro de operaciones de los paramilitares, desde donde se emit\u00edan las \u00f3rdenes de ejecuci\u00f3n de masacres, extorsiones y asesinatos colectivos de civiles.<\/p>\n<p>MANCUSO tambi\u00e9n dijo que los GENECCO, entre ellos el suegro de la D\u00c1VILA, hicieron parte de las reuniones donde se formaron los primeros bloques paramilitares, cuando entonces prefer\u00edan llamarlos \u00abConvivir\u00bb. Agreg\u00f3 que varias veces, se qued\u00f3 a dormir en esa misma casa de los suegros de la directora de SEMANA, donde era m uy bien atendido y se sent\u00eda como en casa propia.<\/p>\n<p>Lo llamativo de todo, es que la revista SEMANA no public\u00f3 absolutamente nada respecto a las confesiones de MANCUSO. Lo que s\u00ed hizo la directora, fue abrirle sus p\u00e1ginas a PACHO SANTOS, para que desmintiera a MANCUSO, escribiendo una columna en la que trat\u00f3 de explicar por qu\u00e9 raz\u00f3n escribi\u00f3 la columna en \u00abEl Tempo\u00bb en favor de CARLOS CASTA\u00d1O y su imagen de h\u00e9roe.<\/p>\n<h2>Salud Hern\u00e1ndez, la apreciada de Casta\u00f1o<\/h2>\n<p>&nbsp;<\/p>\n<p><img decoding=\"async\" class=\"alignnone size-medium wp-image-1249 lazyload\" data-src=\"https:\/\/www.chivasycronicas.com\/wp-content\/uploads\/2023\/05\/WhatsApp-Image-2023-05-24-at-12.01.57-PM-251x300.jpeg\" alt=\"\" width=\"251\" height=\"300\" src=\"data:image\/gif;base64,R0lGODlhAQABAAAAACH5BAEKAAEALAAAAAABAAEAAAICTAEAOw==\" style=\"--smush-placeholder-width: 251px; --smush-placeholder-aspect-ratio: 251\/300;\" \/><\/p>\n<p>El explosivo testimonio de MANCUSO hablando de periodistas, que dur\u00f3 tres d\u00edas ante la JEP, origin\u00f3 que las redes sociales se inundaran de notas recordando la actuaci\u00f3n de otros periodistas que, aunque a\u00fan no han sido mencionados por el jefe paramilitar, s\u00ed tuvieron relaci\u00f3n con su pasado criminal y el de CARLOS CASTAA\u00d1O, cuando eran recibidos de brazos abiertos por varios de los m\u00e1s importantes comunicadores del pa\u00eds.<\/p>\n<p>Una de ellas es la periodista espa\u00f1ola SALUD HERN\u00c1NDEZ, a quien las redes, que no perdonan, le recordaron un cruce de mensajes de correo electr\u00f3nico con CARLOS CASTA\u00d1O, en los que el sanguinario criminal, la trata con aprecio y en expresiones que denotan una cercan\u00eda m\u00e1s all\u00e1 del trato \u00a8Periodista-Fuente.<\/p>\n<p>En el texto del que es considerado un muy \u00abcari\u00f1oso\u00bb mensaje de CASTA\u00d1O a la periodista espa\u00f1ola, la saluda con afecto y le pide el favor de que le \u00absuavice\u00bb una de las preguntas que la reportera le hace en un cuestionario de una entrevista para el peri\u00f3dico con el que trabajaba en esa \u00e9poca. Y ella, accede, sin poner ning\u00fan tipo de reparo.<\/p>\n<p><img decoding=\"async\" class=\"alignnone size-medium wp-image-1253 lazyload\" data-src=\"https:\/\/www.chivasycronicas.com\/wp-content\/uploads\/2023\/05\/WhatsApp-Image-2023-05-24-at-11.57.05-AM-300x181.jpeg\" alt=\"\" width=\"300\" height=\"181\" src=\"data:image\/gif;base64,R0lGODlhAQABAAAAACH5BAEKAAEALAAAAAABAAEAAAICTAEAOw==\" style=\"--smush-placeholder-width: 300px; --smush-placeholder-aspect-ratio: 300\/181;\" \/><\/p>\n<h2>La \u00abGury\u00bb, la privilegiada de Casta\u00f1o<\/h2>\n<p><img decoding=\"async\" class=\"alignnone size-medium wp-image-1250 lazyload\" data-src=\"https:\/\/www.chivasycronicas.com\/wp-content\/uploads\/2023\/05\/WhatsApp-Image-2023-05-24-at-11.50.35-AM-1-281x300.jpeg\" alt=\"\" width=\"281\" height=\"300\" src=\"data:image\/gif;base64,R0lGODlhAQABAAAAACH5BAEKAAEALAAAAAABAAEAAAICTAEAOw==\" style=\"--smush-placeholder-width: 281px; --smush-placeholder-aspect-ratio: 281\/300;\" \/><\/p>\n<p>CLAUDIA GURISATTI, conocida en el medio con el alias de \u00abLa Gury\u00bb, fue una de las m\u00e1s salpicadas por MANCUSO, pues revel\u00f3 que la poderosa periodista y ex directora de RCN TV, manten\u00eda l\u00ednea directa con CARLOS CASTA\u00d1O, a quien, de paso sea dicho, le realiz\u00f3 un muy \u00abhumano\u00bb reportaje en el que el sanguinario delincuente apareci\u00f3 en c\u00e1mara vistiendo un muy adecuado su\u00e9ter de lana, justificando su sangrienta lucha contra la subversi\u00f3n. Un reportaje similar realiz\u00f3 el pol\u00e9mico exdirector de Caracol Radio, DAR\u00cdO ARIZMENDY, quien le abri\u00f3 los micr\u00f3fonos de su programa matutino al jefe paramilitar, para que hablara de su \u00abdrama personal y familiar\u00bb llegando incluso hasta las l\u00e1grimas, cuando, sentado sobre un caballo de paso fino, cont\u00f3 que su \u00faltima hija naci\u00f3 con una enfermedad sin remedio.<\/p>\n<p>De \u00abLa Gury\u00bb, MANCUSO se\u00f1al\u00f3 ante la JEP que hablaba constantemente con CARLOS CASTA\u00d1O, unas veces por tel\u00e9fono, otras v\u00eda coreo electr\u00f3nico. De hecho, a su llegada como directora de Noticias del Canal RCNTV, la periodista impuso una l\u00ednea editorial fuerte contra la izquierda y contra las FARC, obligando a sus periodistas a publicar informes que le mostraran al pa\u00eds la forma como esta guerrilla violaba el DIH. Al igual que VICKY D\u00c1VILA, tambi\u00e9n es evidente la simpat\u00eda de \u00abLa Gury\u00bb con el expresidente \u00c1LVARO URIBE, a quien varias veces le hizo extensas entrevistas en directo, en los noticieros que dirigi\u00f3.<\/p>\n<p>Las redes tambi\u00e9n recordaron que otros periodistas del mismo canal, de la misma l\u00ednea y postura ideol\u00f3gica de su patrona GURISATTI, igualmente manten\u00eda contacto estrecho y \u00abcari\u00f1oso\u00bb con el jefe paramilitar. Una de ellas, por ejemplo, se cruz\u00f3 mensajes rom\u00e1nticos y de tono espiritual con \u00e9l.<\/p>\n<h2>Otros salpicados<\/h2>\n<p>Sin dar nombres propios, MANCUSO salpic\u00f3 indirectamente a otros periodistas, al mencionar personajes y hechos delictivos relacionados con comunicadores. Por ejemplo, al hablar del crimen de JAIME GARZ\u00d3N, atribuido a una alianza del Estado con los delincuentes, dej\u00f3 en la mira al controvertido bloguero ERNESTO YAMHURE, quien ha sido rese\u00f1ado como \u00abel asesor personal\u00bb de CARLOS CASTA\u00d1O, como quiera que era la persona que le correg\u00eda sus columnas de opini\u00f3n que escrib\u00eda desde los campamentos de las AUC.<\/p>\n<p>De YAMHURE, considerado por algunos sectores como \u00abun siniestro personaje\u00bb, se ha mencionado, sin que haya sido judicializado, que, dada su cercan\u00eda con CASTA\u00d1O, guarda informaci\u00f3n relacionada con el crimen de JAIME GARZ\u00d3N, como quiera que el inmolado humorista fue perfilado como un aliado de la guerrilla, en alg\u00fan sector del periodismo y de generadores de opini\u00f3n.<\/p>\n<p>Como se recordar\u00e1, a YAMHURE lo despidieron fulminantemente del peri\u00f3dico \u00abEl Espectador\u00bb, luego de que las autoridades alertaran a los directivos del medio de comunicaci\u00f3n, de su cercan\u00eda con el jefe paramilitar, pues era considerado su confidente. All\u00ed, escrib\u00eda una columna de opini\u00f3n de corte derechista, muy similar a lo que hac\u00eda PACHO SANTOS en \u00abEl Tiempo\u00bb.<\/p>\n<p>MANCUSO tambi\u00e9n se\u00f1al\u00f3 al empresario WILLIAM V\u00c9LEZ, un poderoso hombre de negocios que es considerado el \u00abZar\u00bb de las basuras, pues es el contratista m\u00e1s exitoso en este sector. A V\u00c9LEZ lo han vinculado varias veces con los paramilitares, pues adem\u00e1s de MANCUSO, su nombre aparece en el llamado \u00abComputador de Jorge 40\u00bb. Este multimillonario empresario ser\u00eda el \u00abmes\u00edas\u00bb de varios connotados periodistas y jefes de medios. En internet aparecen fotos abrazado con directores de informativos, como por ejemplo DAR\u00cdO ARISMENDY.<\/p>\n<p><img decoding=\"async\" class=\"alignnone size-medium wp-image-1251 lazyload\" data-src=\"https:\/\/www.chivasycronicas.com\/wp-content\/uploads\/2023\/05\/WhatsApp-Image-2023-05-24-at-6.24.12-PM-300x228.jpeg\" alt=\"\" width=\"300\" height=\"228\" src=\"data:image\/gif;base64,R0lGODlhAQABAAAAACH5BAEKAAEALAAAAAABAAEAAAICTAEAOw==\" style=\"--smush-placeholder-width: 300px; --smush-placeholder-aspect-ratio: 300\/228;\" \/><\/p>\n<p>De hecho, entre las varias fotograf\u00edas que circularon en redes, aparece tambi\u00e9n abrazado, y sonriente, con el reemplazo como director de ARISMENDY en Caracol Radio, GUSTAVO G\u00d3MEZ, de quien adem\u00e1s, se dice en redes sociales, que asiste a las fiestas de cumplea\u00f1os del poderoso empresario, hoy vinculado con los paramilitares, seg\u00fan MANCUSO.<\/p>\n<p><img decoding=\"async\" class=\"alignnone size-medium wp-image-1252 lazyload\" data-src=\"https:\/\/www.chivasycronicas.com\/wp-content\/uploads\/2023\/05\/WhatsApp-Image-2023-05-24-at-6.24.13-PM-275x300.jpeg\" alt=\"\" width=\"275\" height=\"300\" src=\"data:image\/gif;base64,R0lGODlhAQABAAAAACH5BAEKAAEALAAAAAABAAEAAAICTAEAOw==\" style=\"--smush-placeholder-width: 275px; --smush-placeholder-aspect-ratio: 275\/300;\" \/><\/p>\n<p>Varias de los medios y periodistas se\u00f1alados por MANCUSO, hacen parte de empresas y poderosos grupos econ\u00f3micos que, seg\u00fan el jefe paramilitar, financiaban de varias formas el accionar criminal de las AUC, en algunos casos pagando dinero, como POSTOB\u00d3N y COCA COLA, y en otras con log\u00edstica y bebidas o transporte de hombres en sus carros de distribuci\u00f3n de productos.<\/p>\n<p>&nbsp;<\/p>\n<p>&nbsp;<\/p>\n<p>Una de las frases contundentes de MANCUSO, al referirse a las relaciones de los jefes de las AUC con los medios y sus directores, resumi\u00f3 la forma como, a trav\u00e9s de los medios, los grupos paramilitares intentaron permear la conciencia de muchos colombianos, que ve\u00edan en su actuar criminal, una forma \u00ablegal\u00bb de acabar con la subversi\u00f3n, sin importar que las v\u00edctimas de su atrocidades fueran, en su mayor\u00eda, civiles se\u00f1alados de ser guerrilleros.<\/p>\n<p>\u00abA los medios no hab\u00eda que buscarlos, ellos nos buscaban. Ellos replicaban el discurso paramilitar y de odio\u00bb<\/p>\n","protected":false},"excerpt":{"rendered":"<p>\u00abHubo influencia por parte de los medios de comunicaci\u00f3n. Ellos replicaban el discurso paramilitar y de odio\u00bb: MANCUSO ante la JEP, sobre el papel de los medios y periodistas en el conflicto y su sangriento accionar delictivo y criminal. SALVATORE MANCUSO, m\u00e1ximo jefe paramilitar vigente, salpic\u00f3 a varios conocidos y connotados periodistas, en\u00a0 sus tres [&hellip;]<\/p>\n","protected":false},"author":2,"featured_media":1246,"comment_status":"open","ping_status":"open","sticky":false,"template":"","format":"standard","meta":{"footnotes":""},"categories":[23],"tags":[1646,1433,1434,1647,840],"class_list":["post-1241","post","type-post","status-publish","format-standard","has-post-thumbnail","hentry","category-la-cronica","tag-claudia-gurisatti","tag-mancuso","tag-pacho-santos","tag-salud-hernandez","tag-vicky-davila"],"views":83,"_links":{"self":[{"href":"https:\/\/chivasycronicas.com\/index.php?rest_route=\/wp\/v2\/posts\/1241","targetHints":{"allow":["GET"]}}],"collection":[{"href":"https:\/\/chivasycronicas.com\/index.php?rest_route=\/wp\/v2\/posts"}],"about":[{"href":"https:\/\/chivasycronicas.com\/index.php?rest_route=\/wp\/v2\/types\/post"}],"author":[{"embeddable":true,"href":"https:\/\/chivasycronicas.com\/index.php?rest_route=\/wp\/v2\/users\/2"}],"replies":[{"embeddable":true,"href":"https:\/\/chivasycronicas.com\/index.php?rest_route=%2Fwp%2Fv2%2Fcomments&post=1241"}],"version-history":[{"count":0,"href":"https:\/\/chivasycronicas.com\/index.php?rest_route=\/wp\/v2\/posts\/1241\/revisions"}],"wp:featuredmedia":[{"embeddable":true,"href":"https:\/\/chivasycronicas.com\/index.php?rest_route=\/"}],"wp:attachment":[{"href":"https:\/\/chivasycronicas.com\/index.php?rest_route=%2Fwp%2Fv2%2Fmedia&parent=1241"}],"wp:term":[{"taxonomy":"category","embeddable":true,"href":"https:\/\/chivasycronicas.com\/index.php?rest_route=%2Fwp%2Fv2%2Fcategories&post=1241"},{"taxonomy":"post_tag","embeddable":true,"href":"https:\/\/chivasycronicas.com\/index.php?rest_route=%2Fwp%2Fv2%2Ftags&post=1241"}],"curies":[{"name":"wp","href":"https:\/\/api.w.org\/{rel}","templated":true}]}}