{"id":1269,"date":"2023-05-27T09:54:24","date_gmt":"2023-05-27T14:54:24","guid":{"rendered":"https:\/\/www.chivasycronicas.com\/?p=1269"},"modified":"2023-05-27T09:54:24","modified_gmt":"2023-05-27T14:54:24","slug":"controversia-por-nombramiento-de-experto-en-ciberdelitos-como-comisionado-de-derechos-humanos-en-el-salvador","status":"publish","type":"post","link":"https:\/\/chivasycronicas.com\/?p=1269","title":{"rendered":"Controversia por nombramiento de experto en ciberdelitos como comisionado de derechos humanos en El Salvador"},"content":{"rendered":"<p>El nombramiento de Andr\u00e9s Guzm\u00e1n, un abogado especializado en ciberdelitos en Colombia, como comisionado de Derechos Humanos y Libertad de Expresi\u00f3n en El Salvador ha generado controversia y cr\u00edticas por diversas razones.<\/p>\n<p>En primer lugar, Guzm\u00e1n carece de experiencia en temas de derechos humanos y conocimientos sobre la pol\u00edtica salvadore\u00f1a. Esta falta de experiencia plantea dudas sobre su capacidad para abordar y promover los derechos fundamentales en un pa\u00eds que enfrenta graves problemas de violaciones de derechos humanos, como torturas, arrestos arbitrarios y desapariciones forzadas en el marco de la lucha contra las pandillas.<\/p>\n<p>Adem\u00e1s, la trayectoria profesional de Guzm\u00e1n se ha centrado principalmente en asesor\u00edas sobre delitos cibern\u00e9ticos y ha estado vinculada a casos medi\u00e1ticos relacionados con la derecha colombiana. Esto plantea interrogantes sobre su imparcialidad y su capacidad para abordar de manera efectiva los derechos humanos y la libertad de expresi\u00f3n en un contexto pol\u00edtico y social complejo como el de El Salvador.<\/p>\n<p><img fetchpriority=\"high\" decoding=\"async\" class=\"alignnone size-medium wp-image-1270\" src=\"https:\/\/www.chivasycronicas.com\/wp-content\/uploads\/2023\/05\/Andres-Guzman-300x200.jpeg\" alt=\"\" width=\"300\" height=\"200\" \/><br \/>\nLa designaci\u00f3n de Guzm\u00e1n como comisionado de Derechos Humanos tambi\u00e9n ha sido interpretada como una estrategia del presidente Bukele para justificar y respaldar su pol\u00edtica criminal, basada en medidas excepcionales para enfrentar la violencia y el crimen organizado en el pa\u00eds. Bukele ha defendido su enfoque autoritario argumentando la necesidad de una \u00abguerra excepcional\u00bb, pero esta postura ha sido fuertemente cuestionada por organizaciones de derechos humanos y la comunidad internacional.<\/p>\n<p>La falta de transparencia en el proceso de selecci\u00f3n y la ausencia de consulta con organizaciones de derechos humanos y la sociedad civil tambi\u00e9n han generado cr\u00edticas hacia el gobierno de Bukele. El nombramiento de Guzm\u00e1n parece ser un reflejo de la falta de compromiso real con los derechos humanos y la libertad de expresi\u00f3n por parte de la administraci\u00f3n actual.<\/p>\n<p>En resumen, el nombramiento de Andr\u00e9s Guzm\u00e1n como comisionado de Derechos Humanos en El Salvador plantea serias dudas sobre su idoneidad y su capacidad para abordar de manera efectiva las violaciones de derechos humanos y promover la libertad de expresi\u00f3n. Su falta de experiencia y su vinculaci\u00f3n previa con casos relacionados con la derecha colombiana generan preocupaciones sobre su imparcialidad. Adem\u00e1s, su designaci\u00f3n parece ser utilizada como una estrategia para respaldar la pol\u00edtica criminal del presidente Bukele, lo que socava la independencia y la integridad de la comisi\u00f3n de derechos humanos en el pa\u00eds.<\/p>\n","protected":false},"excerpt":{"rendered":"<p>El nombramiento de Andr\u00e9s Guzm\u00e1n, un abogado especializado en ciberdelitos en Colombia, como comisionado de Derechos Humanos y Libertad de Expresi\u00f3n en El Salvador ha generado controversia y cr\u00edticas por diversas razones. En primer lugar, Guzm\u00e1n carece de experiencia en temas de derechos humanos y conocimientos sobre la pol\u00edtica salvadore\u00f1a. Esta falta de experiencia plantea [&hellip;]<\/p>\n","protected":false},"author":1,"featured_media":1271,"comment_status":"open","ping_status":"open","sticky":false,"template":"","format":"standard","meta":{"footnotes":""},"categories":[27],"tags":[60,1666,171,1667,320,644,618,619,1668,1669,1670,1002,660],"class_list":["post-1269","post","type-post","status-publish","format-standard","has-post-thumbnail","hentry","category-la-noticia","tag-abogado","tag-ciberdelitos","tag-colombiano","tag-comisionado","tag-controversia","tag-criticas","tag-derechos-humanos","tag-el-salvador","tag-experiencia","tag-experto","tag-nombramiento","tag-polemica","tag-transparencia"],"views":5,"_links":{"self":[{"href":"https:\/\/chivasycronicas.com\/index.php?rest_route=\/wp\/v2\/posts\/1269","targetHints":{"allow":["GET"]}}],"collection":[{"href":"https:\/\/chivasycronicas.com\/index.php?rest_route=\/wp\/v2\/posts"}],"about":[{"href":"https:\/\/chivasycronicas.com\/index.php?rest_route=\/wp\/v2\/types\/post"}],"author":[{"embeddable":true,"href":"https:\/\/chivasycronicas.com\/index.php?rest_route=\/wp\/v2\/users\/1"}],"replies":[{"embeddable":true,"href":"https:\/\/chivasycronicas.com\/index.php?rest_route=%2Fwp%2Fv2%2Fcomments&post=1269"}],"version-history":[{"count":0,"href":"https:\/\/chivasycronicas.com\/index.php?rest_route=\/wp\/v2\/posts\/1269\/revisions"}],"wp:featuredmedia":[{"embeddable":true,"href":"https:\/\/chivasycronicas.com\/index.php?rest_route=\/"}],"wp:attachment":[{"href":"https:\/\/chivasycronicas.com\/index.php?rest_route=%2Fwp%2Fv2%2Fmedia&parent=1269"}],"wp:term":[{"taxonomy":"category","embeddable":true,"href":"https:\/\/chivasycronicas.com\/index.php?rest_route=%2Fwp%2Fv2%2Fcategories&post=1269"},{"taxonomy":"post_tag","embeddable":true,"href":"https:\/\/chivasycronicas.com\/index.php?rest_route=%2Fwp%2Fv2%2Ftags&post=1269"}],"curies":[{"name":"wp","href":"https:\/\/api.w.org\/{rel}","templated":true}]}}