{"id":1286,"date":"2023-05-28T22:11:53","date_gmt":"2023-05-29T03:11:53","guid":{"rendered":"https:\/\/www.chivasycronicas.com\/?p=1286"},"modified":"2023-05-28T22:11:53","modified_gmt":"2023-05-29T03:11:53","slug":"violenta-confrontacion-politica-hijo-de-excandidato-rodolfo-hernandez-atacado-brutalmente-en-el-rostro","status":"publish","type":"post","link":"https:\/\/chivasycronicas.com\/?p=1286","title":{"rendered":"Violenta confrontaci\u00f3n pol\u00edtica: Hijo de excandidato Rodolfo Hern\u00e1ndez atacado brutalmente  en el rostro"},"content":{"rendered":"<p>El tweet menciona que uno de los hijos del excandidato Rodolfo Hern\u00e1ndez fue agredido f\u00edsica y verbalmente. Seg\u00fan el tweet, esto se habr\u00eda debido a la supuesta venta del pa\u00eds a la izquierda por parte de Rodolfo Hern\u00e1ndez. Adem\u00e1s, menciona que los internautas identificaron al agresor como un supuesto uribista de Bucaramanga, lugar donde ocurri\u00f3 el incidente.<\/p>\n<p>Bas\u00e1ndonos en esta informaci\u00f3n, podemos decir que el incidente fue una agresi\u00f3n f\u00edsica y verbal dirigida a un miembro de la familia de Rodolfo Hern\u00e1ndez. La motivaci\u00f3n aparente de la agresi\u00f3n fue la supuesta venta del pa\u00eds a la izquierda, atribuida al excandidato. El tweet tambi\u00e9n menciona la presunci\u00f3n de que el agresor es un uribista, lo que sugiere una posible relaci\u00f3n pol\u00edtica entre las partes involucradas.<\/p>\n<p>Sin embargo, ten en cuenta que este an\u00e1lisis se basa \u00fanicamente en la informaci\u00f3n proporcionada en el tweet y no tengo acceso a los detalles completos del incidente ni a su contexto m\u00e1s amplio. Para obtener una comprensi\u00f3n m\u00e1s precisa y completa de lo sucedido, es recomendable buscar informaci\u00f3n adicional de fuentes confiables y verificadas.<\/p>\n<blockquote class=\"twitter-tweet\">\n<p lang=\"es\" dir=\"ltr\">ATENCI\u00d3N, Agredido f\u00edsica y verbalmente uno de los hijos del excndidato Rodolfo Hern\u00e1ndez, &quot;por haberle veendido el pa\u00eds a la izquierda&quot;. Seg\u00fan internautas, el agresor fue un supuesto uribista de Bucaramanga, donde ocurri\u00f3 el hecho. <a href=\"https:\/\/t.co\/Ib8ar5uyen\">pic.twitter.com\/Ib8ar5uyen<\/a><\/p>\n<p>&mdash; ChivasYCr\u00f3nicas (@ChivasYCronicas) <a href=\"https:\/\/twitter.com\/ChivasYCronicas\/status\/1662892653036306433?ref_src=twsrc%5Etfw\">May 28, 2023<\/a><\/p><\/blockquote>\n<p> <script async src=\"https:\/\/platform.twitter.com\/widgets.js\" charset=\"utf-8\"><\/script><\/p>\n","protected":false},"excerpt":{"rendered":"<p>El tweet menciona que uno de los hijos del excandidato Rodolfo Hern\u00e1ndez fue agredido f\u00edsica y verbalmente. Seg\u00fan el tweet, esto se habr\u00eda debido a la supuesta venta del pa\u00eds a la izquierda por parte de Rodolfo Hern\u00e1ndez. Adem\u00e1s, menciona que los internautas identificaron al agresor como un supuesto uribista de Bucaramanga, lugar donde ocurri\u00f3 [&hellip;]<\/p>\n","protected":false},"author":1,"featured_media":1287,"comment_status":"open","ping_status":"open","sticky":false,"template":"","format":"standard","meta":{"footnotes":""},"categories":[27],"tags":[],"class_list":["post-1286","post","type-post","status-publish","format-standard","has-post-thumbnail","hentry","category-la-noticia"],"views":5,"_links":{"self":[{"href":"https:\/\/chivasycronicas.com\/index.php?rest_route=\/wp\/v2\/posts\/1286","targetHints":{"allow":["GET"]}}],"collection":[{"href":"https:\/\/chivasycronicas.com\/index.php?rest_route=\/wp\/v2\/posts"}],"about":[{"href":"https:\/\/chivasycronicas.com\/index.php?rest_route=\/wp\/v2\/types\/post"}],"author":[{"embeddable":true,"href":"https:\/\/chivasycronicas.com\/index.php?rest_route=\/wp\/v2\/users\/1"}],"replies":[{"embeddable":true,"href":"https:\/\/chivasycronicas.com\/index.php?rest_route=%2Fwp%2Fv2%2Fcomments&post=1286"}],"version-history":[{"count":0,"href":"https:\/\/chivasycronicas.com\/index.php?rest_route=\/wp\/v2\/posts\/1286\/revisions"}],"wp:featuredmedia":[{"embeddable":true,"href":"https:\/\/chivasycronicas.com\/index.php?rest_route=\/"}],"wp:attachment":[{"href":"https:\/\/chivasycronicas.com\/index.php?rest_route=%2Fwp%2Fv2%2Fmedia&parent=1286"}],"wp:term":[{"taxonomy":"category","embeddable":true,"href":"https:\/\/chivasycronicas.com\/index.php?rest_route=%2Fwp%2Fv2%2Fcategories&post=1286"},{"taxonomy":"post_tag","embeddable":true,"href":"https:\/\/chivasycronicas.com\/index.php?rest_route=%2Fwp%2Fv2%2Ftags&post=1286"}],"curies":[{"name":"wp","href":"https:\/\/api.w.org\/{rel}","templated":true}]}}