{"id":1299,"date":"2023-05-29T12:30:08","date_gmt":"2023-05-29T17:30:08","guid":{"rendered":"https:\/\/www.chivasycronicas.com\/?p=1299"},"modified":"2023-05-29T12:30:08","modified_gmt":"2023-05-29T17:30:08","slug":"andres-pastrana-acusa-a-ivan-cepeda-de-injuria-y-calumnia-en-denuncia-penal","status":"publish","type":"post","link":"https:\/\/chivasycronicas.com\/?p=1299","title":{"rendered":"Andr\u00e9s Pastrana acusa a Iv\u00e1n Cepeda de injuria y calumnia en denuncia penal"},"content":{"rendered":"<p>Una acusaci\u00f3n legal ha sacudido el panorama pol\u00edtico colombiano, esta vez con Andr\u00e9s Pastrana denunciando penalmente al senador Iv\u00e1n Cepeda por injuria y calumnia. La querella fue presentada ante la Corte Suprema de Justicia y surge como respuesta a las acusaciones vertidas por Cepeda en contra del expresidente.<\/p>\n<p>La pol\u00e9mica se desat\u00f3 cuando el legislador del Pacto Hist\u00f3rico insinu\u00f3 que grupos paramilitares habr\u00edan respaldado y financiado la campa\u00f1a presidencial de Pastrana. La denuncia, realizada a trav\u00e9s del abogado Juli\u00e1n Quintana en nombre del expresidente, busca que Cepeda responda por los supuestos delitos de injuria y calumnia.<\/p>\n<p>Pastrana no ha tardado en reaccionar y, a trav\u00e9s de un trino en sus redes sociales, anunci\u00f3 la presentaci\u00f3n de la querella. Acompa\u00f1ando su mensaje con una copia de la denuncia, el expresidente muestra su determinaci\u00f3n por llevar el caso ante la justicia.<\/p>\n<p>Seg\u00fan Quintana, las afirmaciones de Cepeda son falsas y mentirosas. El abogado sostiene que durante el gobierno de Andr\u00e9s Pastrana se dise\u00f1aron estrategias para combatir a los grupos ilegales, por lo que las acusaciones del senador carecen de fundamento. Adem\u00e1s, el expresidente tambi\u00e9n ha presentado una denuncia penal contra el exjefe de las autodefensas, Salvatore Mancuso, quien afirm\u00f3 ante la Jurisdicci\u00f3n Especial para la Paz que los grupos paramilitares habr\u00edan apoyado tanto la campa\u00f1a de Pastrana como la del expresidente \u00c1lvaro Uribe V\u00e9lez.<\/p>\n<p>La situaci\u00f3n se vuelve cada vez m\u00e1s tensa en el escenario pol\u00edtico colombiano, con acusaciones y contraacusaciones que afectan la reputaci\u00f3n de los involucrados. Pastrana exige pruebas contundentes a Mancuso y afirma que, de no presentarlas, el exjefe paramilitar perder\u00e1 los beneficios otorgados por la justicia especial.<\/p>\n<p>Esta denuncia penal plantea interrogantes sobre la veracidad de las acusaciones y sobre la responsabilidad de los pol\u00edticos en la difusi\u00f3n de informaci\u00f3n comprometedora. La confrontaci\u00f3n legal entre Pastrana y Cepeda pone de manifiesto la necesidad de un an\u00e1lisis cr\u00edtico y objetivo de las acusaciones vertidas en el \u00e1mbito pol\u00edtico, as\u00ed como de una investigaci\u00f3n a fondo para esclarecer los hechos y determinar la verdad. El resultado de este proceso judicial tendr\u00e1 implicaciones significativas tanto para los involucrados como para la percepci\u00f3n p\u00fablica sobre la integridad de la clase pol\u00edtica colombiana.<\/p>\n","protected":false},"excerpt":{"rendered":"<p>Una acusaci\u00f3n legal ha sacudido el panorama pol\u00edtico colombiano, esta vez con Andr\u00e9s Pastrana denunciando penalmente al senador Iv\u00e1n Cepeda por injuria y calumnia. La querella fue presentada ante la Corte Suprema de Justicia y surge como respuesta a las acusaciones vertidas por Cepeda en contra del expresidente. La pol\u00e9mica se desat\u00f3 cuando el legislador [&hellip;]<\/p>\n","protected":false},"author":1,"featured_media":1300,"comment_status":"open","ping_status":"open","sticky":false,"template":"","format":"standard","meta":{"footnotes":""},"categories":[27],"tags":[60,1703,1704,1705,1706,1707,1708,1207,1709,1710,108,1711,1712,1713,1714,1715,364,1716,1717,1718,842,1719,1720,1721,1722,1723,1724,1725,1726,1727,352],"class_list":["post-1299","post","type-post","status-publish","format-standard","has-post-thumbnail","hentry","category-la-noticia","tag-abogado","tag-acusaciones","tag-alvaro-uribe-velez","tag-andres-pastrana","tag-autodefensas","tag-batalla-legal","tag-calumnia","tag-campana-presidencial","tag-combate","tag-confrontacion","tag-corte-suprema","tag-denuncia-penal","tag-difamacion","tag-escandalo","tag-estrategias","tag-exjefe","tag-gobierno","tag-grupos-paramilitares","tag-injuria","tag-ivan-cepeda","tag-jep","tag-julian-quintana","tag-justicia-especial","tag-mentirosas","tag-narco-terrorismo","tag-panorama-politico","tag-politica","tag-querella","tag-salvatore-mancuso","tag-senalamientos","tag-tension"],"views":7,"_links":{"self":[{"href":"https:\/\/chivasycronicas.com\/index.php?rest_route=\/wp\/v2\/posts\/1299","targetHints":{"allow":["GET"]}}],"collection":[{"href":"https:\/\/chivasycronicas.com\/index.php?rest_route=\/wp\/v2\/posts"}],"about":[{"href":"https:\/\/chivasycronicas.com\/index.php?rest_route=\/wp\/v2\/types\/post"}],"author":[{"embeddable":true,"href":"https:\/\/chivasycronicas.com\/index.php?rest_route=\/wp\/v2\/users\/1"}],"replies":[{"embeddable":true,"href":"https:\/\/chivasycronicas.com\/index.php?rest_route=%2Fwp%2Fv2%2Fcomments&post=1299"}],"version-history":[{"count":0,"href":"https:\/\/chivasycronicas.com\/index.php?rest_route=\/wp\/v2\/posts\/1299\/revisions"}],"wp:featuredmedia":[{"embeddable":true,"href":"https:\/\/chivasycronicas.com\/index.php?rest_route=\/"}],"wp:attachment":[{"href":"https:\/\/chivasycronicas.com\/index.php?rest_route=%2Fwp%2Fv2%2Fmedia&parent=1299"}],"wp:term":[{"taxonomy":"category","embeddable":true,"href":"https:\/\/chivasycronicas.com\/index.php?rest_route=%2Fwp%2Fv2%2Fcategories&post=1299"},{"taxonomy":"post_tag","embeddable":true,"href":"https:\/\/chivasycronicas.com\/index.php?rest_route=%2Fwp%2Fv2%2Ftags&post=1299"}],"curies":[{"name":"wp","href":"https:\/\/api.w.org\/{rel}","templated":true}]}}