{"id":1303,"date":"2023-05-31T13:07:07","date_gmt":"2023-05-31T18:07:07","guid":{"rendered":"https:\/\/www.chivasycronicas.com\/?p=1303"},"modified":"2023-05-31T13:07:07","modified_gmt":"2023-05-31T18:07:07","slug":"parlamentarios-brasilenos-repudian-la-presencia-de-nicolas-maduro-en-la-camara-de-diputados-de-brasil","status":"publish","type":"post","link":"https:\/\/chivasycronicas.com\/?p=1303","title":{"rendered":"Parlamentarios brasile\u00f1os repudian la presencia de Nicol\u00e1s Maduro en la C\u00e1mara de Diputados de Brasil"},"content":{"rendered":"<p>En un pol\u00e9mico y tenso episodio en la C\u00e1mara de Diputados de Brasil, parlamentarios brasile\u00f1os expresaron su en\u00e9rgico rechazo a la presencia de Nicol\u00e1s Maduro, expresidente de Venezuela, en el pa\u00eds. Durante la sesi\u00f3n, un grupo de legisladores manifest\u00f3 su repudio hacia Maduro con gritos de \u00abasesino, asesino, asesino\u00bb, generando una atm\u00f3sfera cargada de tensi\u00f3n y controversia.<\/p>\n<blockquote class=\"twitter-tweet\">\n<p lang=\"es\" dir=\"ltr\">\ud83c\udde7\ud83c\uddf7\ud83c\uddfb\ud83c\uddea | <a href=\"https:\/\/twitter.com\/hashtag\/ULTIMAHORA?src=hash&amp;ref_src=twsrc%5Etfw\">#ULTIMAHORA<\/a> &quot;Asesino, asesino, asesino&quot;, gritan parlamentarios en la C\u00e1mara de Diputados de Brasil en repudio a la presencia de Nicol\u00e1s Maduro en ese pa\u00eds. <a href=\"https:\/\/t.co\/AX9LgqF1jo\">pic.twitter.com\/AX9LgqF1jo<\/a><\/p>\n<p>&mdash; Radio World (@turadioworld) <a href=\"https:\/\/twitter.com\/turadioworld\/status\/1663756212217733120?ref_src=twsrc%5Etfw\">May 31, 2023<\/a><\/p><\/blockquote>\n<p> <script async src=\"https:\/\/platform.twitter.com\/widgets.js\" charset=\"utf-8\"><\/script><\/p>\n<p>El incidente tuvo lugar en un momento en el que las relaciones diplom\u00e1ticas entre Brasil y Venezuela atraviesan un per\u00edodo de tensiones. Desde que Jair Bolsonaro asumi\u00f3 la presidencia de Brasil, ha mantenido una postura cr\u00edtica y confrontacional hacia el gobierno de Maduro, aline\u00e1ndose con la oposici\u00f3n venezolana y apoyando activamente al l\u00edder opositor Juan Guaid\u00f3.<\/p>\n<p><img fetchpriority=\"high\" decoding=\"async\" src=\"https:\/\/www.chivasycronicas.com\/wp-content\/uploads\/2023\/05\/Maduro-congreso-senado-brasil-300x200.jpg\" alt=\"\" width=\"300\" height=\"200\" class=\"alignnone size-medium wp-image-1305\" \/><br \/>\nLa presencia de Nicol\u00e1s Maduro en la C\u00e1mara de Diputados de Brasil fue motivo de una fuerte reacci\u00f3n por parte de algunos legisladores brasile\u00f1os, quienes consideran a Maduro responsable de una serie de violaciones a los derechos humanos y de la crisis econ\u00f3mica y pol\u00edtica que vive Venezuela en la actualidad.<\/p>\n<p>El incidente expuso las profundas diferencias pol\u00edticas entre Brasil y Venezuela, as\u00ed como la divisi\u00f3n dentro de la propia C\u00e1mara de Diputados brasile\u00f1a. Mientras algunos parlamentarios respaldan la postura del presidente Bolsonaro y consideran a Maduro como un dictador, otros critican la confrontaci\u00f3n y abogan por una soluci\u00f3n diplom\u00e1tica para la crisis en Venezuela.<\/p>\n<p>Es importante destacar que el incidente en la C\u00e1mara de Diputados refleja la intensidad del clima pol\u00edtico en la regi\u00f3n y la polarizaci\u00f3n que rodea a la situaci\u00f3n en Venezuela. Los pa\u00edses vecinos contin\u00faan enfrentando desaf\u00edos en cuanto a la migraci\u00f3n masiva de venezolanos, la escasez de alimentos y medicinas, as\u00ed como la erosi\u00f3n de la democracia y el respeto a los derechos humanos en el pa\u00eds sudamericano.<\/p>\n<p>Mientras tanto, la comunidad internacional sigue buscando soluciones pac\u00edficas y diplom\u00e1ticas para abordar la crisis venezolana. El episodio en la C\u00e1mara de Diputados de Brasil subraya la urgencia de encontrar v\u00edas de di\u00e1logo y entendimiento en lugar de profundizar las divisiones y la ret\u00f3rica confrontacional.<\/p>\n<p>Aunque la tensi\u00f3n en la C\u00e1mara de Diputados de Brasil fue evidente durante la protesta verbal contra la presencia de Nicol\u00e1s Maduro, el incidente tambi\u00e9n resalta la importancia del respeto mutuo y el debate constructivo en los espacios legislativos. El di\u00e1logo pol\u00edtico y la b\u00fasqueda de soluciones pac\u00edficas siguen siendo cruciales para abordar los desaf\u00edos que enfrentan tanto Brasil como Venezuela en la actualidad.<\/p>\n<p>A medida que la situaci\u00f3n en Venezuela sigue evolucionando, es fundamental que los l\u00edderes y representantes pol\u00edticos mantengan un enfoque constructivo y busquen soluciones que promuevan la estabilidad y el bienestar de ambas naciones. Solo a trav\u00e9s del di\u00e1logo y la colaboraci\u00f3n se podr\u00e1n encontrar soluciones duraderas a los desaf\u00edos que enfrenta la regi\u00f3n latinoamericana.<\/p>\n","protected":false},"excerpt":{"rendered":"<p>En un pol\u00e9mico y tenso episodio en la C\u00e1mara de Diputados de Brasil, parlamentarios brasile\u00f1os expresaron su en\u00e9rgico rechazo a la presencia de Nicol\u00e1s Maduro, expresidente de Venezuela, en el pa\u00eds. Durante la sesi\u00f3n, un grupo de legisladores manifest\u00f3 su repudio hacia Maduro con gritos de \u00abasesino, asesino, asesino\u00bb, generando una atm\u00f3sfera cargada de tensi\u00f3n [&hellip;]<\/p>\n","protected":false},"author":1,"featured_media":1304,"comment_status":"open","ping_status":"open","sticky":false,"template":"","format":"standard","meta":{"footnotes":""},"categories":[27],"tags":[1728,169,1339,1729,1730,318,1710,1472,1731,1732,1692,1733,1734,1735,1736,1737,1738,1739,1740,132,1741,1742,1743,1744,1745,495,1746,1747,1748,1749,1750,1751,1752,1753,1754,1755,1756,1757,1758,1759,1760,1761,1762,1763,1764,1765,1766,1767],"class_list":["post-1303","post","type-post","status-publish","format-standard","has-post-thumbnail","hentry","category-la-noticia","tag-asesino","tag-bienestar","tag-busqueda-de-soluciones","tag-camara-de-diputados-de-brasil","tag-clima-politico","tag-comunidad-internacional","tag-confrontacion","tag-crisis-economica","tag-crisis-politica","tag-debate-constructivo","tag-desafios","tag-dialogo-politico","tag-division","tag-energico-rechazo","tag-enfoque-constructivo","tag-erosion-de-la-democracia","tag-escasez-de-alimentos","tag-escasez-de-medicinas","tag-espacios-legislativos","tag-estabilidad","tag-evolucion-de-la-situacion","tag-gobierno-de-maduro","tag-gritan","tag-jair-bolsonaro","tag-juan-guaido","tag-lideres","tag-migracion-masiva","tag-nicolas-maduro","tag-oposicion-venezolana","tag-parlamentarios-brasilenos","tag-polarizacion","tag-polemico","tag-presencia","tag-profundizar-divisiones","tag-protesta-verbal","tag-region-latinoamericana","tag-relaciones-diplomaticas","tag-representantes-politicos","tag-repudian","tag-respeto-a-los-derechos-humanos","tag-respeto-mutuo","tag-retorica-confrontacional","tag-solucion-diplomatica","tag-soluciones-diplomaticas","tag-soluciones-pacificas","tag-tenso-episodio","tag-vias-de-dialogo","tag-violaciones-a-los-derechos-humanos"],"views":6,"_links":{"self":[{"href":"https:\/\/chivasycronicas.com\/index.php?rest_route=\/wp\/v2\/posts\/1303","targetHints":{"allow":["GET"]}}],"collection":[{"href":"https:\/\/chivasycronicas.com\/index.php?rest_route=\/wp\/v2\/posts"}],"about":[{"href":"https:\/\/chivasycronicas.com\/index.php?rest_route=\/wp\/v2\/types\/post"}],"author":[{"embeddable":true,"href":"https:\/\/chivasycronicas.com\/index.php?rest_route=\/wp\/v2\/users\/1"}],"replies":[{"embeddable":true,"href":"https:\/\/chivasycronicas.com\/index.php?rest_route=%2Fwp%2Fv2%2Fcomments&post=1303"}],"version-history":[{"count":0,"href":"https:\/\/chivasycronicas.com\/index.php?rest_route=\/wp\/v2\/posts\/1303\/revisions"}],"wp:featuredmedia":[{"embeddable":true,"href":"https:\/\/chivasycronicas.com\/index.php?rest_route=\/"}],"wp:attachment":[{"href":"https:\/\/chivasycronicas.com\/index.php?rest_route=%2Fwp%2Fv2%2Fmedia&parent=1303"}],"wp:term":[{"taxonomy":"category","embeddable":true,"href":"https:\/\/chivasycronicas.com\/index.php?rest_route=%2Fwp%2Fv2%2Fcategories&post=1303"},{"taxonomy":"post_tag","embeddable":true,"href":"https:\/\/chivasycronicas.com\/index.php?rest_route=%2Fwp%2Fv2%2Ftags&post=1303"}],"curies":[{"name":"wp","href":"https:\/\/api.w.org\/{rel}","templated":true}]}}