{"id":1374,"date":"2023-06-14T22:38:17","date_gmt":"2023-06-15T03:38:17","guid":{"rendered":"https:\/\/www.chivasycronicas.com\/?p=1374"},"modified":"2023-06-14T22:38:17","modified_gmt":"2023-06-15T03:38:17","slug":"directores-y-duenos-de-medios-periodistas-y-empresarios-salpicados-por-mancuso-entre-los-asistentes-al-matrimonio-de-hija-de-vargas-lleras-de-medi","status":"publish","type":"post","link":"https:\/\/chivasycronicas.com\/?p=1374","title":{"rendered":"DIRECTORES Y DUE\u00d1OS de medios, periodistas y empresarios salpicados por Mancuso, entre los asistentes al matrimonio de hija de VARGAS LLERAS."},"content":{"rendered":"<p>CUATROCIENTOS INVITADOS, c\u00f3modamente sentados, presenciaron la anunciada boda de CLEMENCIA VARGAS con el empresario JULI\u00c1N MEJ\u00cdA CALDER\u00d3N. Ella, hija del exvicepresidente GERM\u00c1N VARGAS LLERAS, y \u00e9l, \u00a0uno de los herederos del emporio \u00abEl Corral\u00bb.<\/p>\n<p>Mucha de la arribista sociedad bogotana y nacional hubiera dado lo que fuera por estar presente, pero solo 400 fueron los elegidos, pues semejante uni\u00f3n de apellidos de alcurnia social y empresarial hizo que la lista de invitados se limitara a los m\u00e1s amigos, aliados pol\u00edticos y empresariales, y representantes de la llamada \u00abGran Prensa\u00bb, es decir los medios de comunicaci\u00f3n tradicionales, que pertenecen a los grupos econ\u00f3micos m\u00e1s poderosos del pa\u00eds.<\/p>\n<p><img fetchpriority=\"high\" decoding=\"async\" class=\"alignnone size-medium wp-image-1377\" src=\"https:\/\/www.chivasycronicas.com\/wp-content\/uploads\/2023\/06\/WhatsApp-Image-2023-06-14-at-8.30.20-PM-200x300.jpeg\" alt=\"\" width=\"200\" height=\"300\" \/><\/p>\n<p><em>Fueron 400 los invitados<\/em><\/p>\n<p>Y, por supuesto, no pod\u00edan faltar los directores de medios y noticieros, que dejaron de lado su tan cacareada \u00abindependencia noticiosa\u00bb, para colarse entre los \u00abelegidos\u00bb, haciendo cola para besar a la novia y estrecharle la mano al ex vicepresidente, hoy por hoy uno de los m\u00e1s feroces opositores del gobierno Petro, enemigo de sus reformas pensional, laboral y, concretamente, de Salud, sector en el que tienen intereses \u00e9l y su hermano ENRIQUE, quien, obvio, tambi\u00e9n estuvo en primera fila de la ceremonia.<\/p>\n<p>Haciendo calle de honor aparecieron rostros familiares del periodismo como GUSTAVO G\u00d3MEZ, director de Noticias de \u00abCaracol Radio\u00bb y varios de sus colaboradores, as\u00ed como el pol\u00e9mico N\u00c9STOR MORALES, director de Noticias de la emisora \u00abBlu Radio, presentadoras de televisi\u00f3n y una que otra \u00abcolumnista\u00bb de opini\u00f3n, todos ellos, al igual que el anfitri\u00f3n VARGAS, declarados opositores de las reformas de PETRO, porque afectan sus intereses econ\u00f3micos y los de sus patrones como LUIS CARLOS SARMIENTO ANGULO y LOS SANTODOMINGO.<\/p>\n<p><img decoding=\"async\" class=\"alignnone size-medium wp-image-1252 lazyload\" data-src=\"https:\/\/www.chivasycronicas.com\/wp-content\/uploads\/2023\/05\/WhatsApp-Image-2023-05-24-at-6.24.13-PM-275x300.jpeg\" alt=\"\" width=\"275\" height=\"300\" src=\"data:image\/gif;base64,R0lGODlhAQABAAAAACH5BAEKAAEALAAAAAABAAEAAAICTAEAOw==\" style=\"--smush-placeholder-width: 275px; --smush-placeholder-aspect-ratio: 275\/300;\" \/><\/p>\n<h2>Doble moral?<\/h2>\n<p>Lo que llama la atenci\u00f3n de la presencia de estos comunicadores es que, mientras por un lado pregonan al aire la \u00e9tica y la independencia, y se autoproclaman como \u00abObjetivos\u00bb, exigiendo \u00e9tica e independencia a sus periodistas \u00abCarga ladrillos\u00bb, por el otro lado lleven una vida social y amigable con \u00absus fuentes\u00bb, m\u00e1s a\u00fan cuando se trata de personajes salpicados en esc\u00e1ndalos judiciales y legales, cuestionados e, incluso, investigados penal y disciplinariamente.<\/p>\n<p>&nbsp;<\/p>\n<p>&nbsp;<\/p>\n<p>Varios de los periodistas invitados son los mismos que en las ma\u00f1anas, abren sus micr\u00f3fonos a esas \u00abfuentes amigas\u00bb para que lancen fuertes cr\u00edticas contra el gobierno PETRO y tiren l\u00ednea editorial en contra de sus reformas y llamen a que la sociedad las rechace y las desobedezca. Caso concreto de GERM\u00c1N VARGAS LLERAS, quien tiene un espacio de opini\u00f3n en el programa \u00abHoy por Hoy\u00bb de Caracol Radio, que, justamente, dirige su amigo GUSTAVO G\u00d3MEZ.<\/p>\n<p><img decoding=\"async\" class=\"alignnone size-medium wp-image-1378 lazyload\" data-src=\"https:\/\/www.chivasycronicas.com\/wp-content\/uploads\/2023\/06\/WhatsApp-Image-2023-06-14-at-8.30.20-PM-1-204x300.jpeg\" alt=\"\" width=\"204\" height=\"300\" src=\"data:image\/gif;base64,R0lGODlhAQABAAAAACH5BAEKAAEALAAAAAABAAEAAAICTAEAOw==\" style=\"--smush-placeholder-width: 204px; --smush-placeholder-aspect-ratio: 204\/300;\" \/><\/p>\n<p><em>Vargas Lleras trabaja en Caracol Radio<\/em><\/p>\n<p>Igual acontece con N\u00c9STOR MORALES, cu\u00f1ado del expresidente IV\u00c1N DUQUE. El llamado \u00abEx primer cu\u00f1ado de la Naci\u00f3n\u00bb, pone sus micr\u00f3fonos al servicio de la Oposici\u00f3n, adem\u00e1s de estar rodeado de panelistas con intereses en las contrareformas, como la locutora PAOLA OCHOA, esposa de un ex director de la DIAN, y el ex asesor de imagen FLIPE ZULETA LLERAS, primo del anfitri\u00f3n del matrimonio y, seg\u00fan denuncias en redes,\u00a0 ex colaborador del Grupo Nule, pues se asegura que se movilizaba en Bogot\u00e1 en una camioneta blindada, que le cedi\u00f3 GUIDO NULE , cerebro del \u00abCarrusel de Contratos\u00bb que desangr\u00f3 las arcas de la capital.<\/p>\n<p><img decoding=\"async\" class=\"alignnone size-medium wp-image-1379 lazyload\" data-src=\"https:\/\/www.chivasycronicas.com\/wp-content\/uploads\/2023\/06\/WhatsApp-Image-2023-06-14-at-10.25.12-PM-300x199.jpeg\" alt=\"\" width=\"300\" height=\"199\" src=\"data:image\/gif;base64,R0lGODlhAQABAAAAACH5BAEKAAEALAAAAAABAAEAAAICTAEAOw==\" style=\"--smush-placeholder-width: 300px; --smush-placeholder-aspect-ratio: 300\/199;\" \/><\/p>\n<p><em>N\u00e9stor Morales, Vargas LLeras y los R\u00edos Velilla<\/em><\/p>\n<h2>Y los \u00abcargaladrillos\u00bb?<\/h2>\n<p>Hace unos meses, varios reporteros corresponsales de noticieros, peri\u00f3dicos y emisoras en Medell\u00edn, fueron \u00abfulminantemente destituidos\u00bb por sus jefes en Bogot\u00e1, porque asistieron a un evento de lanzamiento de la campa\u00f1a del controvertido parlamentario JULI\u00c1N BEDOYA, quien a cada uno de los invitados le regal\u00f3 una caja sellada que, en varios casos, conten\u00edan radios, grabadoras y t\u00e1blets.<\/p>\n<p>Los despidieron sin oportunidad de defensa, dizque porque \u00abse saltaron la l\u00ednea \u00e9tica\u00bb, al asistir al evento y recibir el regalo. Adem\u00e1s, los dilapidaron p\u00fablicamente. Directores de medios nacionales como el locutor uribista LUIS CARLOS V\u00c9LEZ, de la FM de RCN, public\u00f3 sus nombres en sus redes sociales, se\u00f1al\u00e1ndolos de corruptos.<\/p>\n<p><img decoding=\"async\" class=\"alignnone size-medium wp-image-1380 lazyload\" data-src=\"https:\/\/www.chivasycronicas.com\/wp-content\/uploads\/2023\/06\/WhatsApp-Image-2023-06-14-at-10.28.21-PM-300x213.jpeg\" alt=\"\" width=\"300\" height=\"213\" src=\"data:image\/gif;base64,R0lGODlhAQABAAAAACH5BAEKAAEALAAAAAABAAEAAAICTAEAOw==\" style=\"--smush-placeholder-width: 300px; --smush-placeholder-aspect-ratio: 300\/213;\" \/><\/p>\n<p><em>Luis Carlos V\u00e9lez hace parte del Clan de los Char<\/em><\/p>\n<p>Hoy, esos mimos \u00abjefes\u00bb, asisten al matrimonio de la hija\u00a0 de un poderoso personaje del pa\u00eds y, en su calidad de invitados de honor, consumen bebidas como vinos y wiskies de exportaci\u00f3n, y platos de m\u00e1s de 500 mil pesos cada uno, sin que eso les parezca anti\u00e9tico y, menos, considerado como juna forma de \u00abcomprar\u00bb sus conciencias period\u00edsticas.<\/p>\n<h2>Otros invitados<\/h2>\n<p>Adem\u00e1s de los periodistas, tambi\u00e9n asistieron personajes muy mentados de la pol\u00edtica y del empresariado, entre ellos el recientemente salpicado en los testimonios de SALVATORE MANCUSO, el controvertido e investigado contratista estatal WILLIAM V\u00c9LEZ, a quien\u00a0 el jefe paramilitar se\u00f1al\u00f3 de ser uno de sus aliados financieros en sus campa\u00f1as criminales contra la izquierda y la guerrilla.<\/p>\n<p><img decoding=\"async\" class=\"alignnone size-medium wp-image-1381 lazyload\" data-src=\"https:\/\/www.chivasycronicas.com\/wp-content\/uploads\/2023\/06\/WhatsApp-Image-2023-06-14-at-10.36.04-PM-300x292.jpeg\" alt=\"\" width=\"300\" height=\"292\" src=\"data:image\/gif;base64,R0lGODlhAQABAAAAACH5BAEKAAEALAAAAAABAAEAAAICTAEAOw==\" style=\"--smush-placeholder-width: 300px; --smush-placeholder-aspect-ratio: 300\/292;\" \/><\/p>\n<p><em>El d\u00eda que Mancuso delat\u00f3 a William V\u00e9lez<\/em><\/p>\n<p>V\u00c9LEZ, quien ya ha sido mencionado por otros capos del paramilitarismo, es amigo personal del periodista\u00a0 GUSTAVO G\u00d3MEZ, con quien ya se le ha visto en varias oportunidades en cocteles y reuniones nocturnas, en matrimonios y cumplea\u00f1os de la alta sociedad.<\/p>\n<p>La fuente que le revel\u00f3 a este portal estos nombres, tambi\u00e9n mencion\u00f3 al expresidente IV\u00c1N DUQUE\u00a0 y su esposa, a los abogados JAIME LOMBANA y ALFONSO G\u00d3MEZ, el ex ministro GABRIEL SILVA, el senador DAVID LUNA, el topoderoso de \u00abPacific Rubiales\u00bb SERAFINO GIACOMO, la congresista CAROLINA ARBEL\u00c1EZ, el gobernador de\u00a0 Cundinamarca NICOL\u00c1S GARC\u00cdA y el abogado y columnista RAMIRO BEJARANO, entre otros, adem\u00e1s de otros pol\u00edticos allegados al Partido \u00abCambio Radical\u00bb que dirige VARGAS LLERAS.<\/p>\n","protected":false},"excerpt":{"rendered":"<p>CUATROCIENTOS INVITADOS, c\u00f3modamente sentados, presenciaron la anunciada boda de CLEMENCIA VARGAS con el empresario JULI\u00c1N MEJ\u00cdA CALDER\u00d3N. Ella, hija del exvicepresidente GERM\u00c1N VARGAS LLERAS, y \u00e9l, \u00a0uno de los herederos del emporio \u00abEl Corral\u00bb. Mucha de la arribista sociedad bogotana y nacional hubiera dado lo que fuera por estar presente, pero solo 400 fueron los [&hellip;]<\/p>\n","protected":false},"author":2,"featured_media":1376,"comment_status":"open","ping_status":"open","sticky":false,"template":"","format":"standard","meta":{"footnotes":""},"categories":[25],"tags":[1433,1836,1837,1838],"class_list":["post-1374","post","type-post","status-publish","format-standard","has-post-thumbnail","hentry","category-el-confidencial","tag-mancuso","tag-nestor-morales","tag-vargas-lleras","tag-william-velez"],"views":9,"_links":{"self":[{"href":"https:\/\/chivasycronicas.com\/index.php?rest_route=\/wp\/v2\/posts\/1374","targetHints":{"allow":["GET"]}}],"collection":[{"href":"https:\/\/chivasycronicas.com\/index.php?rest_route=\/wp\/v2\/posts"}],"about":[{"href":"https:\/\/chivasycronicas.com\/index.php?rest_route=\/wp\/v2\/types\/post"}],"author":[{"embeddable":true,"href":"https:\/\/chivasycronicas.com\/index.php?rest_route=\/wp\/v2\/users\/2"}],"replies":[{"embeddable":true,"href":"https:\/\/chivasycronicas.com\/index.php?rest_route=%2Fwp%2Fv2%2Fcomments&post=1374"}],"version-history":[{"count":0,"href":"https:\/\/chivasycronicas.com\/index.php?rest_route=\/wp\/v2\/posts\/1374\/revisions"}],"wp:featuredmedia":[{"embeddable":true,"href":"https:\/\/chivasycronicas.com\/index.php?rest_route=\/"}],"wp:attachment":[{"href":"https:\/\/chivasycronicas.com\/index.php?rest_route=%2Fwp%2Fv2%2Fmedia&parent=1374"}],"wp:term":[{"taxonomy":"category","embeddable":true,"href":"https:\/\/chivasycronicas.com\/index.php?rest_route=%2Fwp%2Fv2%2Fcategories&post=1374"},{"taxonomy":"post_tag","embeddable":true,"href":"https:\/\/chivasycronicas.com\/index.php?rest_route=%2Fwp%2Fv2%2Ftags&post=1374"}],"curies":[{"name":"wp","href":"https:\/\/api.w.org\/{rel}","templated":true}]}}