{"id":1385,"date":"2023-06-26T17:39:32","date_gmt":"2023-06-26T22:39:32","guid":{"rendered":"https:\/\/www.chivasycronicas.com\/?p=1385"},"modified":"2023-06-26T17:39:32","modified_gmt":"2023-06-26T22:39:32","slug":"justicia-uribista-denuncian-trampa-de-magistrados-para-ayudarle-al-abogado-de-uribe-en-escandalo-de-compra-de-testigos","status":"publish","type":"post","link":"https:\/\/chivasycronicas.com\/?p=1385","title":{"rendered":"JUSTICIA URIBISTA? Denuncian \u00abtrampa\u00bb de magistrados para ayudarle al abogado de Uribe en esc\u00e1ndalo de compra de testigos"},"content":{"rendered":"<p>LA JUGADITA consistir\u00eda en propiciar la ausencia de varios magistrados de la Sala Plena de la llamada \u00abComisi\u00f3n de Disciplina Judicial\u00bb, con la intenci\u00f3n de que no est\u00e9n presentes en la sesi\u00f3n que definir\u00e1 la suerte del pol\u00e9mico penalista DIEGO CADENA, defensor de \u00c1LVARO URIBE en el esc\u00e1ndalo de compra y manipulaci\u00f3n de testigos, caso por el cual el expresidente est\u00e1 IMPUTADO y a las puertas de una posible condena. El abogado CADENA afronta una posible sanci\u00f3n disciplinaria en esa alta corte, por su actuaci\u00f3n en el entramado que pretend\u00eda que varios delincuentes declararan en favor de URIBE, y que otros se abstuvieran de hacerlo en contra.<\/p>\n<p>DIEGO CADENA, ya responsabilizado penalmente en la Fiscal\u00eda por el mismo hecho, ya fue sancionado en un primer proceso disciplinario, que germin\u00f3 en una grav\u00edsima sanci\u00f3n consistente en quitarle su Tarjeta Profesional y prohibirle el litigio en estrados judiciales, al probarse que ofreci\u00f3 y entreg\u00f3 d\u00e1divas econ\u00f3micas y asesor\u00edas legales, a los testigos que declararon en contra de URIBE y su s\u00e9quito familiar, en una investigaci\u00f3n que vincula al ex mandatario con conformaci\u00f3n de grupos paramilitares.<\/p>\n<p><img fetchpriority=\"high\" decoding=\"async\" class=\"alignnone size-medium wp-image-1388\" src=\"https:\/\/www.chivasycronicas.com\/wp-content\/uploads\/2023\/06\/WhatsApp-Image-2023-06-26-at-4.10.39-PM-300x271.jpeg\" alt=\"\" width=\"300\" height=\"271\" \/><\/p>\n<p><em>El abogado Cadena recibi\u00f3 detenci\u00f3n por este esc\u00e1ndalo<\/em><\/p>\n<h2>Magistrada uribista?<\/h2>\n<p>Ahora, lo que ha trascendido en redes sociales y denunciado por internautas, es que ante la inminencia de una segunda grave sanci\u00f3n contra CADENA en la Comisi\u00f3n Disciplinaria, la magistrada ponente, DIANA MARINA V\u00c9LEZ , estar\u00eda avalando un viaje oficial de los magistrados que conforman la Sala Plena de la corporaci\u00f3n, para que el d\u00eda en que se deba tomar la decisi\u00f3n definitiva no puedan votar, lo que autom\u00e1ticamente generar\u00eda la prescripci\u00f3n del proceso en favor del acusado.<\/p>\n<p>De la magistrada V\u00c9LEZ se dice que tiene fuertes y probados v\u00ednculos con el partido \u00abCentro Democr\u00e1tico\u00bb cuyo l\u00edder natural es el imputado \u00c1LVARO URIBE, pues la togada es la esposa de CARLOS MARIO ZULUAGA P\u00c9REZ, sobrino del congresista uribista \u00d3SCAR DAR\u00cdO P\u00c9REZ.<\/p>\n<p><img decoding=\"async\" class=\"alignnone size-medium wp-image-1390 lazyload\" data-src=\"https:\/\/www.chivasycronicas.com\/wp-content\/uploads\/2023\/06\/WhatsApp-Image-2023-06-26-at-5.17.33-PM-287x300.jpeg\" alt=\"\" width=\"287\" height=\"300\" src=\"data:image\/gif;base64,R0lGODlhAQABAAAAACH5BAEKAAEALAAAAAABAAEAAAICTAEAOw==\" style=\"--smush-placeholder-width: 287px; --smush-placeholder-aspect-ratio: 287\/300;\" \/><\/p>\n<p><em>El congresista uribista, familiar de la magistrada<\/em><\/p>\n<p>La magistrada V\u00c9LEZ ya tiene lista y redactada la ponencia que presentar\u00e1 a consideraci\u00f3n de la Sala Plena, cuya sesi\u00f3n est\u00e1 prevista para el mi\u00e9rcoles 28 de junio. Hasta ah\u00ed, las cosas parecen claras. PERO, lo que se supo ahora es que varios de los magistrados que completan la sala, ya habr\u00edan pedido permiso para no asistir, por motivos personales, familiares y profesionales, fuera de Bogot\u00e1, con lo cual no podr\u00edan tomar parte de la votaci\u00f3n, lo cual seg\u00fan el protocolo y reglamento, debe ser de forma presencial, adem\u00e1s por tratarse de un tema de alt\u00edsimo inter\u00e9s nacional. Ante el esc\u00e1ndalo que ya trascendi\u00f3 en redes, algunos magistrado consultaron la posibilidad de hacer parte de la sala de forma virtual.<\/p>\n<h2>Impedida?<\/h2>\n<p><img decoding=\"async\" class=\"alignnone size-medium wp-image-1389 lazyload\" data-src=\"https:\/\/www.chivasycronicas.com\/wp-content\/uploads\/2023\/06\/WhatsApp-Image-2023-06-26-at-5.19.01-PM-300x217.jpeg\" alt=\"\" width=\"300\" height=\"217\" src=\"data:image\/gif;base64,R0lGODlhAQABAAAAACH5BAEKAAEALAAAAAABAAEAAAICTAEAOw==\" style=\"--smush-placeholder-width: 300px; --smush-placeholder-aspect-ratio: 300\/217;\" \/><\/p>\n<p>Seg\u00fan la emisora \u00abLa W Radio\u00bb, uno de los magistrado que ya pidi\u00f3 permiso con la excusa de que debe estar con sus hijos en esta \u00e9poca de vacaciones estudiantiles, es CARLOS ARTURO RAM\u00cdREZ, quien estar\u00e1 ausente durante dos semanas. Los funcionarios de la Justicia tienen derecho a cinco d\u00edas de permiso al a\u00f1o.<\/p>\n<p>Abogados consultados por este portal explicaron que la magistrada ponente debi\u00f3 haberse declarado IMPEDIDA para continuar con este proceso, alejarse de \u00e9l, pues de ser cierta su cercan\u00eda familiar con el uribismo y el Centro Democr\u00e1tico, estar\u00eda claramente incursa en un impedimento legal y deber\u00eda cederle el caso a otro togado.<\/p>\n<p>Hay que aclarar que esta informaci\u00f3n trasciende sin que se sepa con certeza en qu\u00e9 sentido va dirigido el proyecto de\u00a0 fallo de la magistrada V\u00c9LEZ, aunque en pasillos judiciales se especulan que ser\u00eda favorable para los intereses del abogado defensor del jefe pol\u00edtico del familiar de la togada. Amanecer\u00e1 y veremos.<\/p>\n","protected":false},"excerpt":{"rendered":"<p>LA JUGADITA consistir\u00eda en propiciar la ausencia de varios magistrados de la Sala Plena de la llamada \u00abComisi\u00f3n de Disciplina Judicial\u00bb, con la intenci\u00f3n de que no est\u00e9n presentes en la sesi\u00f3n que definir\u00e1 la suerte del pol\u00e9mico penalista DIEGO CADENA, defensor de \u00c1LVARO URIBE en el esc\u00e1ndalo de compra y manipulaci\u00f3n de testigos, caso [&hellip;]<\/p>\n","protected":false},"author":2,"featured_media":1387,"comment_status":"open","ping_status":"open","sticky":false,"template":"","format":"standard","meta":{"footnotes":""},"categories":[25],"tags":[1100,1648,1146],"class_list":["post-1385","post","type-post","status-publish","format-standard","has-post-thumbnail","hentry","category-el-confidencial","tag-alvaro-uribe","tag-compra-de-testigos","tag-diego-cadena"],"views":14,"_links":{"self":[{"href":"https:\/\/chivasycronicas.com\/index.php?rest_route=\/wp\/v2\/posts\/1385","targetHints":{"allow":["GET"]}}],"collection":[{"href":"https:\/\/chivasycronicas.com\/index.php?rest_route=\/wp\/v2\/posts"}],"about":[{"href":"https:\/\/chivasycronicas.com\/index.php?rest_route=\/wp\/v2\/types\/post"}],"author":[{"embeddable":true,"href":"https:\/\/chivasycronicas.com\/index.php?rest_route=\/wp\/v2\/users\/2"}],"replies":[{"embeddable":true,"href":"https:\/\/chivasycronicas.com\/index.php?rest_route=%2Fwp%2Fv2%2Fcomments&post=1385"}],"version-history":[{"count":0,"href":"https:\/\/chivasycronicas.com\/index.php?rest_route=\/wp\/v2\/posts\/1385\/revisions"}],"wp:featuredmedia":[{"embeddable":true,"href":"https:\/\/chivasycronicas.com\/index.php?rest_route=\/"}],"wp:attachment":[{"href":"https:\/\/chivasycronicas.com\/index.php?rest_route=%2Fwp%2Fv2%2Fmedia&parent=1385"}],"wp:term":[{"taxonomy":"category","embeddable":true,"href":"https:\/\/chivasycronicas.com\/index.php?rest_route=%2Fwp%2Fv2%2Fcategories&post=1385"},{"taxonomy":"post_tag","embeddable":true,"href":"https:\/\/chivasycronicas.com\/index.php?rest_route=%2Fwp%2Fv2%2Ftags&post=1385"}],"curies":[{"name":"wp","href":"https:\/\/api.w.org\/{rel}","templated":true}]}}