{"id":1424,"date":"2023-07-13T21:34:32","date_gmt":"2023-07-14T02:34:32","guid":{"rendered":"https:\/\/www.chivasycronicas.com\/?p=1424"},"modified":"2023-07-13T21:34:32","modified_gmt":"2023-07-14T02:34:32","slug":"jugadita-de-la-procuradora-para-que-rodolfo-hernandez-pueda-ser-candidato","status":"publish","type":"post","link":"https:\/\/chivasycronicas.com\/?p=1424","title":{"rendered":"JUGADITA DE LA PROCURADORA para que Rodolfo Hern\u00e1ndez pueda ser candidato?"},"content":{"rendered":"<p>LA PROCURADORA CABELLO ya tiene el listo el \u00absalvavidas\u00bb con el que RODOLFO HERN\u00c1NDEZ se salvar\u00e1 de ahogarse en una inhabilidad que ella misma le aplic\u00f3, por cuenta de haberlo hallado responsable de cometer graves actos de corrupci\u00f3n cuando fue alcalde Bucaramanga.<\/p>\n<p>El \u00absalvavidas\u00bb, seg\u00fan precis\u00f3 una fuente muy enterada a este portal, consiste en que el ingeniero HERN\u00c1NDEZ eche mano de una muy reciente decisi\u00f3n emitida por el Consejo de Estado, en favor de un congresista inhabilitado, con el argumento de que el Ministerio P\u00fablico no es un juez competente para destituir funcionarios elegidos mediante el voto popular.<\/p>\n<p>La misma fuente indic\u00f3 que, todo parece indicar, la se\u00f1ora CABELLO, al\u00a0 momento de destituir e inhabilitar a HERN\u00c1NDEZ por el negociado multimillonario que pretendi\u00f3 montar con su hijo cuando fue alcalde Bucaramanga, ya estaba enterada de que el Consejo de Estado iba a declarar la nulidad de una vieja sanci\u00f3n contra el ex senador EDUARDO MERLANO, destituido en inhabilitado por la Procuradur\u00eda por haber irrespetado p\u00fablicamente a unos agentes de Polic\u00eda, que lo abordaron en un peaje cuando conduc\u00eda bajo efectos del alcohol, en uno de los famosos casos conocidos como \u00abUsted no sabe qui\u00e9n soy yo\u00bb.<\/p>\n<p>\u00abElla ya sab\u00eda que el Consejo de Estado iba a tumbar la decisi\u00f3n de MERLANO, por eso se precipit\u00f3 a destituir a HERN\u00c1NDEZ, para quedar bien con la opini\u00f3n p\u00fablica destituyendo a un personaje allegado a la Derecha y el uribismo y, al mismo tiempo, dej\u00e1ndole abierta la puerta al ingeniero, para que tumbe su propia decisi\u00f3n\u00bb, explic\u00f3 la fuente.<\/p>\n<p>Es decir, la se\u00f1ora CABELLO \u00abse lava las manos y queda bien con todo el mundo\u00bb.<\/p>\n<p><img fetchpriority=\"high\" decoding=\"async\" class=\"alignnone size-medium wp-image-1428\" src=\"https:\/\/www.chivasycronicas.com\/wp-content\/uploads\/2023\/07\/WhatsApp-Image-2023-07-13-at-6.58.50-PM-234x300.jpeg\" alt=\"\" width=\"234\" height=\"300\" \/><\/p>\n<h2>Lo que dijo el Consejo de Estado<\/h2>\n<p>En el caso concreto de MERALNO, el Consejo de Estado concluy\u00f3 que fue sancionado por un juez que no era competente para hacerlo, pues seg\u00fan la Convenci\u00f3n de Derechos Humanos, los funcionarios elegidos por voto popular, adquieren unos derechos especiales por el ejercicio pol\u00edtico que desempe\u00f1an. Es la misma jurisprudencia internacional que tambi\u00e9n le sirvi\u00f3 al hoy presidente de la Rep\u00fablica\u00a0 GUSTAVO PETRO para tumbar la destituci\u00f3n que, en su\u00a0 momento, le impuso el procurador general ALEJANDRO ORD\u00d3\u00d1EZ, cuando el, hoy mandatario de los colombianos era alcalde de Bogot\u00e1. Textualmente, indici\u00f3 la alta corporaci\u00f3n contenciosa:<\/p>\n<p>\u00abLa alta corte indic\u00f3 que los actos administrativos sancionatorios proferidos por la Sala Disciplinaria de la PGN est\u00e1n viciados de nulidad por falta de competencia de la autoridad disciplinaria, toda vez que dicho ente de control no ten\u00eda competencia para imponer una sanci\u00f3n que restringiera el ejercicio de los derechos pol\u00edticos del actor, quien fue elegido popularmente para desempe\u00f1ar el cargo de senador y que tambi\u00e9n conlleva a la restricci\u00f3n del ejercicio de derechos pol\u00edticos de sus electores. En ese sentido, la imposici\u00f3n de la sanci\u00f3n de destituci\u00f3n e inhabilidad general descrita en el art\u00edculo 44.1 de la Ley 734 del 2022 por parte del Ministerio P\u00fablico es incompatible con el art\u00edculo 23.2 de la Convenci\u00f3n Americana sobre Derechos Humanos, que indica como causal permitida de restricci\u00f3n de derechos pol\u00edticos aquella impuesta por condena por juez competente en un proceso penal\u00bb.<\/p>\n<h2>Hern\u00e1ndez tambi\u00e9n sab\u00eda?<\/h2>\n<p>SORPRESA y malestar gener\u00f3 el anunci\u00f3 del ingeniero HERN\u00c1NDEZ, quien, acompa\u00f1ado de una foto suya muy sonriente, public\u00f3 en sus redes sociales que acababa de inscribir su nombre como candidato a la Gobernaci\u00f3n de Santander, pese a que, dos semanas atr\u00e1s, la Procuradur\u00eda lo sancion\u00f3 con DESTITUCI\u00d3N e INHABILIDAD de 14 a\u00f1os, por corrupci\u00f3n, en el caso del esc\u00e1ndalo de la empresa \u00abVitalogic\u00bb.<\/p>\n<p>Pero en redes sociales se prendieron las alarmas, ante la pasmosa tranquilidad que mostr\u00f3 el controvertido excandidato presidencial. Estupefactos, muchos internautas se preguntaron por qu\u00e9 raz\u00f3n se atreve a lanzar su candidatura, cuando claramente est\u00e1 inhabilitado? La raz\u00f3n, seg\u00fan parece, es que \u00e9l tambi\u00e9n estaba enterado de la decisi\u00f3n que iba a tomar el Consejo de Estad en favor de MERLANO, un fallo que enteramente le favorece y le devuelve la posibilidad legal de aspirar al cargo de gobernador.<\/p>\n<p>As\u00ed las cosas, lo \u00fanico que resta hora es que cualquier abogado, incluso un ciudadano \u00abpreocupado\u00bb, le pida a la Procuradora CABELLO que declare la nulidad de la inhabilidad y destituci\u00f3n que hab\u00eda impuesto a HERN\u00c1NDEZ, con base en la jurisprudencia internacional invocada por el Consejo de Estado en el caso MERLANO.<\/p>\n<p><img decoding=\"async\" class=\"alignnone size-medium wp-image-1429 lazyload\" data-src=\"https:\/\/www.chivasycronicas.com\/wp-content\/uploads\/2023\/07\/WhatsApp-Image-2023-07-13-at-12.31.05-PM-300x252.jpeg\" alt=\"\" width=\"300\" height=\"252\" src=\"data:image\/gif;base64,R0lGODlhAQABAAAAACH5BAEKAAEALAAAAAABAAEAAAICTAEAOw==\" style=\"--smush-placeholder-width: 300px; --smush-placeholder-aspect-ratio: 300\/252;\" \/><\/p>\n<p><em>El abogado Iv\u00e1n Cancino prendi\u00f3 las alarmas<\/em><\/p>\n<p>Incluso, juristas respetados y bien enterados como el penalista IV\u00c1N CANCINO, anticiparon en sus redes sociales que, justamente, el efecto MERLANO le cae como anillo al dedo a HERN\u00c1NDEZ, pues ese tipo de pronunciamientos de alcance internacional, tienen efectos retroactivos y son de inmediata aplicaci\u00f3n, para no violar el Derecho a la Igualdad y Favorabilidad del ciudadano elegido por voto popular.<\/p>\n<p><img decoding=\"async\" class=\"alignnone size-medium wp-image-1430 lazyload\" data-src=\"https:\/\/www.chivasycronicas.com\/wp-content\/uploads\/2023\/07\/WhatsApp-Image-2023-07-13-at-12.29.27-PM-300x261.jpeg\" alt=\"\" width=\"300\" height=\"261\" src=\"data:image\/gif;base64,R0lGODlhAQABAAAAACH5BAEKAAEALAAAAAABAAEAAAICTAEAOw==\" style=\"--smush-placeholder-width: 300px; --smush-placeholder-aspect-ratio: 300\/261;\" \/><\/p>\n<p>Es tal el grado de tranquilidad que transmite el candidato HERN\u00c1NDEZ por estos d\u00edas, que en la ma\u00f1ana de este jueves tuvo la desfachatez de tratar de mentirosa a una periodista de Caracol Radio de Bucaramanga, que lo abord\u00f3 para preguntarle su opini\u00f3n\u00a0 sobre su inhabilidad a la hora de inscribir su nueva candidatura:<\/p>\n<p>\u00abEso es falso, no existe ninguna inhabilidad, eso es mentira suya\u00bb, le dijo en tono grosero y \u00e1spero, muy a su\u00a0 manera de tratar a ciertas mujeres.<\/p>\n<p>&nbsp;<\/p>\n<p>&nbsp;<\/p>\n<p>&nbsp;<\/p>\n","protected":false},"excerpt":{"rendered":"<p>LA PROCURADORA CABELLO ya tiene el listo el \u00absalvavidas\u00bb con el que RODOLFO HERN\u00c1NDEZ se salvar\u00e1 de ahogarse en una inhabilidad que ella misma le aplic\u00f3, por cuenta de haberlo hallado responsable de cometer graves actos de corrupci\u00f3n cuando fue alcalde Bucaramanga. El \u00absalvavidas\u00bb, seg\u00fan precis\u00f3 una fuente muy enterada a este portal, consiste en [&hellip;]<\/p>\n","protected":false},"author":2,"featured_media":1431,"comment_status":"open","ping_status":"open","sticky":false,"template":"","format":"standard","meta":{"footnotes":""},"categories":[25],"tags":[1871,1872,1873],"class_list":["post-1424","post","type-post","status-publish","format-standard","has-post-thumbnail","hentry","category-el-confidencial","tag-eduardo-merlano","tag-procuraduria","tag-rodolfo-hernandez"],"views":11,"_links":{"self":[{"href":"https:\/\/chivasycronicas.com\/index.php?rest_route=\/wp\/v2\/posts\/1424","targetHints":{"allow":["GET"]}}],"collection":[{"href":"https:\/\/chivasycronicas.com\/index.php?rest_route=\/wp\/v2\/posts"}],"about":[{"href":"https:\/\/chivasycronicas.com\/index.php?rest_route=\/wp\/v2\/types\/post"}],"author":[{"embeddable":true,"href":"https:\/\/chivasycronicas.com\/index.php?rest_route=\/wp\/v2\/users\/2"}],"replies":[{"embeddable":true,"href":"https:\/\/chivasycronicas.com\/index.php?rest_route=%2Fwp%2Fv2%2Fcomments&post=1424"}],"version-history":[{"count":0,"href":"https:\/\/chivasycronicas.com\/index.php?rest_route=\/wp\/v2\/posts\/1424\/revisions"}],"wp:featuredmedia":[{"embeddable":true,"href":"https:\/\/chivasycronicas.com\/index.php?rest_route=\/"}],"wp:attachment":[{"href":"https:\/\/chivasycronicas.com\/index.php?rest_route=%2Fwp%2Fv2%2Fmedia&parent=1424"}],"wp:term":[{"taxonomy":"category","embeddable":true,"href":"https:\/\/chivasycronicas.com\/index.php?rest_route=%2Fwp%2Fv2%2Fcategories&post=1424"},{"taxonomy":"post_tag","embeddable":true,"href":"https:\/\/chivasycronicas.com\/index.php?rest_route=%2Fwp%2Fv2%2Ftags&post=1424"}],"curies":[{"name":"wp","href":"https:\/\/api.w.org\/{rel}","templated":true}]}}