{"id":1435,"date":"2023-07-17T01:02:55","date_gmt":"2023-07-17T06:02:55","guid":{"rendered":"https:\/\/www.chivasycronicas.com\/?p=1435"},"modified":"2023-07-17T01:02:55","modified_gmt":"2023-07-17T06:02:55","slug":"el-uribista-velez-sigue-mandando-en-la-previsora","status":"publish","type":"post","link":"https:\/\/chivasycronicas.com\/?p=1435","title":{"rendered":"El Uribista V\u00c9LEZ Sigue mandando en La Previsora?"},"content":{"rendered":"<p>Pese a que sali\u00f3 del cargo hace ya varios meses, en los pasillos de la Previsora de Seguros es un \u00absecreto a voces\u00bb que el uribismo y el \u00abDuquismo\u00bb, siguen mandando en La Previsora, una de las compa\u00f1\u00edas m\u00e1s poderosas del pa\u00eds. Y se asegura que extendieron su poder en la entidad, a trav\u00e9s del ex presidente de la compa\u00f1\u00eda \u00c1LVARO HERN\u00c1N V\u00c9LEZ, quien, desde \u00abla sombra\u00bb, sigue manejando los hilos a trav\u00e9s de las personas y fichas claves que dej\u00f3 all\u00ed en altos y estrat\u00e9gicos cargos, funcionarios que \u00e9l mismo llev\u00f3 cuando fue nombrado por el entonces presidente IV\u00c1N\u00a0 DUQUE.<\/p>\n<p>\u00abFichas de ajedrez\u00bb, les dicen a dos de los vicepresidentes que dej\u00f3 el doctor V\u00c9LEZ, y quienes, seg\u00fan se dice, desde sus altos cargos en el \u00c1rea de Indemnizaciones y de Talento Humano, estar\u00edan actuando de acuerdo a las indicaciones y par\u00e1metros que desde afuera sigue dictando el anterior jefe.<\/p>\n<p><img fetchpriority=\"high\" decoding=\"async\" class=\"alignnone size-medium wp-image-1437\" src=\"https:\/\/www.chivasycronicas.com\/wp-content\/uploads\/2023\/07\/WhatsApp-Image-2023-07-17-at-12.41.52-AM-300x181.jpeg\" alt=\"\" width=\"300\" height=\"181\" \/><\/p>\n<p>\u00abEl que tira l\u00ednea ac\u00e1 es el doctor V\u00c9LEZ\u00bb, dijo a este portal una fuente que prefiere no identificarse\u00a0 pero que trabaja en La Previsora en un cargo medio, desde el cual analiza la forma como se direcciona todo, supuestamente con\u00a0 el previo visto bueno del anterior jefe.<\/p>\n<p>\u00abSon personas que vienen con \u00e9l desde la \u00e9poca del Seguro Social, desde el a\u00f1o 2000, pues el doctor V\u00c9LEZ siempre ha sido cuota del ex presidente de la Rep\u00fablica \u00c1VLARO URIBE \u00ab, se\u00f1ala la fuente, quien tambi\u00e9n menciona al gerente encargado, relacionado con temas de \u00abparticipaciones estatales\u00bb.<\/p>\n<p>Este portal comenzar\u00e1\u00a0 a buscar m\u00e1s informaci\u00f3n sobre este asunto, teniendo en\u00a0 cuenta que La Previsora es uno de los cargos m\u00e1s apetecidos por los pol\u00edticos colombianos, pues se trata de una de las compa\u00f1\u00edas aseguradoras m\u00e1s importantes de la Econom\u00eda Nacional, dado el amplio portafolio que maneja, por tratarse de una sociedad de econom\u00eda mixta, encargada de manejar todo el tema de seguros del Estado, lo que la hace una de las entidades que genera m\u00e1s recursos para el pa\u00eds, adem\u00e1s de su fort\u00edn burocr\u00e1tico.<\/p>\n","protected":false},"excerpt":{"rendered":"<p>Pese a que sali\u00f3 del cargo hace ya varios meses, en los pasillos de la Previsora de Seguros es un \u00absecreto a voces\u00bb que el uribismo y el \u00abDuquismo\u00bb, siguen mandando en La Previsora, una de las compa\u00f1\u00edas m\u00e1s poderosas del pa\u00eds. Y se asegura que extendieron su poder en la entidad, a trav\u00e9s del [&hellip;]<\/p>\n","protected":false},"author":1,"featured_media":1436,"comment_status":"open","ping_status":"open","sticky":false,"template":"","format":"standard","meta":{"footnotes":""},"categories":[25],"tags":[1874],"class_list":["post-1435","post","type-post","status-publish","format-standard","has-post-thumbnail","hentry","category-el-confidencial","tag-la-previsora"],"views":3,"_links":{"self":[{"href":"https:\/\/chivasycronicas.com\/index.php?rest_route=\/wp\/v2\/posts\/1435","targetHints":{"allow":["GET"]}}],"collection":[{"href":"https:\/\/chivasycronicas.com\/index.php?rest_route=\/wp\/v2\/posts"}],"about":[{"href":"https:\/\/chivasycronicas.com\/index.php?rest_route=\/wp\/v2\/types\/post"}],"author":[{"embeddable":true,"href":"https:\/\/chivasycronicas.com\/index.php?rest_route=\/wp\/v2\/users\/1"}],"replies":[{"embeddable":true,"href":"https:\/\/chivasycronicas.com\/index.php?rest_route=%2Fwp%2Fv2%2Fcomments&post=1435"}],"version-history":[{"count":0,"href":"https:\/\/chivasycronicas.com\/index.php?rest_route=\/wp\/v2\/posts\/1435\/revisions"}],"wp:featuredmedia":[{"embeddable":true,"href":"https:\/\/chivasycronicas.com\/index.php?rest_route=\/"}],"wp:attachment":[{"href":"https:\/\/chivasycronicas.com\/index.php?rest_route=%2Fwp%2Fv2%2Fmedia&parent=1435"}],"wp:term":[{"taxonomy":"category","embeddable":true,"href":"https:\/\/chivasycronicas.com\/index.php?rest_route=%2Fwp%2Fv2%2Fcategories&post=1435"},{"taxonomy":"post_tag","embeddable":true,"href":"https:\/\/chivasycronicas.com\/index.php?rest_route=%2Fwp%2Fv2%2Ftags&post=1435"}],"curies":[{"name":"wp","href":"https:\/\/api.w.org\/{rel}","templated":true}]}}