{"id":1475,"date":"2023-07-25T10:45:34","date_gmt":"2023-07-25T15:45:34","guid":{"rendered":"https:\/\/www.chivasycronicas.com\/?p=1475"},"modified":"2023-07-25T10:45:34","modified_gmt":"2023-07-25T15:45:34","slug":"el-hijo-de-la-gobernadora-del-valle-un-delfin-al-que-no-le-gusta-la-politica","status":"publish","type":"post","link":"https:\/\/chivasycronicas.com\/?p=1475","title":{"rendered":"EL HIJO DE La Gobernadora del Valle, un \u00abDelf\u00edn\u00bb al que no le gusta la pol\u00edtica"},"content":{"rendered":"<p>En los pasillos de la Gobernaci\u00f3n del Valle y en los mentideros pol\u00edticos del departamento, se comenta, por lo bajo,\u00a0 que el abogado JAIRO PRADO ROLD\u00c1N podr\u00eda ser concejal de Cali en el momento en que quiera aspirar, o diputado, o quiz\u00e1s alcalde de la ciudad. Pero \u00e9l siempre responde a esos bien intencionados rumores, con un rotundo \u00abNO\u00bb.<\/p>\n<p>Y los comentarios no obedecen a que se trate del \u00abdelf\u00edn\u00bb de la actual gobernadora del Valle CLARA LUZ ROLD\u00c1N, una de las mandatarias regionales con mayores \u00edndices de aceptaci\u00f3n y favorabilidad. Lo dicen por lo que consideran \u00abel gran carisma\u00bb del joven togado, quien insiste en que su futuro est\u00e1 en el ejercicio del Derecho, en sacar adelante su ya pr\u00f3spera oficina de abogados, en la que se muestra en redes sociales como el \u00abPrincipal Chief Executive Officer in VC\u00bb, es decir el director principal del pool.<\/p>\n<p><img fetchpriority=\"high\" decoding=\"async\" class=\"alignnone size-medium wp-image-1478\" src=\"https:\/\/www.chivasycronicas.com\/wp-content\/uploads\/2023\/07\/WhatsApp-Image-2023-07-25-at-9.33.25-AM-288x300.jpeg\" alt=\"\" width=\"288\" height=\"300\" \/><\/p>\n<p>Aunque no niega que ser el hijo de una de las gobernadoras m\u00e1s poderosas del pa\u00eds le puede abrir puertas en la Administraci\u00f3n P\u00fablica, \u00e9l prefiere lograr sus \u00e9xitos profesionales por sus propios m\u00e9ritos y esfuerzos, precisamente para evitar que en el medio de los abogados se le mire como el que \u00abtodo lo logra a la sombra de su mam\u00e1\u00bb.<\/p>\n<p>\u00abDesde cuando abr\u00ed la oficina, mucho antes de que mi mam\u00e1 aspirara a ser gobernadora, he ofrecido mis servicios de asesor\u00eda jur\u00eddica, especialmente en el campo del Derecho Administrativo, as\u00ed como de Consultor\u00eda para entidades privadas, estatales o mixtas, y tambi\u00e9n para campa\u00f1as pol\u00edticas\u00bb, explica el abogado de 33 a\u00f1os, cuya hoja de vida publicada en las plataformas oficiales, lo muestran como contratista en entidades como Findeter, la SAE, la UNGR, la C\u00e1mara de Representantes y algunos institutos descentralizados\u00bb.<\/p>\n<p><img decoding=\"async\" class=\"alignnone size-medium wp-image-1479 lazyload\" data-src=\"https:\/\/www.chivasycronicas.com\/wp-content\/uploads\/2023\/07\/WhatsApp-Image-2023-07-25-at-9.25.01-AM-1-300x247.jpeg\" alt=\"\" width=\"300\" height=\"247\" src=\"data:image\/gif;base64,R0lGODlhAQABAAAAACH5BAEKAAEALAAAAAABAAEAAAICTAEAOw==\" style=\"--smush-placeholder-width: 300px; --smush-placeholder-aspect-ratio: 300\/247;\" \/><\/p>\n<p><em>\u00abSeguir\u00e9 apoyando a mi madre, aunque no me guste la pol\u00edtica\u00bb<\/em><\/p>\n<p>Respecto a si tiene o no aspiraciones pol\u00edticas a futuro, comenta que la pol\u00edtica le gusta por lo que le ve haciendo a su mam\u00e1, pero que no le llama la atenci\u00f3n como para convertirla en su nicho personal y laboral, ya que, aunque le parece que cumple una funci\u00f3n social muy bonita, al mismo tiempo es muy limitada a unas responsabilidades espec\u00edficas, mientras que el ejercicio de la Abogac\u00eda es amplio, muy vers\u00e1til y adecuado a muchos campos profesionales.<\/p>\n<p>\u00abMe dicen que yo puedo ser concejal cuando quiera, pero no es as\u00ed. No me interesa, adem\u00e1s porque eso ser\u00eda darle argumentos a algunos detractores de la Gobernadora, que de inmediato saldr\u00edan a vociferar que todo lo consigo por el poder de mi mam\u00e1 y no por mis capacidades profesionales como abogado\u00bb, explica.<\/p>\n<h2>\u00abNo soy hijo de mami, vivo de lo que me gano\u00bb<\/h2>\n<p>Pese al bajo perfil que se esfuerza por mantener, recientes publicaciones en redes sociales, que se hicieron circular especialmente en Cali, lo se\u00f1alan de ser \u00abun privilegiado\u00bb contratista gracias a su condici\u00f3n de hijo de la gobernadora, a lo que responde que, desde hace casi siete a\u00f1os, cuando su mam\u00e1 ni siquiera pensaba en lanzarse a la Gobernaci\u00f3n, ha obtenido modestos contratos con entidades privadas, mixtas, y algunas del orden nacional, que le han deparado ingresos no superiores a los 30 millones mensuales, en promedio.<\/p>\n<p>\u00abVivo de lo que me gano a pulso, gracias a mis estudios y especializaciones, a mi hoja de vida. No soy hijo de mami\u00bb, afirma, agregando que los estudios, postgrados y especializaciones que ha recibido y que con orgullo exhibe en su hoja de vida, hablan por s\u00ed solos.<\/p>\n<h2>Estudios<\/h2>\n<p><em>\u00abPostgrado \u2013 GLOBAL MBA. Universidad ICESI \u2013 Tulane University. Colombia \u2013 EEUU. (2023). Postgrado \u2013 Maestr\u00eda en finanzas internacionales. Universidad de los Andes \u2013 NOVA School of Business and Economics. Colombia \u2013 Portugal 2021. Postgrado \u2013 Maestr\u00eda en derecho con \u00e9nfasis en servicios p\u00fablicos. Universidad Externado. Colombia 2017 Postgrado \u2013 Maestr\u00eda en derecho p\u00fablico. Universidad Icesi. Colombia 2013. Postgrado \u2013 Especializaci\u00f3n en contrataci\u00f3n estatal: Universidad Externado de Colombia \u2013 Colombia 2013. Pre-grado: Universidad ICESI, Cali 2011. IDIOMAS Espa\u00f1ol: Lengua nativa. Ingl\u00e9s: Nivel C1\u00bb.<\/em><\/p>\n<p>Quienes lo conocen de cerca, opinan que, m\u00e1s all\u00e1 de los privilegios pol\u00edticos y electorales que, en efecto, podr\u00eda tener por ser el hijo de la poderosa gobernadora del Valle, lo que m\u00e1s llama la atenci\u00f3n de \u00e9l es el bajo perfil social que intenta mantener en su vida p\u00fablica y el gran carisma que tiene, su trato con los dem\u00e1s y el respeto.<\/p>\n<p>\u00ab\u00c9l siempre trata\u00a0 de mantenerse al margen del trabajo de su madre, aunque obviamente la ha apoyado y la apoya en todo y se siente muy orgulloso de ella, pero quiere demostrar que sus logros obedecen a sus capacidades como abogado y a su condici\u00f3n de \u00abdelf\u00edn\u00bb, dice uno de sus cercanos colaboradores en la oficina que dirige.<\/p>\n<p>Cuando este portal le pregunt\u00f3 sobre su cercan\u00eda con la ex gobernadora DILIAN FRANCISCA TORO, explic\u00f3 que, en efecto, la conoce por ser quien es, pero adem\u00e1s porque es muy amiga de su mam\u00e1, compa\u00f1era de lides pol\u00edticas. No niega que cuando la considerada \u00abbaronesa\u00bb electoral del Valle\u00bb fue gobernadora, le concedi\u00f3 un peque\u00f1o contrato, pero explica que lo cumpli\u00f3 a cabalidad, lo ejecut\u00f3 y demostr\u00f3 resultados.<\/p>\n","protected":false},"excerpt":{"rendered":"<p>En los pasillos de la Gobernaci\u00f3n del Valle y en los mentideros pol\u00edticos del departamento, se comenta, por lo bajo,\u00a0 que el abogado JAIRO PRADO ROLD\u00c1N podr\u00eda ser concejal de Cali en el momento en que quiera aspirar, o diputado, o quiz\u00e1s alcalde de la ciudad. Pero \u00e9l siempre responde a esos bien intencionados rumores, [&hellip;]<\/p>\n","protected":false},"author":2,"featured_media":1477,"comment_status":"open","ping_status":"open","sticky":false,"template":"","format":"standard","meta":{"footnotes":""},"categories":[25],"tags":[1940,1941,1942],"class_list":["post-1475","post","type-post","status-publish","format-standard","has-post-thumbnail","hentry","category-el-confidencial","tag-clara-luz-roldan","tag-dilian-francisca-toro","tag-gobernacion-del-valle"],"views":33,"_links":{"self":[{"href":"https:\/\/chivasycronicas.com\/index.php?rest_route=\/wp\/v2\/posts\/1475","targetHints":{"allow":["GET"]}}],"collection":[{"href":"https:\/\/chivasycronicas.com\/index.php?rest_route=\/wp\/v2\/posts"}],"about":[{"href":"https:\/\/chivasycronicas.com\/index.php?rest_route=\/wp\/v2\/types\/post"}],"author":[{"embeddable":true,"href":"https:\/\/chivasycronicas.com\/index.php?rest_route=\/wp\/v2\/users\/2"}],"replies":[{"embeddable":true,"href":"https:\/\/chivasycronicas.com\/index.php?rest_route=%2Fwp%2Fv2%2Fcomments&post=1475"}],"version-history":[{"count":0,"href":"https:\/\/chivasycronicas.com\/index.php?rest_route=\/wp\/v2\/posts\/1475\/revisions"}],"wp:featuredmedia":[{"embeddable":true,"href":"https:\/\/chivasycronicas.com\/index.php?rest_route=\/"}],"wp:attachment":[{"href":"https:\/\/chivasycronicas.com\/index.php?rest_route=%2Fwp%2Fv2%2Fmedia&parent=1475"}],"wp:term":[{"taxonomy":"category","embeddable":true,"href":"https:\/\/chivasycronicas.com\/index.php?rest_route=%2Fwp%2Fv2%2Fcategories&post=1475"},{"taxonomy":"post_tag","embeddable":true,"href":"https:\/\/chivasycronicas.com\/index.php?rest_route=%2Fwp%2Fv2%2Ftags&post=1475"}],"curies":[{"name":"wp","href":"https:\/\/api.w.org\/{rel}","templated":true}]}}