{"id":1517,"date":"2023-08-05T20:18:09","date_gmt":"2023-08-06T01:18:09","guid":{"rendered":"https:\/\/www.chivasycronicas.com\/?p=1517"},"modified":"2023-08-05T20:18:09","modified_gmt":"2023-08-06T01:18:09","slug":"la-polemica-sobre-el-cambio-de-logo-de-twitter-y-las-razones-de-elon-musk","status":"publish","type":"post","link":"https:\/\/chivasycronicas.com\/?p=1517","title":{"rendered":"La pol\u00e9mica sobre el cambio de logo de Twitter y las razones de Elon Musk"},"content":{"rendered":"<div class=\"flex-1 overflow-hidden\">\n<div class=\"react-scroll-to-bottom--css-hoavc-79elbk h-full dark:bg-gray-800\">\n<div class=\"react-scroll-to-bottom--css-hoavc-1n7m0yu\">\n<div class=\"flex flex-col text-sm dark:bg-gray-800\">\n<div class=\"group w-full text-token-text-primary border-b border-black\/10 dark:border-gray-900\/50 bg-gray-50 dark:bg-[#444654]\">\n<div class=\"flex p-4 gap-4 text-base md:gap-6 md:max-w-2xl lg:max-w-[38rem] xl:max-w-3xl md:py-6 lg:px-0 m-auto\">\n<div class=\"relative flex w-[calc(100%-50px)] flex-col gap-1 md:gap-3 lg:w-[calc(100%-115px)]\">\n<div class=\"flex flex-grow flex-col gap-3\">\n<div class=\"min-h-[20px] flex flex-col items-start gap-3 overflow-x-auto whitespace-pre-wrap break-words\">\n<div class=\"markdown prose w-full break-words dark:prose-invert light\">\n<p><em>Elon Musk, m\u00e1ximo responsable de Twitter, enfrenta fuertes cr\u00edticas por los recientes cambios en la red social, incluido el controvertido reemplazo del ic\u00f3nico p\u00e1jaro azul por una &#8216;X&#8217;.<\/em><\/p>\n<p><strong>Aluvi\u00f3n de descontento<\/strong><\/p>\n<p><em>Usuarios expresan su descontento por las numerosas modificaciones impulsadas por Musk en la plataforma.<\/em><\/p>\n<p>Desde que el magnate sudafricano adquiri\u00f3 la red social, ha realizado una serie de cambios que han generado descontento entre los tuiteros. La sustituci\u00f3n del p\u00e1jaro azul por el perro Doge, as\u00ed como la limitaci\u00f3n de la cantidad de tuits y el cobro por el check azul han sido algunas de las modificaciones que han generado rechazo.<\/p>\n<p><img decoding=\"async\" class=\"alignnone size-medium wp-image-1519 lazyload\" data-src=\"https:\/\/www.chivasycronicas.com\/wp-content\/uploads\/2023\/08\/logo-twitter-300x128.jpg\" alt=\"\" width=\"300\" height=\"128\" src=\"data:image\/gif;base64,R0lGODlhAQABAAAAACH5BAEKAAEALAAAAAABAAEAAAICTAEAOw==\" style=\"--smush-placeholder-width: 300px; --smush-placeholder-aspect-ratio: 300\/128;\" \/><\/p>\n<p><strong>Inc\u00f3gnitas sobre el rumbo de Twitter<\/strong><\/p>\n<p><em>El cambio del ic\u00f3nico p\u00e1jaro azul por una &#8216;X&#8217; ha desconcertado a los usuarios, quienes cuestionan las intenciones de Elon Musk.<\/em><\/p>\n<p>El reciente cambio del logo de Twitter ha llevado a los usuarios a cuestionar el rumbo que Elon Musk pretende tomar con la red social. La &#8216;X&#8217; como nuevo s\u00edmbolo ha generado dudas sobre el futuro de la plataforma y ha sido objeto de duras cr\u00edticas. La falta de claridad sobre las intenciones del director ejecutivo ha contribuido a la incertidumbre y a la insatisfacci\u00f3n entre los usuarios.<\/p>\n<p><strong>Un cambio de tono que no convence<\/strong><\/p>\n<p><em>El intento de cambiar el tono blanco por el oscuro fue revertido debido a la esencia asociada a la aplicaci\u00f3n.<\/em><\/p>\n<p>Elon Musk tuvo que retroceder en su plan de cambiar el tono blanco por el oscuro despu\u00e9s de la fuerte reacci\u00f3n negativa por parte de los usuarios. Muchos consideran que el tono blanco era una parte esencial de la identidad de Twitter y la asociaci\u00f3n con el p\u00e1jaro azul. La explicaci\u00f3n de Musk sobre la &#8216;X&#8217; y su intenci\u00f3n de \u00abdestruir por completo la parte blanca\u00bb tambi\u00e9n ha sido objeto de controversia.<\/p>\n<p>En resumen, los recientes cambios realizados por Elon Musk en Twitter han generado un aluvi\u00f3n de cr\u00edticas y descontento entre los usuarios. La decisi\u00f3n de reemplazar el ic\u00f3nico p\u00e1jaro azul por una &#8216;X&#8217; y los intentos de alterar la est\u00e9tica y el funcionamiento de la plataforma han provocado incertidumbre sobre el futuro de la red social y han llevado a muchos a cuestionar el rumbo que Musk pretende tomar. La falta de claridad sobre sus intenciones ha sido un factor clave en la creciente pol\u00e9mica en torno a los cambios en Twitter.<\/p>\n<p>&nbsp;<\/p>\n<\/div>\n<\/div>\n<\/div>\n<div class=\"flex justify-between lg:block\">\n<div class=\"text-gray-400 flex self-end lg:self-center justify-center mt-2 gap-2 md:gap-3 lg:gap-1 lg:absolute lg:top-0 lg:translate-x-full lg:right-0 lg:mt-0 lg:pl-2 visible\"><button class=\"flex ml-auto gap-2 rounded-md p-1 hover:bg-gray-100 hover:text-gray-700 dark:text-gray-400 dark:hover:bg-gray-700 dark:hover:text-gray-200 disabled:dark:hover:text-gray-400\"><\/button><\/p>\n<div class=\"flex gap-1\"><\/div>\n<\/div>\n<\/div>\n<\/div>\n<\/div>\n<\/div>\n<div class=\"h-32 md:h-48 flex-shrink-0\"><\/div>\n<\/div>\n<\/div>\n<\/div>\n<\/div>\n<div class=\"absolute bottom-0 left-0 w-full border-t md:border-t-0 dark:border-white\/20 md:border-transparent md:dark:border-transparent md:bg-vert-light-gradient bg-white dark:bg-gray-800 md:!bg-transparent dark:md:bg-vert-dark-gradient pt-2 md:pl-2 md:w-[calc(100%-.5rem)]\">\n<form class=\"stretch mx-2 flex flex-row gap-3 last:mb-2 md:mx-4 md:last:mb-6 lg:mx-auto lg:max-w-2xl xl:max-w-3xl\">\n<div class=\"relative flex h-full flex-1 items-stretch md:flex-col\" role=\"presentation\">\n<div>\n<div class=\"h-full flex ml-1 md:w-full md:m-auto md:mb-4 gap-0 md:gap-2 justify-center\"><\/div>\n<\/div>\n<\/div>\n<\/form>\n<\/div>\n","protected":false},"excerpt":{"rendered":"<p>Elon Musk, m\u00e1ximo responsable de Twitter, enfrenta fuertes cr\u00edticas por los recientes cambios en la red social, incluido el controvertido reemplazo del ic\u00f3nico p\u00e1jaro azul por una &#8216;X&#8217;. Aluvi\u00f3n de descontento Usuarios expresan su descontento por las numerosas modificaciones impulsadas por Musk en la plataforma. Desde que el magnate sudafricano adquiri\u00f3 la red social, ha [&hellip;]<\/p>\n","protected":false},"author":1,"featured_media":1518,"comment_status":"open","ping_status":"open","sticky":false,"template":"","format":"standard","meta":{"footnotes":""},"categories":[27],"tags":[1968,1969,320,1655,1849,390,1970,1971,1972,1973,1974,1975,782],"class_list":["post-1517","post","type-post","status-publish","format-standard","has-post-thumbnail","hentry","category-la-noticia","tag-x","tag-cambio-de-logo","tag-controversia","tag-descontento","tag-elon-musk","tag-incertidumbre","tag-modificaciones","tag-pajaro-azul","tag-red-social","tag-rumbo","tag-tono-blanco","tag-tono-oscuro","tag-twitter"],"views":3,"_links":{"self":[{"href":"https:\/\/chivasycronicas.com\/index.php?rest_route=\/wp\/v2\/posts\/1517","targetHints":{"allow":["GET"]}}],"collection":[{"href":"https:\/\/chivasycronicas.com\/index.php?rest_route=\/wp\/v2\/posts"}],"about":[{"href":"https:\/\/chivasycronicas.com\/index.php?rest_route=\/wp\/v2\/types\/post"}],"author":[{"embeddable":true,"href":"https:\/\/chivasycronicas.com\/index.php?rest_route=\/wp\/v2\/users\/1"}],"replies":[{"embeddable":true,"href":"https:\/\/chivasycronicas.com\/index.php?rest_route=%2Fwp%2Fv2%2Fcomments&post=1517"}],"version-history":[{"count":0,"href":"https:\/\/chivasycronicas.com\/index.php?rest_route=\/wp\/v2\/posts\/1517\/revisions"}],"wp:featuredmedia":[{"embeddable":true,"href":"https:\/\/chivasycronicas.com\/index.php?rest_route=\/"}],"wp:attachment":[{"href":"https:\/\/chivasycronicas.com\/index.php?rest_route=%2Fwp%2Fv2%2Fmedia&parent=1517"}],"wp:term":[{"taxonomy":"category","embeddable":true,"href":"https:\/\/chivasycronicas.com\/index.php?rest_route=%2Fwp%2Fv2%2Fcategories&post=1517"},{"taxonomy":"post_tag","embeddable":true,"href":"https:\/\/chivasycronicas.com\/index.php?rest_route=%2Fwp%2Fv2%2Ftags&post=1517"}],"curies":[{"name":"wp","href":"https:\/\/api.w.org\/{rel}","templated":true}]}}