{"id":1590,"date":"2023-08-28T09:57:16","date_gmt":"2023-08-28T14:57:16","guid":{"rendered":"https:\/\/www.chivasycronicas.com\/?p=1590"},"modified":"2023-08-28T09:57:16","modified_gmt":"2023-08-28T14:57:16","slug":"polemica-por-la-reforma-a-la-salud-petro-intenta-perjudicar-a-las-eps","status":"publish","type":"post","link":"https:\/\/chivasycronicas.com\/?p=1590","title":{"rendered":"Pol\u00e9mica por la Reforma a la Salud: \u00bfPetro intenta perjudicar a las EPS?"},"content":{"rendered":"<p>En un inesperado giro de los acontecimientos, el presidente Gustavo Petro se encuentra en medio de una tormenta de controversia, acusado de perjudicar a las EPS con el prop\u00f3sito de forzar la aprobaci\u00f3n de la esquiva reforma a la salud en Colombia.<\/p>\n<p>A pesar de sus declaraciones p\u00fablicas sobre la puntualidad en los pagos a las EPS, cr\u00edticos aseguran que la situaci\u00f3n es mucho m\u00e1s compleja de lo que parece. Seg\u00fan informes recientes, tres de las principales EPS del r\u00e9gimen contributivo &#8211; Sanitas, Compensar y Sura &#8211; han emitido una carta conjunta advirtiendo sobre la inminente dificultad de continuar operando en septiembre debido a la grave crisis financiera que atraviesa el sector.<\/p>\n<blockquote class=\"twitter-tweet\">\n<p lang=\"es\" dir=\"ltr\">Han informado tres EPS que tienen problemas de liquidez porque la ADRES no les paga.<\/p>\n<p>Eso no es cierto.<\/p>\n<p>El gobierno nacional decidi\u00f3 elevar el valor de Unidad de Capitaci\u00f3n, base con que se paga a las eps multiplicada por el n\u00famero de sus afiliados. Este aumento fue del 16,2%\u2026<\/p>\n<p>&mdash; Gustavo Petro (@petrogustavo) <a href=\"https:\/\/twitter.com\/petrogustavo\/status\/1694166389219590190?ref_src=twsrc%5Etfw\">August 23, 2023<\/a><\/p><\/blockquote>\n<p> <script async src=\"https:\/\/platform.twitter.com\/widgets.js\" charset=\"utf-8\"><\/script><\/p>\n<p>Los datos son contundentes: m\u00e1s de 13 millones de usuarios podr\u00edan quedar en el limbo de la atenci\u00f3n m\u00e9dica ante la amenaza de cierre de estas EPS. Las p\u00e9rdidas acumuladas hasta el 2022 alcanzan la asombrosa cifra de 572.000 millones de pesos solo en estas tres empresas. Estos n\u00fameros han sido respaldados por la presidenta de Gestarsalud, Carmen Eugenia D\u00e1vila, quien, aunque defiende la gesti\u00f3n de las EPS en zonas desfavorecidas como La Guajira, admite que la situaci\u00f3n es insostenible debido a factores m\u00e1s all\u00e1 del control de estas entidades.<\/p>\n<blockquote class=\"twitter-tweet\" data-width=\"550\" data-dnt=\"true\">\n<p lang=\"es\" dir=\"ltr\">Todos los ni\u00f1os muertos por desnutrici\u00f3n en la Guajira estaban afiliados a Eps. De 39 ni\u00f1os muertos, 17 estaban afiliado a una eps que pertenece a una familia. Esta Eps concentr\u00f3 recursos del r\u00e9gimen subsidiado que le entregaba el estado a la sobrevaloraci\u00f3n de servicios del\u2026<\/p>\n<p>&mdash; Gustavo Petro (@petrogustavo) <a href=\"https:\/\/twitter.com\/petrogustavo\/status\/1694343078067265816?ref_src=twsrc%5Etfw\">August 23, 2023<\/a><\/p><\/blockquote>\n<p><script async src=\"https:\/\/platform.twitter.com\/widgets.js\" charset=\"utf-8\"><\/script><\/p>\n<p>El presidente Petro ha levantado a\u00fan m\u00e1s pol\u00e9mica al respaldar la postura de su ministro de Salud, Guillermo Alfonso Jaramillo, quien desestim\u00f3 las advertencias de las EPS como una forma de presi\u00f3n. Petro insiste en que, a pesar del aumento del presupuesto del sector en un 25%, el n\u00famero de quejas por el servicio ha alcanzado los 1,3 millones. Adem\u00e1s, acusa a las EPS de concentrar los pagos en lugares cercanos a los propietarios y administradores, dejando desatendidas a otras \u00e1reas y subfacturando servicios, lo que resulta en una deficiente atenci\u00f3n.<\/p>\n<p>Las cr\u00edticas hacia el presidente no se han hecho esperar. Voces disidentes sugieren que Petro podr\u00eda estar manipulando la situaci\u00f3n para acelerar la aprobaci\u00f3n de la reforma a la salud, usando la crisis financiera de las EPS como excusa para justificar cambios profundos en el sistema. Sin embargo, los detractores tambi\u00e9n argumentan que el sistema de salud enfrenta desaf\u00edos estructurales que deben ser abordados de manera integral y que culpar exclusivamente a las EPS podr\u00eda ser una simplificaci\u00f3n peligrosa.<\/p>\n<p>La incertidumbre y la tensi\u00f3n persisten mientras el pa\u00eds espera conocer el verdadero desenlace de esta controversia. \u00bfSe trata de una estrategia pol\u00edtica de Petro para impulsar su agenda de reforma, o existe una crisis real que amenaza la continuidad de la atenci\u00f3n m\u00e9dica para millones de colombianos? La respuesta a\u00fan est\u00e1 por verse en lo que se avecina como un cap\u00edtulo crucial para el sistema de salud en Colombia.<\/p>\n","protected":false},"excerpt":{"rendered":"<p>En un inesperado giro de los acontecimientos, el presidente Gustavo Petro se encuentra en medio de una tormenta de controversia, acusado de perjudicar a las EPS con el prop\u00f3sito de forzar la aprobaci\u00f3n de la esquiva reforma a la salud en Colombia. A pesar de sus declaraciones p\u00fablicas sobre la puntualidad en los pagos a [&hellip;]<\/p>\n","protected":false},"author":1,"featured_media":1591,"comment_status":"open","ping_status":"open","sticky":false,"template":"","format":"standard","meta":{"footnotes":""},"categories":[27],"tags":[1998,1999,2000,2001,2002,1595,2003,2004,2005,2006,320,2007,644,2008,2009,2010,2011,2012,635,390,2013,2014,258,656,2015,1002,1003,375,2016,976,2017,2018,2019,553,2020,2021,352,2022,2023],"class_list":["post-1590","post","type-post","status-publish","format-standard","has-post-thumbnail","hentry","category-la-noticia","tag-1998","tag-administradores","tag-agenda","tag-aprobacion","tag-atencion","tag-cambios","tag-capitulo-crucial","tag-carmen-eugenia-davila","tag-cierre","tag-compensar","tag-controversia","tag-crisis-financiera","tag-criticas","tag-eps","tag-estrategia-politica","tag-estructurales","tag-gestarsalud","tag-guillermo-alfonso-jaramillo","tag-gustavo-petro","tag-incertidumbre","tag-la-guajira","tag-ministro-de-salud","tag-pais","tag-perdidas","tag-perjudicar","tag-polemica","tag-presidenta","tag-presidente","tag-propietarios","tag-quejas","tag-reforma-a-la-salud","tag-sanitas","tag-sector","tag-servicio","tag-sistema-de-salud","tag-sura","tag-tension","tag-usuarios","tag-zonas-desfavorecidas"],"views":6,"_links":{"self":[{"href":"https:\/\/chivasycronicas.com\/index.php?rest_route=\/wp\/v2\/posts\/1590","targetHints":{"allow":["GET"]}}],"collection":[{"href":"https:\/\/chivasycronicas.com\/index.php?rest_route=\/wp\/v2\/posts"}],"about":[{"href":"https:\/\/chivasycronicas.com\/index.php?rest_route=\/wp\/v2\/types\/post"}],"author":[{"embeddable":true,"href":"https:\/\/chivasycronicas.com\/index.php?rest_route=\/wp\/v2\/users\/1"}],"replies":[{"embeddable":true,"href":"https:\/\/chivasycronicas.com\/index.php?rest_route=%2Fwp%2Fv2%2Fcomments&post=1590"}],"version-history":[{"count":0,"href":"https:\/\/chivasycronicas.com\/index.php?rest_route=\/wp\/v2\/posts\/1590\/revisions"}],"wp:featuredmedia":[{"embeddable":true,"href":"https:\/\/chivasycronicas.com\/index.php?rest_route=\/"}],"wp:attachment":[{"href":"https:\/\/chivasycronicas.com\/index.php?rest_route=%2Fwp%2Fv2%2Fmedia&parent=1590"}],"wp:term":[{"taxonomy":"category","embeddable":true,"href":"https:\/\/chivasycronicas.com\/index.php?rest_route=%2Fwp%2Fv2%2Fcategories&post=1590"},{"taxonomy":"post_tag","embeddable":true,"href":"https:\/\/chivasycronicas.com\/index.php?rest_route=%2Fwp%2Fv2%2Ftags&post=1590"}],"curies":[{"name":"wp","href":"https:\/\/api.w.org\/{rel}","templated":true}]}}