{"id":1596,"date":"2023-08-28T17:49:24","date_gmt":"2023-08-28T22:49:24","guid":{"rendered":"https:\/\/www.chivasycronicas.com\/?p=1596"},"modified":"2023-08-28T17:49:24","modified_gmt":"2023-08-28T22:49:24","slug":"alerta-bogota-en-inminente-riesgo-de-colapsar-por-aumento-de-migrantes-y-precaria-funcion-de-centros-de-movilidad-segura","status":"publish","type":"post","link":"https:\/\/chivasycronicas.com\/?p=1596","title":{"rendered":"ALERTA: Bogot\u00e1 en inminente riesgo de colapsar por aumento de Migrantes y precaria funci\u00f3n de \u00abCentros de Movilidad Segura\u00bb"},"content":{"rendered":"<p>ATENCI\u00d3N. El concejal SAMUEL ARRIETA, uno de los l\u00edderes pol\u00edticos que m\u00e1s conoce sobre Bogot\u00e1 y los males que hist\u00f3ricamente la han aquejado, lanz\u00f3 una preocupante ALERTA en torno al alt\u00edsimo riesgo de que un mal manejo de las pol\u00edticas para la poblaci\u00f3n Migrante, someta a la capital del pa\u00eds a un caos social y econ\u00f3mico, incluso de salubridad, concretamente en la implementaci\u00f3n de los \u00abCentros de Movilidad\u00bb.<\/p>\n<p>\u00abCentros de Movilidad Segura\u00bb es un programa humanitario que se puso en marcha para agilizar la admisi\u00f3n de personas Refugiadas y Migrantes elegibles , de tal forma que se les facilite su traslado y movilidad segura por el territorio colombiano, protegi\u00e9ndolos de ataques especialmente racistas.<\/p>\n<p>\u00abEs irresponsable por parte del Gobierno Nacional la apertura de estos centros. Bogot\u00e1 estar\u00eda en inminente riesgo de desbordar su capacidad y recursos, en la atenci\u00f3n de esta poblaci\u00f3n\u00bb, advierte el concejal ARRIETA, en un escrito realizado para este portal.<\/p>\n<p><img fetchpriority=\"high\" decoding=\"async\" class=\"alignnone size-medium wp-image-1599\" src=\"https:\/\/www.chivasycronicas.com\/wp-content\/uploads\/2023\/08\/WhatsApp-Image-2023-08-28-at-1.56.52-PM-300x168.jpeg\" alt=\"\" width=\"300\" height=\"168\" \/><\/p>\n<p><em>Samuel Arrieta aspira a seguir en el Concejo de Bogot\u00e1<\/em><\/p>\n<p>Seg\u00fan el cabildante, quien, gracias a sus positivos resultados aspira a un nuevo periodo en el Concejo de Bogot\u00e1, \u00abLos Centros de Movilidad Segura no deben ser simplemente un intento superficial por parte de Colombia. Se requieren esquemas y recursos s\u00f3lidos para brindar esta atenci\u00f3n efectiva\u00bb.<\/p>\n<h2>Los desaf\u00edos y falencias en la Estrategia<\/h2>\n<p>En el siguiente escrito, el concejal ARRIETA resume, de forma documentada y seria, expone las razones por las cuales la Administraci\u00f3n de la capital debe ponerle la \u00ablupa\u00bb a esta estrategia de manejo de la Poblaci\u00f3n Migrante, so pena de ocasionar un caos social y las consecuencias que ello traer\u00eda.<\/p>\n<p>\u2022 Es fundamental tener en cuenta que una migraci\u00f3n desordenada podr\u00eda agravar el tr\u00e1fico de personas y poner en riesgo la seguridad de los migrantes, sobre todo de aquellos que se encuentran en situaciones vulnerables.<\/p>\n<p>\u2022 Es irresponsable por parte del Gobierno Nacional la apertura de estos centros cuando la estructura y asignaci\u00f3n de recursos por parte del ejecutivo para atender a esta poblaci\u00f3n no est\u00e1n claras, ni definidas, ni concertadas con el Gobierno de la ciudad.<\/p>\n<h2>Arma de Doble filo<\/h2>\n<p>En un mundo cada vez m\u00e1s conectado, la migraci\u00f3n se alza como un desaf\u00edo universal que exige respuestas a la altura. Dentro de este panorama, los Centros de Movilidad Segura emergen como una posible arma de doble filo en la gesti\u00f3n migratoria. Con tintes de potencial soluci\u00f3n, pero oscurecidos por carencias cr\u00edticas, surge la interrogante: \u00bfson realmente una v\u00eda hacia la regulaci\u00f3n migratoria o m\u00e1s bien un intento superficial en medio de la creciente ola migratoria?<\/p>\n<p>En Colombia, naci\u00f3n de tr\u00e1nsito y destino para numerosos migrantes, la migraci\u00f3n desordenada ha dejado una marca indeleble en sectores vitales como la salud, educaci\u00f3n y seguridad. En este escenario, los Centros de Movilidad Segura asoman como una oportunidad, pero la simple creaci\u00f3n de estas instalaciones no basta. La pregunta inc\u00f3moda persiste: \u00bfQu\u00e9 estrategia real respalda estos centros?<\/p>\n<p><img decoding=\"async\" class=\"alignnone size-medium wp-image-1600 lazyload\" data-src=\"https:\/\/www.chivasycronicas.com\/wp-content\/uploads\/2023\/08\/WhatsApp-Image-2023-08-28-at-5.31.26-PM-300x161.jpeg\" alt=\"\" width=\"300\" height=\"161\" src=\"data:image\/gif;base64,R0lGODlhAQABAAAAACH5BAEKAAEALAAAAAABAAEAAAICTAEAOw==\" style=\"--smush-placeholder-width: 300px; --smush-placeholder-aspect-ratio: 300\/161;\" \/><\/p>\n<p><em>A Bogot\u00e1 han llegado m\u00e1s de 400 mil venezolanos\u00a0<\/em><\/p>\n<p>Es imperativo reconocer que una migraci\u00f3n sin direcci\u00f3n podr\u00eda desembocar en el tr\u00e1fico humano y en la exposici\u00f3n de migrantes, especialmente aquellos en situaciones vulnerables, a riesgos innecesarios. La preocupaci\u00f3n ante la falta de claridad sobre la estructura y recursos asignados por parte del gobierno nacional para atender esta marea migratoria es justificada y palpable.<\/p>\n<p>Los Centros de Movilidad Segura, presentados como remedio y b\u00e1lsamo, pueden terminar siendo un parche insuficiente si no se les dota con esquemas robustos y recursos suficientes. El riesgo es que se conviertan en una fachada tras la cual las problem\u00e1ticas sigan latentes, un \u00ablavado de cara\u00bb nacional que no aborda las ra\u00edces del asunto.<\/p>\n<h2>Nueva York, un buen ejemplo<\/h2>\n<p>En el \u00e1mbito local, Bogot\u00e1 afronta una encrucijada. La propuesta ubicaci\u00f3n de uno de estos centros despierta inquietudes v\u00e1lidas: la posible concentraci\u00f3n migratoria en la capital podr\u00eda desencadenar una sobrecarga institucional, desbordando la capacidad de atenci\u00f3n a personas ya fr\u00e1giles. El ejemplo de Nueva York resuena como una advertencia; una crisis migratoria puede destapar la carest\u00eda de apoyo federal y estatal. De manera paralela, se enfatiza la urgencia de pol\u00edticas de acogida y comunicaci\u00f3n transparente para enfrentar la resistencia y la xenofobia en la sociedad.<\/p>\n<p>La migraci\u00f3n, lejos de ser una cuesti\u00f3n unilateral, requiere un abordaje integral y coordinado. Colombia debe forjar pol\u00edticas migratorias s\u00f3lidas que no solo prevengan crisis humanitarias sino tambi\u00e9n fomenten flujos migratorios regulados y mutuamente beneficiosos. En esta traves\u00eda, la colaboraci\u00f3n nacional se revela esencial, as\u00ed como un enfoque inequ\u00edvoco en los derechos humanos de los migrantes. La responsabilidad no descansa solo en los hombros del gobierno central; las autoridades locales, la sociedad civil y la comunidad internacional tambi\u00e9n tienen una voz que debe resonar.<\/p>\n<p>La hora de la acci\u00f3n es ahora. No basta con promesas vagas ni con enfoques a medias. La migraci\u00f3n clama por respuestas contundentes, estrategias hol\u00edsticas y una verdadera voluntad de cambio. Los Centros de Movilidad Segura pueden ser un punto de partida, pero su \u00e9xito radica en la genuina determinaci\u00f3n de afrontar la crisis migratoria con recursos y capacidad administrativa, y mucho de esto depende de que el Gobierno nacional no delegue la funci\u00f3n sin las herramientas y recursos necesario para ello.<\/p>\n","protected":false},"excerpt":{"rendered":"<p>ATENCI\u00d3N. El concejal SAMUEL ARRIETA, uno de los l\u00edderes pol\u00edticos que m\u00e1s conoce sobre Bogot\u00e1 y los males que hist\u00f3ricamente la han aquejado, lanz\u00f3 una preocupante ALERTA en torno al alt\u00edsimo riesgo de que un mal manejo de las pol\u00edticas para la poblaci\u00f3n Migrante, someta a la capital del pa\u00eds a un caos social y [&hellip;]<\/p>\n","protected":false},"author":2,"featured_media":1598,"comment_status":"open","ping_status":"open","sticky":false,"template":"","format":"standard","meta":{"footnotes":""},"categories":[23],"tags":[368,2024],"class_list":["post-1596","post","type-post","status-publish","format-standard","has-post-thumbnail","hentry","category-la-cronica","tag-migrantes","tag-samuel-arrieta"],"views":6,"_links":{"self":[{"href":"https:\/\/chivasycronicas.com\/index.php?rest_route=\/wp\/v2\/posts\/1596","targetHints":{"allow":["GET"]}}],"collection":[{"href":"https:\/\/chivasycronicas.com\/index.php?rest_route=\/wp\/v2\/posts"}],"about":[{"href":"https:\/\/chivasycronicas.com\/index.php?rest_route=\/wp\/v2\/types\/post"}],"author":[{"embeddable":true,"href":"https:\/\/chivasycronicas.com\/index.php?rest_route=\/wp\/v2\/users\/2"}],"replies":[{"embeddable":true,"href":"https:\/\/chivasycronicas.com\/index.php?rest_route=%2Fwp%2Fv2%2Fcomments&post=1596"}],"version-history":[{"count":0,"href":"https:\/\/chivasycronicas.com\/index.php?rest_route=\/wp\/v2\/posts\/1596\/revisions"}],"wp:featuredmedia":[{"embeddable":true,"href":"https:\/\/chivasycronicas.com\/index.php?rest_route=\/"}],"wp:attachment":[{"href":"https:\/\/chivasycronicas.com\/index.php?rest_route=%2Fwp%2Fv2%2Fmedia&parent=1596"}],"wp:term":[{"taxonomy":"category","embeddable":true,"href":"https:\/\/chivasycronicas.com\/index.php?rest_route=%2Fwp%2Fv2%2Fcategories&post=1596"},{"taxonomy":"post_tag","embeddable":true,"href":"https:\/\/chivasycronicas.com\/index.php?rest_route=%2Fwp%2Fv2%2Ftags&post=1596"}],"curies":[{"name":"wp","href":"https:\/\/api.w.org\/{rel}","templated":true}]}}