{"id":1678,"date":"2023-09-06T22:13:46","date_gmt":"2023-09-07T03:13:46","guid":{"rendered":"https:\/\/www.chivasycronicas.com\/?p=1678"},"modified":"2023-09-06T22:13:46","modified_gmt":"2023-09-07T03:13:46","slug":"cambio-radical-en-la-situacion-juridica-de-arturo-char-corte-ordena-su-captura","status":"publish","type":"post","link":"https:\/\/chivasycronicas.com\/?p=1678","title":{"rendered":"CAMBIO RADICAL en la Situaci\u00f3n Jur\u00eddica de ARTURO CHAR. Corte ordena su captura"},"content":{"rendered":"<p>ATENCI\u00d3N. El exsenador ARTURO CHAR, se\u00f1alado como uno de los \u00abvagos\u00bb del Congreso, ser\u00e1 capturado de un momento a otro por un mega proceso de Corrupci\u00f3n Pol\u00edtica, en el que la Corte Suprema de Justicia acaba de dictarle Medida de Aseguramiento por tres graves delitos, relacionados con la compra de votos en la Costa Atl\u00e1ntica, una red mafiosa que involucra tambi\u00e9n a encopetados empresarios de Barranquilla, a la exsenadora AIDA MERLANO y hasta al mismo \u00c1LEX CHAR, actual candidato a la alcald\u00eda de la capital del Atl\u00e1ntico, donde repunta como favorito.<\/p>\n<p><img fetchpriority=\"high\" decoding=\"async\" class=\"alignnone size-medium wp-image-1681\" src=\"https:\/\/www.chivasycronicas.com\/wp-content\/uploads\/2023\/09\/WhatsApp-Image-2023-09-06-at-8.54.21-PM-300x178.jpeg\" alt=\"\" width=\"300\" height=\"178\" \/><\/p>\n<p><em>Sala Penal de la Corte<\/em><\/p>\n<p>La noticia, divulgada desde temprano por la propia Corte Suprema de Justicia, cae como \u00abuna bomba\u00bb sobre las campa\u00f1as pol\u00edticas del momento, pero m\u00e1s directamente contra la de \u00c1LEX CHAR, pues tambi\u00e9n es nombrado en el mismo proceso en el que se ordena la captura de su hermano. Adem\u00e1s, la decisi\u00f3n de los magistrados se basa, en gran porcentaje,\u00a0 en el testimonio y las pruebas aportadas por la exsenadora AIDA MERLANO, part\u00edcipe de la misma\u00a0 red corrupta, y quien ahora es testigo estrella de la investigaci\u00f3n. Es decir, la Corte le dio plena credibilidad a su testimonio.<\/p>\n<h2>Vargas, Llora?<\/h2>\n<p><img decoding=\"async\" class=\"alignnone size-medium wp-image-1682 lazyload\" data-src=\"https:\/\/www.chivasycronicas.com\/wp-content\/uploads\/2023\/09\/WhatsApp-Image-2023-09-06-at-8.53.13-PM-300x225.jpeg\" alt=\"\" width=\"300\" height=\"225\" src=\"data:image\/gif;base64,R0lGODlhAQABAAAAACH5BAEKAAEALAAAAAABAAEAAAICTAEAOw==\" style=\"--smush-placeholder-width: 300px; --smush-placeholder-aspect-ratio: 300\/225;\" \/><\/p>\n<p><em>Arturo Char con su patr\u00f3n, Germ\u00e1n Vargas Lleras<\/em><\/p>\n<p>Otro personaje de la vida pol\u00edtica que igualmente sale salpicado de forma grave, es el ex vicepresidente GERM\u00c1N\u00a0 VARGAS LLERAS, jefe natural de los hermanos CHAR, por ser el l\u00edder indiscutible del partido \u00abCAMBIO RADICAL\u00bb, por el que los dos salieron elegidos, tanto a la anterior alcald\u00eda de Barranquilla como a la\u00a0 del Senado. Este grupo pol\u00edtico es considerado el m\u00e1s corrupto de la pol\u00edtica nacional, al lado del \u00abCENTRO DEMOCR\u00c1TICO\u00bb, a juzgar por el n\u00famero de sus integrantes que est\u00e1n presos, condenados, acusados o investigados, por graves delitos de corrupci\u00f3n y por alianzas criminales.<\/p>\n<p>La situaci\u00f3n es tan delicada y grave para CAMBIO RADICAL, que el propio VARGAS LLERAS se vio en la necesidad de salir a pedirle p\u00fablicamente a ARTURO CHAR, que regrese al pa\u00eds y se entregue voluntariamente a la Justicia, en el entendido de que, de lo contrario,\u00a0 se ver\u00eda expuesto a una captura en Estados Unidos, a donde se fue pocos d\u00edas antes de que la Corte Suprema lo llamara a indagatoria. Vargas agreg\u00f3 que cree en la inocencia de su pupilo.<\/p>\n<p>&nbsp;<\/p>\n<p><img decoding=\"async\" class=\"alignnone size-medium wp-image-1683 lazyload\" data-src=\"https:\/\/www.chivasycronicas.com\/wp-content\/uploads\/2023\/09\/WhatsApp-Image-2023-09-06-at-9.58.19-PM-300x254.jpeg\" alt=\"\" width=\"300\" height=\"254\" src=\"data:image\/gif;base64,R0lGODlhAQABAAAAACH5BAEKAAEALAAAAAABAAEAAAICTAEAOw==\" style=\"--smush-placeholder-width: 300px; --smush-placeholder-aspect-ratio: 300\/254;\" \/><\/p>\n<h2>Se entregar\u00e1 en Estados Unidos?<\/h2>\n<p>En las horas de la tarde de este mismo mi\u00e9rcoles, el exsenador CHAR anunci\u00f3 a trav\u00e9s de sus redes sociales, que est\u00e1 dispuesto a responder por sus actos ante la Justicia, a la que dijo respetar y acatar, pese a que se neg\u00f3 a comparecer a rendir la indagatoria de forma presencial.<\/p>\n<p>\u00ab<em>He ejercido mis derechos y continuar\u00e9 haci\u00e9ndolo hasta demostrar mi absoluta inocencia. Las mentiras de la se\u00f1ora Merlano tarde o temprano se pondr\u00e1n en evidencia no solo ante mis jueces sino ante la opini\u00f3n publica<\/em>\u00ab.<\/p>\n<p><img decoding=\"async\" class=\"alignnone size-medium wp-image-1684 lazyload\" data-src=\"https:\/\/www.chivasycronicas.com\/wp-content\/uploads\/2023\/09\/WhatsApp-Image-2023-09-06-at-8.53.12-PM-300x275.jpeg\" alt=\"\" width=\"300\" height=\"275\" src=\"data:image\/gif;base64,R0lGODlhAQABAAAAACH5BAEKAAEALAAAAAABAAEAAAICTAEAOw==\" style=\"--smush-placeholder-width: 300px; --smush-placeholder-aspect-ratio: 300\/275;\" \/><\/p>\n<h2>El comunicado de la Corte<\/h2>\n<p><em>Chivas y Cr\u00f3nicas<\/em> publica el comunicado oficial con el que la Corte Suprema anunci\u00f3 la orden de captura internacional contra ARTURO CHAR, explicando que se debi\u00f3 a que varias veces el sindicado se neg\u00f3 a comparecer a rendir Indagatoria.<\/p>\n<p><img decoding=\"async\" class=\"alignnone size-medium wp-image-1685 lazyload\" data-src=\"https:\/\/www.chivasycronicas.com\/wp-content\/uploads\/2023\/09\/WhatsApp-Image-2023-09-06-at-8.56.52-PM-232x300.jpeg\" alt=\"\" width=\"232\" height=\"300\" src=\"data:image\/gif;base64,R0lGODlhAQABAAAAACH5BAEKAAEALAAAAAABAAEAAAICTAEAOw==\" style=\"--smush-placeholder-width: 232px; --smush-placeholder-aspect-ratio: 232\/300;\" \/><\/p>\n<p>La noticia tambi\u00e9n salpica las campa\u00f1as regionales del Centro Democr\u00e1tico y del uribismo en varias capitales del pa\u00eds,. empezando por Bogot\u00e1, donde es claro el apoyo de los CHAR y del propio VARGAS LLERAS a candidatos como CARLOS FERNANDO GAL\u00c1N, lo mismo que en Medell\u00edn, donde se sabe que el aspirante FICO GUTI\u00c9RREZ es amigo personal de ARTURO CHAR y aliado pol\u00edtico de ese grupo familiar.<\/p>\n<p><img decoding=\"async\" class=\"alignnone size-medium wp-image-1686 lazyload\" data-src=\"https:\/\/www.chivasycronicas.com\/wp-content\/uploads\/2023\/09\/WhatsApp-Image-2023-09-06-at-10.11.08-PM-300x294.jpeg\" alt=\"\" width=\"300\" height=\"294\" src=\"data:image\/gif;base64,R0lGODlhAQABAAAAACH5BAEKAAEALAAAAAABAAEAAAICTAEAOw==\" style=\"--smush-placeholder-width: 300px; --smush-placeholder-aspect-ratio: 300\/294;\" \/><\/p>\n<p><em>Foto reciente del pr\u00f3fugo Arturo Char con Fico Guti\u00e9rrez<\/em><\/p>\n","protected":false},"excerpt":{"rendered":"<p>ATENCI\u00d3N. El exsenador ARTURO CHAR, se\u00f1alado como uno de los \u00abvagos\u00bb del Congreso, ser\u00e1 capturado de un momento a otro por un mega proceso de Corrupci\u00f3n Pol\u00edtica, en el que la Corte Suprema de Justicia acaba de dictarle Medida de Aseguramiento por tres graves delitos, relacionados con la compra de votos en la Costa Atl\u00e1ntica, [&hellip;]<\/p>\n","protected":false},"author":2,"featured_media":1680,"comment_status":"open","ping_status":"open","sticky":false,"template":"","format":"standard","meta":{"footnotes":""},"categories":[27],"tags":[105,106,2063,108,2064],"class_list":["post-1678","post","type-post","status-publish","format-standard","has-post-thumbnail","hentry","category-la-noticia","tag-aida-merlano","tag-alex-char","tag-arturo-char","tag-corte-suprema","tag-german-vargas"],"views":4,"_links":{"self":[{"href":"https:\/\/chivasycronicas.com\/index.php?rest_route=\/wp\/v2\/posts\/1678","targetHints":{"allow":["GET"]}}],"collection":[{"href":"https:\/\/chivasycronicas.com\/index.php?rest_route=\/wp\/v2\/posts"}],"about":[{"href":"https:\/\/chivasycronicas.com\/index.php?rest_route=\/wp\/v2\/types\/post"}],"author":[{"embeddable":true,"href":"https:\/\/chivasycronicas.com\/index.php?rest_route=\/wp\/v2\/users\/2"}],"replies":[{"embeddable":true,"href":"https:\/\/chivasycronicas.com\/index.php?rest_route=%2Fwp%2Fv2%2Fcomments&post=1678"}],"version-history":[{"count":0,"href":"https:\/\/chivasycronicas.com\/index.php?rest_route=\/wp\/v2\/posts\/1678\/revisions"}],"wp:featuredmedia":[{"embeddable":true,"href":"https:\/\/chivasycronicas.com\/index.php?rest_route=\/"}],"wp:attachment":[{"href":"https:\/\/chivasycronicas.com\/index.php?rest_route=%2Fwp%2Fv2%2Fmedia&parent=1678"}],"wp:term":[{"taxonomy":"category","embeddable":true,"href":"https:\/\/chivasycronicas.com\/index.php?rest_route=%2Fwp%2Fv2%2Fcategories&post=1678"},{"taxonomy":"post_tag","embeddable":true,"href":"https:\/\/chivasycronicas.com\/index.php?rest_route=%2Fwp%2Fv2%2Ftags&post=1678"}],"curies":[{"name":"wp","href":"https:\/\/api.w.org\/{rel}","templated":true}]}}