{"id":1778,"date":"2023-09-21T22:13:32","date_gmt":"2023-09-22T03:13:32","guid":{"rendered":"https:\/\/www.chivasycronicas.com\/?p=1778"},"modified":"2023-09-21T22:13:32","modified_gmt":"2023-09-22T03:13:32","slug":"las-mentiras-de-la-zuluaga-velez-y-otros-periodistas-uribistas-contra-petro","status":"publish","type":"post","link":"https:\/\/chivasycronicas.com\/?p=1778","title":{"rendered":"LAS MENTIRAS De la Zuluaga, V\u00e9lez y otros periodistas uribistas contra PETRO"},"content":{"rendered":"<p>VOLVIERON A CAER \u00abRedonditos\u00bb los periodistas uribistas, con otra gran \u00abFalsa noticia\u00bb contra el Presidente PETRO, esta vez en relaci\u00f3n con su visita a Nueva York, donde, despu\u00e9s de la ceremonia oficial y su discurso ante la Asamblea de la ONU, el mandatario colombiano se reuni\u00f3 con otros influyentes jefes de Estado del mundo, como BIDEN de Estados Unidos y LULA de Brasil.<\/p>\n<p><img fetchpriority=\"high\" decoding=\"async\" class=\"alignnone size-medium wp-image-1781\" src=\"https:\/\/www.chivasycronicas.com\/wp-content\/uploads\/2023\/09\/WhatsApp-Image-2023-09-21-at-9.53.40-PM-300x178.jpeg\" alt=\"\" width=\"300\" height=\"178\" \/><\/p>\n<p><em>Petro se reuni\u00f3 con Biden y Lula, despu\u00e9s de la Asamblea ONU<\/em><\/p>\n<p>La gran mentira est\u00e1 ligada a la reuni\u00f3n bilateral que PETRO ten\u00eda pactada con su hom\u00f3logo de Corea del Sur,\u00a0 YOON SUK YEO. No se sabe por qu\u00e9 raz\u00f3n, o de d\u00f3nde sacaron la informaci\u00f3n, pero cuatro de los m\u00e1s radicales\u00a0 periodistas opositores, empleados de los llamados \u00abgrandes medios\u00bb del pa\u00eds, informaron de forma casi simult\u00e1nea, que \u00abPETRO incumpli\u00f3 \u00bb la importante cita, a la que, aseguraron sin sonrojarse, el mandatario colombiano lleg\u00f3 tarde.<\/p>\n<p>Lo curioso es que, tambi\u00e9n casi de forma simult\u00e1nea, la Oficina de Prensa de la Presidencia de Colombia emit\u00eda unas fotos en las cuentas oficiales, en las que se le ve al presidente PETRO muy sonriente y radiante al lado de su hom\u00f3logo surcoreano en Nueva York, estrech\u00e1ndole la mano.<\/p>\n<p><img decoding=\"async\" class=\"alignnone size-medium wp-image-1782 lazyload\" data-src=\"https:\/\/www.chivasycronicas.com\/wp-content\/uploads\/2023\/09\/WhatsApp-Image-2023-09-21-at-9.58.56-PM-259x300.jpeg\" alt=\"\" width=\"259\" height=\"300\" src=\"data:image\/gif;base64,R0lGODlhAQABAAAAACH5BAEKAAEALAAAAAABAAEAAAICTAEAOw==\" style=\"--smush-placeholder-width: 259px; --smush-placeholder-aspect-ratio: 259\/300;\" \/><\/p>\n<p><em>La Foto oficial de la Presidencia, que desmiente a los periodistas<\/em><\/p>\n<p>El caso que m\u00e1s ha llamado la atenci\u00f3n es el de la ex actriz y ex presentadora CAMILA ZULUAGA, del Canal Caracol, donde dirige y presenta la secci\u00f3n de chismes llamada \u00abC\u00d3DIGO CARACOL\u00bb, cuya primera informaci\u00f3n del mi\u00e9rcoles, en el horario \u00abPrime\u00bb, fue justamente la del \u00abIncumplimiento\u00bb del presidente PETRO a la cita, agregando adem\u00e1s que se debi\u00f3 a que lleg\u00f3 tarde al encuentro, lo que habr\u00eda desatado la furia de \u00ablos muy cumplidos\u00bb coreanos. El presidente se vio obligado a desmentir a CARACOL, a trav\u00e9s de sus redes sociales. \u00abLa cita jam\u00e1s se cancel\u00f3\u00bb.<\/p>\n<p><img decoding=\"async\" class=\"alignnone size-medium wp-image-1783 lazyload\" data-src=\"https:\/\/www.chivasycronicas.com\/wp-content\/uploads\/2023\/09\/WhatsApp-Image-2023-09-21-at-9.57.52-PM-235x300.jpeg\" alt=\"\" width=\"235\" height=\"300\" src=\"data:image\/gif;base64,R0lGODlhAQABAAAAACH5BAEKAAEALAAAAAABAAEAAAICTAEAOw==\" style=\"--smush-placeholder-width: 235px; --smush-placeholder-aspect-ratio: 235\/300;\" \/><\/p>\n<p>No hay que olvidar que fue el mismo CANAL CARACOL, que dirige el capit\u00e1n de la Reserva de la Polic\u00eda JUAN ROBERTO VARGAS, el que divulg\u00f3 lo que llamaron \u00abUna Explosiva\u00bb entrevista con el hermano del presidente\u00a0 PETRO, en la que se mencion\u00f3 que el jefe de Estado de los colombianos sufre \u00abde la enfermedad\u00bb de Asperger, raz\u00f3n por la cual llegaba tarde a sus citas o no asist\u00eda a sus actos oficiales.<\/p>\n<p><img decoding=\"async\" class=\"alignnone size-medium wp-image-1784 lazyload\" data-src=\"https:\/\/www.chivasycronicas.com\/wp-content\/uploads\/2023\/09\/WhatsApp-Image-2023-09-21-at-10.03.40-PM-300x171.jpeg\" alt=\"\" width=\"300\" height=\"171\" src=\"data:image\/gif;base64,R0lGODlhAQABAAAAACH5BAEKAAEALAAAAAABAAEAAAICTAEAOw==\" style=\"--smush-placeholder-width: 300px; --smush-placeholder-aspect-ratio: 300\/171;\" \/><\/p>\n<p><em>El Cap. de la Polic\u00eda Juan R. Vargas, anunciando la \u00abchiva\u00bb del Asperger de Petro\u00a0<\/em><\/p>\n<p>Otros que cayeron \u00abredonditos\u00bb en la falsa noticia, son la Revista Semana que dirige la ex presentadora uribista VICKY D\u00c1VILA, y la emisora La FM de RCN, propiedad del \u00abGrupo Ardila Lulle\u00bb, cuyos espacios noticiosos dirige el ex presentador LUIS CARLOS V\u00c9LEZ.<\/p>\n<p><img decoding=\"async\" class=\"alignnone size-medium wp-image-1785 lazyload\" data-src=\"https:\/\/www.chivasycronicas.com\/wp-content\/uploads\/2023\/09\/WhatsApp-Image-2023-09-21-at-6.12.17-PM-300x275.jpeg\" alt=\"\" width=\"300\" height=\"275\" src=\"data:image\/gif;base64,R0lGODlhAQABAAAAACH5BAEKAAEALAAAAAABAAEAAAICTAEAOw==\" style=\"--smush-placeholder-width: 300px; --smush-placeholder-aspect-ratio: 300\/275;\" \/><\/p>\n<p>V\u00c9LEZ se ha dado a conocer por asumir una clara Oposici\u00f3n al gobierno de Petro, especialmente desde cuando se supo que una de sus compa\u00f1eras de Mesa de Trabajo mantiene una uni\u00f3n marital con uno de los empresarios denunciados por PETRO, por hechos de corrupci\u00f3n en el llamado \u00abCartel de Contratos\u00bb de Bogot\u00e1.<\/p>\n<p>Tambi\u00e9n minti\u00f3 el peri\u00f3dico El Colombiano de Medell\u00edn, dirigido por la periodista uribista LUZ MAR\u00cdA SIERRA, el medio antioque\u00f1o que se declar\u00f3 enemigo del actual alcalde de la ciudad, porque, al parecer, le quit\u00f3 m\u00e1s de la mitad de la pauta publicitaria que otros exalcaldes acostumbraban a darle, representado en miles de millones de pesos.<\/p>\n<p><img decoding=\"async\" class=\"alignnone size-medium wp-image-1786 lazyload\" data-src=\"https:\/\/www.chivasycronicas.com\/wp-content\/uploads\/2023\/09\/WhatsApp-Image-2023-09-21-at-10.09.20-PM-300x282.jpeg\" alt=\"\" width=\"300\" height=\"282\" src=\"data:image\/gif;base64,R0lGODlhAQABAAAAACH5BAEKAAEALAAAAAABAAEAAAICTAEAOw==\" style=\"--smush-placeholder-width: 300px; --smush-placeholder-aspect-ratio: 300\/282;\" \/><\/p>\n<p>Y hasta la noche de este jueves, ninguno de los mencionados medios sali\u00f3 a rectificar las falsas noticias, como tampoco lo hicieron con la informaci\u00f3n seg\u00fan la cual a Petro lo dejaron solo en el auditorio de la ONU, cuando se dispuso a leer su discurso. En realidad, hubo un receso por protocolos de seguridad, despu\u00e9s de la intervenci\u00f3n de BIDEN, y para facilitar la salida del esquema de seguridad del presidente norteamericano.<\/p>\n","protected":false},"excerpt":{"rendered":"<p>VOLVIERON A CAER \u00abRedonditos\u00bb los periodistas uribistas, con otra gran \u00abFalsa noticia\u00bb contra el Presidente PETRO, esta vez en relaci\u00f3n con su visita a Nueva York, donde, despu\u00e9s de la ceremonia oficial y su discurso ante la Asamblea de la ONU, el mandatario colombiano se reuni\u00f3 con otros influyentes jefes de Estado del mundo, como [&hellip;]<\/p>\n","protected":false},"author":2,"featured_media":1780,"comment_status":"open","ping_status":"open","sticky":false,"template":"","format":"standard","meta":{"footnotes":""},"categories":[24],"tags":[415,840],"class_list":["post-1778","post","type-post","status-publish","format-standard","has-post-thumbnail","hentry","category-la-mentira","tag-petro","tag-vicky-davila"],"views":18,"_links":{"self":[{"href":"https:\/\/chivasycronicas.com\/index.php?rest_route=\/wp\/v2\/posts\/1778","targetHints":{"allow":["GET"]}}],"collection":[{"href":"https:\/\/chivasycronicas.com\/index.php?rest_route=\/wp\/v2\/posts"}],"about":[{"href":"https:\/\/chivasycronicas.com\/index.php?rest_route=\/wp\/v2\/types\/post"}],"author":[{"embeddable":true,"href":"https:\/\/chivasycronicas.com\/index.php?rest_route=\/wp\/v2\/users\/2"}],"replies":[{"embeddable":true,"href":"https:\/\/chivasycronicas.com\/index.php?rest_route=%2Fwp%2Fv2%2Fcomments&post=1778"}],"version-history":[{"count":0,"href":"https:\/\/chivasycronicas.com\/index.php?rest_route=\/wp\/v2\/posts\/1778\/revisions"}],"wp:featuredmedia":[{"embeddable":true,"href":"https:\/\/chivasycronicas.com\/index.php?rest_route=\/"}],"wp:attachment":[{"href":"https:\/\/chivasycronicas.com\/index.php?rest_route=%2Fwp%2Fv2%2Fmedia&parent=1778"}],"wp:term":[{"taxonomy":"category","embeddable":true,"href":"https:\/\/chivasycronicas.com\/index.php?rest_route=%2Fwp%2Fv2%2Fcategories&post=1778"},{"taxonomy":"post_tag","embeddable":true,"href":"https:\/\/chivasycronicas.com\/index.php?rest_route=%2Fwp%2Fv2%2Ftags&post=1778"}],"curies":[{"name":"wp","href":"https:\/\/api.w.org\/{rel}","templated":true}]}}