{"id":2441,"date":"2024-03-20T16:19:12","date_gmt":"2024-03-20T21:19:12","guid":{"rendered":"https:\/\/chivasycronicas.com\/?p=2441"},"modified":"2024-03-20T16:19:12","modified_gmt":"2024-03-20T21:19:12","slug":"car-cundinamarca-el-muro-para-contener-a-la-nina-a-orillas-del-rio-bogota","status":"publish","type":"post","link":"https:\/\/chivasycronicas.com\/?p=2441","title":{"rendered":"CAR Cundinamarca: El \u00abmuro\u00bb para contener a \u00abLa Ni\u00f1a\u00bb, a orillas del R\u00edo Bogot\u00e1"},"content":{"rendered":"<p style=\"text-align: justify\">El fen\u00f3meno de \u00abLa Ni\u00f1a\u00bb podr\u00eda traer fuertes lluvias y, como hist\u00f3ricamente ha ocurrido, los consecuentes desbordamientos de los r\u00edos que circulan por Cundinamarca, muchos de los cuales ponen en riesgo a las poblaciones que bordean. En ese sentido, para la Corporaci\u00f3n Aut\u00f3noma Regional del departamento, es de especial cuidado el asombroso R\u00edo Bogot\u00e1, pues sus aguas ba\u00f1an varios municipios y ciudades sabaneras, empezando por la mism\u00edsima Bogot\u00e1, con populosos barrios construidos pr\u00e1cticamente a sus orillas.<\/p>\n<p style=\"text-align: justify\"><img fetchpriority=\"high\" decoding=\"async\" class=\"alignnone size-medium wp-image-2447\" src=\"https:\/\/chivasycronicas.com\/wp-content\/uploads\/2024\/03\/WhatsApp-Image-2024-03-20-at-4.06.34-PM-5-300x172.jpeg\" alt=\"\" width=\"300\" height=\"172\" srcset=\"https:\/\/chivasycronicas.com\/wp-content\/uploads\/2024\/03\/WhatsApp-Image-2024-03-20-at-4.06.34-PM-5-300x172.jpeg 300w, https:\/\/chivasycronicas.com\/wp-content\/uploads\/2024\/03\/WhatsApp-Image-2024-03-20-at-4.06.34-PM-5-1024x589.jpeg 1024w, https:\/\/chivasycronicas.com\/wp-content\/uploads\/2024\/03\/WhatsApp-Image-2024-03-20-at-4.06.34-PM-5-768x442.jpeg 768w, https:\/\/chivasycronicas.com\/wp-content\/uploads\/2024\/03\/WhatsApp-Image-2024-03-20-at-4.06.34-PM-5.jpeg 1242w\" sizes=\"(max-width: 300px) 100vw, 300px\" \/><\/p>\n<p style=\"text-align: justify\">Por eso, desde ya, la C.A.R Cundinamarca puso en marcha un agresivo plan de obras de refuerzo en la cuenca media del r\u00edo, b\u00e1sicamente, para evitar desbordamientos. Seg\u00fan lo anunci\u00f3 el director de la entidad, \u00c1LFRED BALLESTEROS, este \u00aboperativo\u00bb de contingencia se desarrollar\u00e1 en varias fases, a partir de mitad de este a\u00f1o:<\/p>\n<p>\u2022 M\u00e1s de 20 m\u00e1quinas, que estar\u00e1n operando durante nueve meses en cinco frentes de trabajo, realizando mantenimiento a los trabajos de adecuaci\u00f3n hidr\u00e1ulica, que iniciaron desde el 2012.<br \/>\n\u2022 Se retirar\u00e1n 1.400.000 metros c\u00fabicos (Un mill\u00f3n cuatrocientos mil) de sedimentos en 68 kil\u00f3metros. Esto es, el barro que se acumula principalmente en las orillas, como consecuencia de los aguaceros y tormentas.<\/p>\n<p style=\"text-align: justify\"><img decoding=\"async\" class=\"alignnone size-full wp-image-2445 lazyload\" data-src=\"https:\/\/chivasycronicas.com\/wp-content\/uploads\/2024\/03\/WhatsApp-Image-2024-03-20-at-4.06.34-PM-3.jpeg\" alt=\"\" width=\"248\" height=\"203\" src=\"data:image\/gif;base64,R0lGODlhAQABAAAAACH5BAEKAAEALAAAAAABAAEAAAICTAEAOw==\" style=\"--smush-placeholder-width: 248px; --smush-placeholder-aspect-ratio: 248\/203;\" \/><\/p>\n<p style=\"text-align: justify\">\u00c1lfred Ballesteros, director Car Cundinamarca<\/p>\n<h2 style=\"text-align: justify\">Comunicado Oficial<\/h2>\n<p style=\"text-align: justify\">Desde la Oficina de Comunicaciones de la CAR Cundinamarca se expidi\u00f3 una comunicaci\u00f3n p\u00fablica, para que, a partir de la fecha, las distintas regionales comiencen a divulgar las alertas entre la poblaci\u00f3n y mantener un monitoreo de las cuencas.<\/p>\n<p style=\"text-align: justify\"><img decoding=\"async\" class=\"alignnone size-medium wp-image-2444 lazyload\" data-src=\"https:\/\/chivasycronicas.com\/wp-content\/uploads\/2024\/03\/WhatsApp-Image-2024-03-20-at-4.06.34-PM-2-300x200.jpeg\" alt=\"\" width=\"300\" height=\"200\" data-srcset=\"https:\/\/chivasycronicas.com\/wp-content\/uploads\/2024\/03\/WhatsApp-Image-2024-03-20-at-4.06.34-PM-2-300x200.jpeg 300w, https:\/\/chivasycronicas.com\/wp-content\/uploads\/2024\/03\/WhatsApp-Image-2024-03-20-at-4.06.34-PM-2-1024x682.jpeg 1024w, https:\/\/chivasycronicas.com\/wp-content\/uploads\/2024\/03\/WhatsApp-Image-2024-03-20-at-4.06.34-PM-2-768x512.jpeg 768w, https:\/\/chivasycronicas.com\/wp-content\/uploads\/2024\/03\/WhatsApp-Image-2024-03-20-at-4.06.34-PM-2.jpeg 1280w\" data-sizes=\"(max-width: 300px) 100vw, 300px\" src=\"data:image\/gif;base64,R0lGODlhAQABAAAAACH5BAEKAAEALAAAAAABAAEAAAICTAEAOw==\" style=\"--smush-placeholder-width: 300px; --smush-placeholder-aspect-ratio: 300\/200;\" \/><\/p>\n<p style=\"text-align: justify\"><em>Las 20 m\u00e1quinas ya est\u00e1n listas<\/em><\/p>\n<p style=\"text-align: justify\">\u00ab<strong><em>La Corporaci\u00f3n Aut\u00f3noma Regional de Cundinamarca (CAR) inici\u00f3 trabajos de prevenci\u00f3n y mantenimiento a las obras de adecuaci\u00f3n hidr\u00e1ulica realizadas en la cuenca media del r\u00edo Bogot\u00e1 para evitar emergencias por desbordamiento del afluente.<\/em><\/strong><\/p>\n<p style=\"text-align: justify\"><strong><em>La meta, seg\u00fan inform\u00f3 el director de la entidad, es retirar 1.400.000 metros c\u00fabicos de sedimentos con m\u00e1s de 20 m\u00e1quinas, entre barcazas y planchones, que estar\u00e1n operando en cinco frentes de trabajo a lo largo de los 68 kil\u00f3metros de la cuenca media, desde las compuertas de Alicach\u00edn en Soacha hasta el sector del puente de La Virgen en Cajic\u00e1.<\/em><\/strong><\/p>\n<p style=\"text-align: justify\"><strong><em>\u201cEstamos prepar\u00e1ndonos frente al Fen\u00f3meno de La Ni\u00f1a. Volver a retirar el sedimento que se ha acumulado durante los \u00faltimos 12 a\u00f1os es lo que va a permitir que se protejan las comunidades ribere\u00f1as\u201d, explic\u00f3 Alfred Ballesteros, director general de la CAR.<\/em><\/strong><\/p>\n<p style=\"text-align: justify\"><img decoding=\"async\" class=\"alignnone size-medium wp-image-2446 lazyload\" data-src=\"https:\/\/chivasycronicas.com\/wp-content\/uploads\/2024\/03\/WhatsApp-Image-2024-03-20-at-4.06.34-PM-4-300x164.jpeg\" alt=\"\" width=\"300\" height=\"164\" data-srcset=\"https:\/\/chivasycronicas.com\/wp-content\/uploads\/2024\/03\/WhatsApp-Image-2024-03-20-at-4.06.34-PM-4-300x164.jpeg 300w, https:\/\/chivasycronicas.com\/wp-content\/uploads\/2024\/03\/WhatsApp-Image-2024-03-20-at-4.06.34-PM-4-1024x561.jpeg 1024w, https:\/\/chivasycronicas.com\/wp-content\/uploads\/2024\/03\/WhatsApp-Image-2024-03-20-at-4.06.34-PM-4-768x421.jpeg 768w, https:\/\/chivasycronicas.com\/wp-content\/uploads\/2024\/03\/WhatsApp-Image-2024-03-20-at-4.06.34-PM-4.jpeg 1242w\" data-sizes=\"(max-width: 300px) 100vw, 300px\" src=\"data:image\/gif;base64,R0lGODlhAQABAAAAACH5BAEKAAEALAAAAAABAAEAAAICTAEAOw==\" style=\"--smush-placeholder-width: 300px; --smush-placeholder-aspect-ratio: 300\/164;\" \/><\/p>\n<p style=\"text-align: justify\"><strong><em>Con las obras de adecuaci\u00f3n que se realizaron en 2012 se ampli\u00f3 el cauce del r\u00edo, pasando de 30 a 60 metros para darle mayor capacidad a su caudal, adem\u00e1s se construyeron zonas naturales de inundaci\u00f3n controlada.<\/em><\/strong><\/p>\n<p style=\"text-align: justify\"><strong><em>\u201cSon obras que hoy est\u00e1n blindando a la cuenca media, pero ante el anuncio del Fen\u00f3meno de La Ni\u00f1a, se hace necesario ejecutar actividades de prevenci\u00f3n\u201d, manifest\u00f3 el director de la CAR.<\/em><\/strong><\/p>\n<p style=\"text-align: justify\"><strong><em>\u201cQue este Fen\u00f3meno de La Ni\u00f1a, que ha sido anunciado a partir del mes de agosto, no vaya a afectar a las comunidades que est\u00e1n asentadas en la cuenca media del r\u00edo Bogot\u00e1. Las autoridades ambientales debemos invertir en estas obras de prevenci\u00f3n de ese riesgo que tenemos de inundaciones generado por el cambio clim\u00e1tico y por el Fen\u00f3meno de La Ni\u00f1a\u201d, agreg\u00f3.<\/em><\/strong><\/p>\n<p style=\"text-align: justify\"><strong><em>Las obras se extender\u00e1n por los pr\u00f3ximos nueve meses\u00bb<\/em><\/strong><\/p>\n<h2 style=\"text-align: justify\">Qu\u00e9 es el Fen\u00f3meno de la Ni\u00f1a?<\/h2>\n<p style=\"text-align: justify\"><img decoding=\"async\" class=\"alignnone size-medium wp-image-2443 lazyload\" data-src=\"https:\/\/chivasycronicas.com\/wp-content\/uploads\/2024\/03\/WhatsApp-Image-2024-03-20-at-4.06.34-PM-1-300x202.jpeg\" alt=\"\" width=\"300\" height=\"202\" data-srcset=\"https:\/\/chivasycronicas.com\/wp-content\/uploads\/2024\/03\/WhatsApp-Image-2024-03-20-at-4.06.34-PM-1-300x202.jpeg 300w, https:\/\/chivasycronicas.com\/wp-content\/uploads\/2024\/03\/WhatsApp-Image-2024-03-20-at-4.06.34-PM-1-768x518.jpeg 768w, https:\/\/chivasycronicas.com\/wp-content\/uploads\/2024\/03\/WhatsApp-Image-2024-03-20-at-4.06.34-PM-1.jpeg 1024w\" data-sizes=\"(max-width: 300px) 100vw, 300px\" src=\"data:image\/gif;base64,R0lGODlhAQABAAAAACH5BAEKAAEALAAAAAABAAEAAAICTAEAOw==\" style=\"--smush-placeholder-width: 300px; --smush-placeholder-aspect-ratio: 300\/202;\" \/><\/p>\n<p style=\"text-align: justify\">El fen\u00f3meno de \u00abLa Ni\u00f1a\u00bb en Colombia se caracteriza por un aumento considerable de las precipitaciones\u00a0 y una disminuci\u00f3n de las temperaturas\u00a0 (Tambi\u00e9n conocido como anomal\u00edas positivas y negativas) afectando principalmente\u00a0 las regiones Andina, Caribe y Pac\u00edfica, as\u00ed como el llamado Piedemonte Llanero.<\/p>\n<p style=\"text-align: justify\">Seg\u00fan el <em>Ideam<\/em>, este fen\u00f3meno podr\u00eda durar entre nueve meses y permanecer hasta tres a\u00f1o, alterando los climas de\u00a0 forma dram\u00e1tica, ben sea aumentado las lluvias y las corrientes fr\u00edas, o aumentando los calores, generando sequ\u00edas y veranos intensos.<\/p>\n","protected":false},"excerpt":{"rendered":"<p>El fen\u00f3meno de \u00abLa Ni\u00f1a\u00bb podr\u00eda traer fuertes lluvias y, como hist\u00f3ricamente ha ocurrido, los consecuentes desbordamientos de los r\u00edos que circulan por Cundinamarca, muchos de los cuales ponen en riesgo a las poblaciones que bordean. En ese sentido, para la Corporaci\u00f3n Aut\u00f3noma Regional del departamento, es de especial cuidado el asombroso R\u00edo Bogot\u00e1, pues [&hellip;]<\/p>\n","protected":false},"author":2,"featured_media":2442,"comment_status":"open","ping_status":"open","sticky":false,"template":"","format":"standard","meta":{"footnotes":""},"categories":[23],"tags":[2163,2162],"class_list":["post-2441","post","type-post","status-publish","format-standard","has-post-thumbnail","hentry","category-la-cronica","tag-car-cundinamarca","tag-fenomeno-de-la-nina"],"views":17,"_links":{"self":[{"href":"https:\/\/chivasycronicas.com\/index.php?rest_route=\/wp\/v2\/posts\/2441","targetHints":{"allow":["GET"]}}],"collection":[{"href":"https:\/\/chivasycronicas.com\/index.php?rest_route=\/wp\/v2\/posts"}],"about":[{"href":"https:\/\/chivasycronicas.com\/index.php?rest_route=\/wp\/v2\/types\/post"}],"author":[{"embeddable":true,"href":"https:\/\/chivasycronicas.com\/index.php?rest_route=\/wp\/v2\/users\/2"}],"replies":[{"embeddable":true,"href":"https:\/\/chivasycronicas.com\/index.php?rest_route=%2Fwp%2Fv2%2Fcomments&post=2441"}],"version-history":[{"count":1,"href":"https:\/\/chivasycronicas.com\/index.php?rest_route=\/wp\/v2\/posts\/2441\/revisions"}],"predecessor-version":[{"id":2448,"href":"https:\/\/chivasycronicas.com\/index.php?rest_route=\/wp\/v2\/posts\/2441\/revisions\/2448"}],"wp:featuredmedia":[{"embeddable":true,"href":"https:\/\/chivasycronicas.com\/index.php?rest_route=\/wp\/v2\/media\/2442"}],"wp:attachment":[{"href":"https:\/\/chivasycronicas.com\/index.php?rest_route=%2Fwp%2Fv2%2Fmedia&parent=2441"}],"wp:term":[{"taxonomy":"category","embeddable":true,"href":"https:\/\/chivasycronicas.com\/index.php?rest_route=%2Fwp%2Fv2%2Fcategories&post=2441"},{"taxonomy":"post_tag","embeddable":true,"href":"https:\/\/chivasycronicas.com\/index.php?rest_route=%2Fwp%2Fv2%2Ftags&post=2441"}],"curies":[{"name":"wp","href":"https:\/\/api.w.org\/{rel}","templated":true}]}}