{"id":2506,"date":"2024-04-04T17:31:13","date_gmt":"2024-04-04T22:31:13","guid":{"rendered":"https:\/\/chivasycronicas.com\/?p=2506"},"modified":"2024-04-04T17:34:14","modified_gmt":"2024-04-04T22:34:14","slug":"atencion-comision-disciplinaria-de-justicia-decidira-si-fiscal-burgos-continua-con-el-proceso-contra-hijo-del-presidente-petro","status":"publish","type":"post","link":"https:\/\/chivasycronicas.com\/?p=2506","title":{"rendered":"ATENCI\u00d3N: Comisi\u00f3n Disciplinaria de Justicia decidir\u00e1 si fiscal BURGOS contin\u00faa con el proceso contra hijo del Presidente PETRO"},"content":{"rendered":"<p style=\"text-align: justify\">ATENCI\u00d3N. El proceso que involucra a NICOL\u00c1S PETRO con un presunto Enriquecimiento Il\u00edcito, podr\u00eda dar un giro radical en los pr\u00f3ximos d\u00edas, cuando la Comisi\u00f3n Disciplinaria de la Justicia decida si separa del caso al pol\u00e9mico e investigado fiscal BURGOS, el mismo que propici\u00f3 la medi\u00e1tica y controvertida captura del hijo del Presidente de la Rep\u00fablica en su apartamento de Barranquilla, donde, literalmente, lo sacaron en calzoncillos de su habitaci\u00f3n, cuando dorm\u00eda con su esposa LAURA OJEDA, encontr\u00e1ndose ella con ocho meses de embarazo.<\/p>\n<p style=\"text-align: justify\"><img fetchpriority=\"high\" decoding=\"async\" class=\"alignnone size-medium wp-image-2511\" src=\"https:\/\/chivasycronicas.com\/wp-content\/uploads\/2024\/04\/WhatsApp-Image-2024-04-04-at-5.02.33-PM-300x283.jpeg\" alt=\"\" width=\"300\" height=\"283\" srcset=\"https:\/\/chivasycronicas.com\/wp-content\/uploads\/2024\/04\/WhatsApp-Image-2024-04-04-at-5.02.33-PM-300x283.jpeg 300w, https:\/\/chivasycronicas.com\/wp-content\/uploads\/2024\/04\/WhatsApp-Image-2024-04-04-at-5.02.33-PM-1024x965.jpeg 1024w, https:\/\/chivasycronicas.com\/wp-content\/uploads\/2024\/04\/WhatsApp-Image-2024-04-04-at-5.02.33-PM-768x724.jpeg 768w, https:\/\/chivasycronicas.com\/wp-content\/uploads\/2024\/04\/WhatsApp-Image-2024-04-04-at-5.02.33-PM.jpeg 1242w\" sizes=\"(max-width: 300px) 100vw, 300px\" \/><\/p>\n<p style=\"text-align: justify\"><em>Pantallazo del video filtrado a Semana, por orden del fiscal Burgos<\/em><\/p>\n<p style=\"text-align: justify\">Es que, precisamente, ese procedimiento policial de captura, y su posterior filtraci\u00f3n a la Revista Semana, fue una de las razones que propici\u00f3 que el caso llegara a conocimiento de la Comisi\u00f3n Nacional de Disciplina, pues el abogado de la Defensa de PETRO y algunos opinadores y dirigentes pol\u00edticos, pidieron que se establezca si BURGOS incurri\u00f3 en falta disciplinaria.<\/p>\n<p style=\"text-align: justify\">\u201c<strong><em>Ese video se encontraba en custodia exclusiva de la Fiscal\u00eda General de la Naci\u00f3n y el despacho del fiscal primero delegado para la seguridad territorial, Mario Burgos Pati\u00f1o (&#8230;) Como podr\u00e1 observar el despacho, se observan im\u00e1genes sensibles del se\u00f1or Petro Burgos y su pareja Laura Ojeda Estupi\u00f1\u00e1n que estaban en custodia del fiscal titular\u201d,<\/em><\/strong> dijo en su momento el abogado MAURICIO PAVA, quien para el caso de la financiaci\u00f3n de la campa\u00f1a presidencial, oficia como defensor.<\/p>\n<p style=\"text-align: justify\">De hecho, el mismo presidente GUSTAVO PETRO pidi\u00f3 que se investigara hasta qu\u00e9 punto el rol de ese fiscal le daba para filtrar el video, que claramente muestra momentos de la intimidad de NICOL\u00c1S PETRO y de su esposa, a quien se le ve en ropa interior y, como se dijo, estando en estado de embarazo.<\/p>\n<p style=\"text-align: justify\"><img decoding=\"async\" class=\"alignnone size-medium wp-image-2512 lazyload\" data-src=\"https:\/\/chivasycronicas.com\/wp-content\/uploads\/2024\/04\/WhatsApp-Image-2024-04-04-at-5.02.33-PM-1-300x285.jpeg\" alt=\"\" width=\"300\" height=\"285\" data-srcset=\"https:\/\/chivasycronicas.com\/wp-content\/uploads\/2024\/04\/WhatsApp-Image-2024-04-04-at-5.02.33-PM-1-300x285.jpeg 300w, https:\/\/chivasycronicas.com\/wp-content\/uploads\/2024\/04\/WhatsApp-Image-2024-04-04-at-5.02.33-PM-1-1024x972.jpeg 1024w, https:\/\/chivasycronicas.com\/wp-content\/uploads\/2024\/04\/WhatsApp-Image-2024-04-04-at-5.02.33-PM-1-768x729.jpeg 768w, https:\/\/chivasycronicas.com\/wp-content\/uploads\/2024\/04\/WhatsApp-Image-2024-04-04-at-5.02.33-PM-1.jpeg 1242w\" data-sizes=\"(max-width: 300px) 100vw, 300px\" src=\"data:image\/gif;base64,R0lGODlhAQABAAAAACH5BAEKAAEALAAAAAABAAEAAAICTAEAOw==\" style=\"--smush-placeholder-width: 300px; --smush-placeholder-aspect-ratio: 300\/285;\" \/><\/p>\n<p style=\"text-align: justify\"><em>Pantallazo del video filtrado a Semana<\/em><\/p>\n<p style=\"text-align: justify\">\u00abNadie ha pedido que se separa del caso al fiscal BURGOS, lo que se esta pidiendo es que se establezca si con su proceder, es decir la captura y posterior filtraci\u00f3n del video, se le violaron derechos fundamentales a NICOL\u00c1S y su esposa, y si se extralimit\u00f3 en sus funciones\u00bb, dijo a este portal un abogado allegado a la defensa del hijo del Presidente.<\/p>\n<p style=\"text-align: justify\"><img decoding=\"async\" class=\"alignnone size-medium wp-image-2509 lazyload\" data-src=\"https:\/\/chivasycronicas.com\/wp-content\/uploads\/2024\/04\/WhatsApp-Image-2024-04-04-at-4.30.10-PM-238x300.jpeg\" alt=\"\" width=\"238\" height=\"300\" data-srcset=\"https:\/\/chivasycronicas.com\/wp-content\/uploads\/2024\/04\/WhatsApp-Image-2024-04-04-at-4.30.10-PM-238x300.jpeg 238w, https:\/\/chivasycronicas.com\/wp-content\/uploads\/2024\/04\/WhatsApp-Image-2024-04-04-at-4.30.10-PM-812x1024.jpeg 812w, https:\/\/chivasycronicas.com\/wp-content\/uploads\/2024\/04\/WhatsApp-Image-2024-04-04-at-4.30.10-PM-768x969.jpeg 768w, https:\/\/chivasycronicas.com\/wp-content\/uploads\/2024\/04\/WhatsApp-Image-2024-04-04-at-4.30.10-PM.jpeg 1015w\" data-sizes=\"(max-width: 238px) 100vw, 238px\" src=\"data:image\/gif;base64,R0lGODlhAQABAAAAACH5BAEKAAEALAAAAAABAAEAAAICTAEAOw==\" style=\"--smush-placeholder-width: 238px; --smush-placeholder-aspect-ratio: 238\/300;\" \/><\/p>\n<p style=\"text-align: justify\">Con los mismos razonamientos, la ONG \u00ab<strong><em>Dilo Colombia<\/em><\/strong>\u00bb (@ColombiaDilo) hizo p\u00fablicos varios argumentos, en el sentido de que lo que se est\u00e1 pidiendo no es la separaci\u00f3n del fiscal BURGOS, quien, de hecho, es quien deber\u00eda seguir al frente del caso. Lo que se plantea es que se investigue su proceder por posible arbitrariedad y abuso de autoridad.<\/p>\n<p style=\"text-align: justify\">\u00ab<strong><em>Los medios confunden peras con manzanas. Nadie le ha pedido a la Fiscal\u00eda suspender o cambiar al fiscal Burgos que lleva el caso Nicol\u00e1s Petro. Otra cosa, es la investigaci\u00f3n, de oficio, que le abri\u00f3 la Comisi\u00f3n Nacional de disciplina judicial, por la presunta filtraci\u00f3n de videos que est\u00e1n en custodia exclusiva de Burgos y su equipo. En la Comisi\u00f3n, el apoderado del presidente pidi\u00f3 la suspensi\u00f3n como una medida disciplinaria y el caso se encuentra en estudio\u00bb<\/em><\/strong><\/p>\n<p style=\"text-align: justify\">Dicha ONG reaccion\u00f3 a publicaciones de medios abiertamente opositores del Gobierno Petro, que han convertido en noticia el hecho de que el fiscal BURGOS a\u00fan est\u00e9 al frente del caso, cuando esa no es la discusi\u00f3n, pues nadie le ha pedido a la nueva fiscal general que lo remueva del proceso.<\/p>\n<p style=\"text-align: justify\"><img decoding=\"async\" class=\"alignnone size-medium wp-image-2510 lazyload\" data-src=\"https:\/\/chivasycronicas.com\/wp-content\/uploads\/2024\/04\/WhatsApp-Image-2024-04-04-at-4.28.46-PM-244x300.jpeg\" alt=\"\" width=\"244\" height=\"300\" data-srcset=\"https:\/\/chivasycronicas.com\/wp-content\/uploads\/2024\/04\/WhatsApp-Image-2024-04-04-at-4.28.46-PM-244x300.jpeg 244w, https:\/\/chivasycronicas.com\/wp-content\/uploads\/2024\/04\/WhatsApp-Image-2024-04-04-at-4.28.46-PM-833x1024.jpeg 833w, https:\/\/chivasycronicas.com\/wp-content\/uploads\/2024\/04\/WhatsApp-Image-2024-04-04-at-4.28.46-PM-768x944.jpeg 768w, https:\/\/chivasycronicas.com\/wp-content\/uploads\/2024\/04\/WhatsApp-Image-2024-04-04-at-4.28.46-PM.jpeg 1041w\" data-sizes=\"(max-width: 244px) 100vw, 244px\" src=\"data:image\/gif;base64,R0lGODlhAQABAAAAACH5BAEKAAEALAAAAAABAAEAAAICTAEAOw==\" style=\"--smush-placeholder-width: 244px; --smush-placeholder-aspect-ratio: 244\/300;\" \/><\/p>\n<p style=\"text-align: justify\">La ONG y otros abogados consultados por este portal, insisten en que es la Comisi\u00f3n Nacional de Disciplina la \u00fanica instancia jurisdiccional que puede decidir si se cambia o no al fiscal, dependiendo del resultado de las investigaciones que ya se adelantan, por cuenta de las denuncias.<\/p>\n<p style=\"text-align: justify\">\u00ab<strong><em>Es natural que en la Fiscal\u00eda General el caso de Nicol\u00e1s Petro siga en manos del Fiscal Mario Burgos. Quien debe definir si incurri\u00f3 o no en una o varias faltas disciplinarias, y si estas ameritan un pliego de cargos y una suspensi\u00f3n, es la Comisi\u00f3n Nacional de Disciplina Judicial quien de oficio lo vincul\u00f3 a una investigaci\u00f3n por faltas a la ley y a la \u00e9tica en el caso contra Nicol\u00e1s Petro<\/em><\/strong>\u00ab, agrega la ONG \u00abDilo Colombia\u00bb, a prop\u00f3sito de las equivocadas publicaciones period\u00edsticas.<\/p>\n<h2 style=\"text-align: justify\">Comisi\u00f3n alista decisi\u00f3n<\/h2>\n<p style=\"text-align: justify\"><img decoding=\"async\" class=\"alignnone size-medium wp-image-2513 lazyload\" data-src=\"https:\/\/chivasycronicas.com\/wp-content\/uploads\/2024\/04\/WhatsApp-Image-2024-04-04-at-5.14.49-PM-1-300x169.jpeg\" alt=\"\" width=\"300\" height=\"169\" data-srcset=\"https:\/\/chivasycronicas.com\/wp-content\/uploads\/2024\/04\/WhatsApp-Image-2024-04-04-at-5.14.49-PM-1-300x169.jpeg 300w, https:\/\/chivasycronicas.com\/wp-content\/uploads\/2024\/04\/WhatsApp-Image-2024-04-04-at-5.14.49-PM-1-1024x576.jpeg 1024w, https:\/\/chivasycronicas.com\/wp-content\/uploads\/2024\/04\/WhatsApp-Image-2024-04-04-at-5.14.49-PM-1-768x432.jpeg 768w, https:\/\/chivasycronicas.com\/wp-content\/uploads\/2024\/04\/WhatsApp-Image-2024-04-04-at-5.14.49-PM-1.jpeg 1280w\" data-sizes=\"(max-width: 300px) 100vw, 300px\" src=\"data:image\/gif;base64,R0lGODlhAQABAAAAACH5BAEKAAEALAAAAAABAAEAAAICTAEAOw==\" style=\"--smush-placeholder-width: 300px; --smush-placeholder-aspect-ratio: 300\/169;\" \/><\/p>\n<p style=\"text-align: justify\"><em>La Comisi\u00f3n Nal de Disciplina la componen 9 magistrados<\/em><\/p>\n<p style=\"text-align: justify\">As\u00ed las cosas, las denuncias contra el fiscal BURGOS continuar\u00e1n su proceso normal en la Comisi\u00f3n Nacional de Disciplina, que es \u00abel juez\u00bb natural del fiscal en este caso y la instancia que, dependiendo de la valoraci\u00f3n probatoria, determine si el controvertido funcionario judicial incurri\u00f3 en falta disciplinaria y, si es del caso, sea apartado del conocimiento del proceso contra NICOL\u00c1S PETRO.<\/p>\n<p style=\"text-align: justify\">Este portal conoci\u00f3 que la denuncia contra el fiscal BURGOS ya fue repartida entre los siete magistrados que componen la Comisi\u00f3n Nacional de Disciplina Judicial, y que en las pr\u00f3ximas horas el magistrado al que se le asign\u00f3 el caso, presentar\u00e1 un proyecto de decisi\u00f3n, que podr\u00eda ser el de abrir formalmente la investigaci\u00f3n disciplinaria contra el fiscal, o incluso, en la misma providencia, suspenderlo de esas funciones especificas, mientras se surte el resto del proceso.<\/p>\n<p style=\"text-align: justify\">Por ahora, el fiscal BURGOS permanece en su despacho y con los otros procesos que le han sido asignados desde la Administraci\u00f3n BARBOSA, pues la nueva fiscal general no tiene potestad para, subjetivamente, apartarlo de ninguno de los expedientes que conoce, como tampoco para ratificarlo, en el entendido del respeto a la independencia que por orden constitucional estos funcionarios judiciales tienen, salvo que otra instancia autorizada lo decrete en un proceso jurisdiccional.<\/p>\n<p style=\"text-align: justify\">\n","protected":false},"excerpt":{"rendered":"<p>ATENCI\u00d3N. El proceso que involucra a NICOL\u00c1S PETRO con un presunto Enriquecimiento Il\u00edcito, podr\u00eda dar un giro radical en los pr\u00f3ximos d\u00edas, cuando la Comisi\u00f3n Disciplinaria de la Justicia decida si separa del caso al pol\u00e9mico e investigado fiscal BURGOS, el mismo que propici\u00f3 la medi\u00e1tica y controvertida captura del hijo del Presidente de la [&hellip;]<\/p>\n","protected":false},"author":2,"featured_media":2516,"comment_status":"open","ping_status":"open","sticky":false,"template":"","format":"standard","meta":{"footnotes":""},"categories":[22],"tags":[784,785],"class_list":["post-2506","post","type-post","status-publish","format-standard","has-post-thumbnail","hentry","category-la-chiva","tag-laura-ojeda","tag-nicolas-petro"],"views":37,"_links":{"self":[{"href":"https:\/\/chivasycronicas.com\/index.php?rest_route=\/wp\/v2\/posts\/2506","targetHints":{"allow":["GET"]}}],"collection":[{"href":"https:\/\/chivasycronicas.com\/index.php?rest_route=\/wp\/v2\/posts"}],"about":[{"href":"https:\/\/chivasycronicas.com\/index.php?rest_route=\/wp\/v2\/types\/post"}],"author":[{"embeddable":true,"href":"https:\/\/chivasycronicas.com\/index.php?rest_route=\/wp\/v2\/users\/2"}],"replies":[{"embeddable":true,"href":"https:\/\/chivasycronicas.com\/index.php?rest_route=%2Fwp%2Fv2%2Fcomments&post=2506"}],"version-history":[{"count":4,"href":"https:\/\/chivasycronicas.com\/index.php?rest_route=\/wp\/v2\/posts\/2506\/revisions"}],"predecessor-version":[{"id":2517,"href":"https:\/\/chivasycronicas.com\/index.php?rest_route=\/wp\/v2\/posts\/2506\/revisions\/2517"}],"wp:featuredmedia":[{"embeddable":true,"href":"https:\/\/chivasycronicas.com\/index.php?rest_route=\/wp\/v2\/media\/2516"}],"wp:attachment":[{"href":"https:\/\/chivasycronicas.com\/index.php?rest_route=%2Fwp%2Fv2%2Fmedia&parent=2506"}],"wp:term":[{"taxonomy":"category","embeddable":true,"href":"https:\/\/chivasycronicas.com\/index.php?rest_route=%2Fwp%2Fv2%2Fcategories&post=2506"},{"taxonomy":"post_tag","embeddable":true,"href":"https:\/\/chivasycronicas.com\/index.php?rest_route=%2Fwp%2Fv2%2Ftags&post=2506"}],"curies":[{"name":"wp","href":"https:\/\/api.w.org\/{rel}","templated":true}]}}