{"id":304,"date":"2023-02-18T21:13:57","date_gmt":"2023-02-19T02:13:57","guid":{"rendered":"https:\/\/www.chivasycronicas.com\/?p=304"},"modified":"2023-02-18T21:13:57","modified_gmt":"2023-02-19T02:13:57","slug":"benedetti-char-matrimonio-a-la-vista","status":"publish","type":"post","link":"https:\/\/chivasycronicas.com\/?p=304","title":{"rendered":"BENEDETTI-CHAR, \u00abMatrimonio\u00bb a la vista?"},"content":{"rendered":"<p>Dicen que en pol\u00edtica todo se vale y que, en \u00e9poca de guerra, cualquier hueco es trinchera. Pues eso es lo que pareciera estar pasando en Barranquilla, en cuyos mentideros se escucha con insistencia que pronto se sentar\u00e1n a fumarse la pipa de la paz, el actual embajador de Colombia en Venezuela ARMANDO BENEDETTI y el ex alcalde y topoderoso de la Costa \u00c1LEX CHAR.<\/p>\n<p>Por descabellado que suene, los chismes indican que pese a su rivalidad casi sangrienta, amigos de ambos personajes est\u00e1n buscando acercamiento, pues ambos necesitan de un flotador que los saque de las aguas turbulentas en las que podr\u00edan empezar a nadar m\u00e1s temprano que tarde. Ambos, por cuenta de l\u00edos judiciales y, tambi\u00e9n en ambos casos, por sus aspiraciones pol\u00edticas futuras.<\/p>\n<h2>Se la fumar\u00e1n?<\/h2>\n<p>Lo que los alej\u00f3 desde hace muchos a\u00f1os a estos dos barranquilleros, ahora los puede acercar y llevarlos a darse un fuerte abrazo, a fumarse la pipa de la paz y, por qu\u00e9 no?, a darse un caluroso beso, como acostumbra hacerlo el actual embajador BENEDETTI con sus nuevos amigos, y ya lo hizo con el presidente GUSTAVO PETRO.<\/p>\n<p><img fetchpriority=\"high\" decoding=\"async\" class=\"alignnone size-medium wp-image-316\" src=\"https:\/\/www.chivasycronicas.com\/wp-content\/uploads\/2023\/02\/Screenshot_20230218_200945_com.android.chrome_edit_18534779765011-300x217.jpg\" alt=\"\" width=\"300\" height=\"217\" \/><\/p>\n<p>Y es que, a prop\u00f3sito del presidente PETRO, lo que dice en esos pasillos es que ya le dio la bendici\u00f3n a su embajador en Venezuela, para que inicie su preparaci\u00f3n para la que ser\u00eda su campa\u00f1a a la alcald\u00eda de BARRANQUILLA, para lo cual, obviamente, se requiere, si o s\u00ed, de lo que haga o deje hacer el ex alcalde CHAR, el \u00abmandam\u00e1s\u00bb electoral de la capital del Atl\u00e1ntico y, lo m\u00e1s determinante,\u00a0 el due\u00f1o de la chequera.<\/p>\n<p>Dicen tambi\u00e9n que ya ha habido acercamientos entre los dos personajes, a trav\u00e9s de amigos comunes, dirigentes pol\u00edticos de la regi\u00f3n. No es descabellado que, m\u00e1s temprano que tarde, se produzca un encuentro presencial, aunque ser\u00eda muy reservado. Extra\u00f1amente, BENEDETTI no ha vuelto a su tierra desde hace varios meses, y todo lo hace desde Caracas v\u00eda digital, o se arrima\u00a0 ala frontera.<\/p>\n<h2>Aida Merlano los une<\/h2>\n<p>Los chismosos tambi\u00e9n explican que el eje central, el puente que unir\u00eda este par de enemigos, ser\u00eda la mism\u00edsima AIDA MERLANO, la ex senadora que tiene contra las cuerdas no solamente a su ex amante \u00c1LEX CHAR, sino a casi todo el clan familiar, por cuenta de los secretos que les guarda, sobre corrupci\u00f3n pol\u00edtica, como compra de votos y artima\u00f1as electorales, y \u00abotras cositas\u00bb del bajo mundo y hasta de \u00abfaldas\u00bb.<\/p>\n<p><img decoding=\"async\" class=\"alignnone size-medium wp-image-315 lazyload\" data-src=\"https:\/\/www.chivasycronicas.com\/wp-content\/uploads\/2023\/02\/Screenshot_20230218_195514_com.android.chrome_edit_18368365359345-300x178.jpg\" alt=\"\" width=\"300\" height=\"178\" src=\"data:image\/gif;base64,R0lGODlhAQABAAAAACH5BAEKAAEALAAAAAABAAEAAAICTAEAOw==\" style=\"--smush-placeholder-width: 300px; --smush-placeholder-aspect-ratio: 300\/178;\" \/><\/p>\n<p><em>Aida Merlano confes\u00f3 su relaci\u00f3n sentimental con \u00c1lex Cha<\/em>r<\/p>\n<p>Como la ex senadora est\u00e1 detenida bajo protecci\u00f3n en Venezuela, cuidada por el r\u00e9gimen de MADURO, pues el embajador BENEDETTI tiene \u00abla sart\u00e9n por el mango\u00bb, porque tiene acceso privilegiado y directo a ella. De \u00e9l depende, en gran medida, que la hermosa AIDA MERLANO regrese a Colombia extraditada, donde, seg\u00fan amenaza,\u00a0 soltar\u00e1 \u00abla lengua\u00bb con todo y sus secretos, documentos, cheques, grabaciones y otras pruebas, si es que de verdad las tiene.<\/p>\n<p>Por eso, el supuesto \u00abarreglo\u00bb entre estos dos personajes consistir\u00eda en un \u00abhag\u00e1monos pasito\u00bb, que consiste en que BENEDETTI convenza a la MERLANO de que le baje el ritmo a su intenci\u00f3n de \u00abclavar\u00bb a su ex pareja sentimental, a cambio de que los CHAR le despejen el camino de su aspiraci\u00f3n a la alcald\u00eda de Barranquilla.<\/p>\n<p>Por el lado de BENEDETTI, dicen los mismos chismosos, que est\u00e1 aligerando sus gestiones para quitarse a la Corte Suprema de encima, como quiera que la magistrada CRISTINA LOMBANA de la Sala Penal, \u00able respira en la nuca\u00bb y acaba de citarlo a indagatoria por PECULADO, relacionado con el esc\u00e1ndalo de corrupci\u00f3n del \u00abasalto\u00bb a FONADE. El embajador ya le pidi\u00f3 a la alta corporaci\u00f3n, que deje su caso en manos de la Fiscal\u00eda, por cuanto considera que la Corte no es la competente, porque los hechos materia de investigaci\u00f3n ocurrieron cuando no ostentaba la investidura de senador.<\/p>\n<p>&nbsp;<\/p>\n<p>&nbsp;<\/p>\n<p>&nbsp;<\/p>\n","protected":false},"excerpt":{"rendered":"<p>Dicen que en pol\u00edtica todo se vale y que, en \u00e9poca de guerra, cualquier hueco es trinchera. Pues eso es lo que pareciera estar pasando en Barranquilla, en cuyos mentideros se escucha con insistencia que pronto se sentar\u00e1n a fumarse la pipa de la paz, el actual embajador de Colombia en Venezuela ARMANDO BENEDETTI y [&hellip;]<\/p>\n","protected":false},"author":2,"featured_media":314,"comment_status":"open","ping_status":"open","sticky":false,"template":"","format":"standard","meta":{"footnotes":""},"categories":[1],"tags":[105,106,107,108,109],"class_list":["post-304","post","type-post","status-publish","format-standard","has-post-thumbnail","hentry","category-blog","tag-aida-merlano","tag-alex-char","tag-armando-benedetti","tag-corte-suprema","tag-fonade"],"views":7,"_links":{"self":[{"href":"https:\/\/chivasycronicas.com\/index.php?rest_route=\/wp\/v2\/posts\/304","targetHints":{"allow":["GET"]}}],"collection":[{"href":"https:\/\/chivasycronicas.com\/index.php?rest_route=\/wp\/v2\/posts"}],"about":[{"href":"https:\/\/chivasycronicas.com\/index.php?rest_route=\/wp\/v2\/types\/post"}],"author":[{"embeddable":true,"href":"https:\/\/chivasycronicas.com\/index.php?rest_route=\/wp\/v2\/users\/2"}],"replies":[{"embeddable":true,"href":"https:\/\/chivasycronicas.com\/index.php?rest_route=%2Fwp%2Fv2%2Fcomments&post=304"}],"version-history":[{"count":0,"href":"https:\/\/chivasycronicas.com\/index.php?rest_route=\/wp\/v2\/posts\/304\/revisions"}],"wp:featuredmedia":[{"embeddable":true,"href":"https:\/\/chivasycronicas.com\/index.php?rest_route=\/"}],"wp:attachment":[{"href":"https:\/\/chivasycronicas.com\/index.php?rest_route=%2Fwp%2Fv2%2Fmedia&parent=304"}],"wp:term":[{"taxonomy":"category","embeddable":true,"href":"https:\/\/chivasycronicas.com\/index.php?rest_route=%2Fwp%2Fv2%2Fcategories&post=304"},{"taxonomy":"post_tag","embeddable":true,"href":"https:\/\/chivasycronicas.com\/index.php?rest_route=%2Fwp%2Fv2%2Ftags&post=304"}],"curies":[{"name":"wp","href":"https:\/\/api.w.org\/{rel}","templated":true}]}}