{"id":3146,"date":"2024-11-14T19:18:56","date_gmt":"2024-11-15T00:18:56","guid":{"rendered":"https:\/\/chivasycronicas.com\/?p=3146"},"modified":"2024-11-14T19:18:56","modified_gmt":"2024-11-15T00:18:56","slug":"alerta-ante-la-furia-del-invierno-tenga-en-cuenta-recomendaciones-de-la-car-cundinamarca","status":"publish","type":"post","link":"https:\/\/chivasycronicas.com\/?p=3146","title":{"rendered":"ALERTA: Ante la furia del invierno, tenga en cuenta recomendaciones de la CAR Cundinamarca."},"content":{"rendered":"<p style=\"text-align: justify\">CUNDINAMARCA Es uno de los departamentos del centro del pa\u00eds, m\u00e1s afectado por la ola invernal que ya causa tragedias en otras regiones equidistantes. Seg\u00fan los reportes iniciales, son 35 los municipios m\u00e1s golpeados, especialmente con deslizamientos de tierra, inundaciones y aumento del cauce de r\u00edos y quebradas.<\/p>\n<p style=\"text-align: justify\">Los municipios m\u00e1s afectados son Puerto Salgar, Suesca y Gachancip\u00e1, aunque tambi\u00e9n se reportan afectaciones en Nilo, Caparrap\u00ed, F\u00f3meque, Chaguan\u00ed, Pandi, San Juan de R\u00edoseco, Cota y Manta, sin contar con lo que est\u00e1 ocurriendo en la capital del pa\u00eds.<\/p>\n<p style=\"text-align: justify\">Como se pronostica que las fuertes lluvias se extender\u00e1n hasta finales de diciembre, la <strong><em>CAR Cundinamarca<\/em><\/strong> se vio\u00a0 en la necesidad de activar un Puesto de Mando Unificado (PMU) desde el cual se mantendr\u00e1 permanente monitoreo y, dependiendo de las verificaciones, en el instante se tomar\u00e1n medidas de emergencia.<\/p>\n<p><img fetchpriority=\"high\" decoding=\"async\" class=\"alignnone size-medium wp-image-3151\" src=\"https:\/\/chivasycronicas.com\/wp-content\/uploads\/2024\/11\/WhatsApp-Image-2024-11-14-at-7.10.54-PM-1-300x169.jpeg\" alt=\"\" width=\"300\" height=\"169\" srcset=\"https:\/\/chivasycronicas.com\/wp-content\/uploads\/2024\/11\/WhatsApp-Image-2024-11-14-at-7.10.54-PM-1-300x169.jpeg 300w, https:\/\/chivasycronicas.com\/wp-content\/uploads\/2024\/11\/WhatsApp-Image-2024-11-14-at-7.10.54-PM-1-1024x575.jpeg 1024w, https:\/\/chivasycronicas.com\/wp-content\/uploads\/2024\/11\/WhatsApp-Image-2024-11-14-at-7.10.54-PM-1-768x432.jpeg 768w, https:\/\/chivasycronicas.com\/wp-content\/uploads\/2024\/11\/WhatsApp-Image-2024-11-14-at-7.10.54-PM-1.jpeg 1050w\" sizes=\"(max-width: 300px) 100vw, 300px\" \/><\/p>\n<h2 style=\"text-align: justify\">Comunicado Oficial de la Car<\/h2>\n<p style=\"text-align: justify\">\u00ab<strong><em>Para garantizar una vigilancia continua, generar informaci\u00f3n t\u00e9cnica oportuna y apoyar la toma de decisiones de las autoridades frente a posibles emergencias derivadas del incremento de lluvias, la CAR activ\u00f3 un puesto de mando unificado- PMU desde el pasado 11 de noviembre.<\/em><\/strong><\/p>\n<p style=\"text-align: justify\"><strong><em>Y es que de acuerdo con los pron\u00f3sticos hidroclim\u00e1ticos del Ideam, se prev\u00e9 que el territorio a cargo de la CAR enfrente alertas asociadas a las intensas precipitaciones que puedan derivar en amenazas por remoci\u00f3n en masa, inundaciones y\/o avenidas torrenciales en algunos municipios de la jurisdicci\u00f3n.<\/em><\/strong><\/p>\n<p style=\"text-align: justify\"><strong><em>Cabe agregar que la CAR es una entidad clave en el apoyo t\u00e9cnico y la coordinaci\u00f3n en temas de sostenibilidad ambiental y conocimiento del riesgo. Sin embargo, las funciones de la CAR no se orientan a la ejecuci\u00f3n directa de la gesti\u00f3n del riesgo a nivel local en cada municipio o distrito, su papel es complementario a las que deben ejecutar las alcald\u00edas y gobernaciones.<\/em><\/strong><\/p>\n<p><img decoding=\"async\" class=\"alignnone size-medium wp-image-3152 lazyload\" data-src=\"https:\/\/chivasycronicas.com\/wp-content\/uploads\/2024\/11\/WhatsApp-Image-2024-11-14-at-7.10.54-PM-2-300x225.jpeg\" alt=\"\" width=\"300\" height=\"225\" data-srcset=\"https:\/\/chivasycronicas.com\/wp-content\/uploads\/2024\/11\/WhatsApp-Image-2024-11-14-at-7.10.54-PM-2-300x225.jpeg 300w, https:\/\/chivasycronicas.com\/wp-content\/uploads\/2024\/11\/WhatsApp-Image-2024-11-14-at-7.10.54-PM-2-1024x768.jpeg 1024w, https:\/\/chivasycronicas.com\/wp-content\/uploads\/2024\/11\/WhatsApp-Image-2024-11-14-at-7.10.54-PM-2-768x576.jpeg 768w, https:\/\/chivasycronicas.com\/wp-content\/uploads\/2024\/11\/WhatsApp-Image-2024-11-14-at-7.10.54-PM-2.jpeg 1280w\" data-sizes=\"(max-width: 300px) 100vw, 300px\" src=\"data:image\/gif;base64,R0lGODlhAQABAAAAACH5BAEKAAEALAAAAAABAAEAAAICTAEAOw==\" style=\"--smush-placeholder-width: 300px; --smush-placeholder-aspect-ratio: 300\/225;\" \/><\/p>\n<h2 style=\"text-align: justify\"><strong><em>El PMU que se encargar\u00e1, entre otras de las siguientes tareas:<\/em><\/strong><\/h2>\n<p style=\"text-align: justify\"><strong><em>\u2022 Recomendar a las empresas de acueducto y alcantarillado municipales, la adopci\u00f3n de labores de inspecci\u00f3n de bocatomas, limpieza de sumideros y alcantarillas para evitar que la obstrucci\u00f3n por elementos o material vegetal impida el paso del agua.<\/em><\/strong><\/p>\n<p style=\"text-align: justify\"><strong><em>\u2022 Sugerir a las autoridades municipales y a la comunidad el reforzamiento en techos para que puedan soportar las lluvias y vientos fuertes.<\/em><\/strong><\/p>\n<p style=\"text-align: justify\"><strong><em>\u2022 Promover e incentivar la adopci\u00f3n de medidas de prevenci\u00f3n del riesgo mediante campa\u00f1as que inviten a la limpieza y cuidado de fuentes h\u00eddricas y zonas aleda\u00f1as a r\u00edos y quebradas, as\u00ed como promover jornadas de limpieza de estas.<\/em><\/strong><\/p>\n<p style=\"text-align: justify\"><strong><em>\u2022 Recomendar a los entes territoriales y empresas de servicios p\u00fablicos realizar mantenimiento de las v\u00edas principales y caminos veredales, con \u00e9nfasis en desag\u00fces y canalizaci\u00f3n de aguas.<\/em><\/strong><\/p>\n<p style=\"text-align: justify\"><strong><em>\u2022 Apoyar la evaluaci\u00f3n y\/o permisos para intervenir \u00e1rboles en riesgo.<\/em><\/strong><\/p>\n<p style=\"text-align: justify\"><strong><em>\u2022 Recomendar a las oficinas de planeaci\u00f3n municipal fortalecer las acciones de vigilancia y control ante la existencia de ocupaciones no formales en zonas de riesgo y mantener los suelos de protecci\u00f3n por fuera de cualquier desarrollo urban\u00edstico.<\/em><\/strong><\/p>\n<p style=\"text-align: justify\"><strong><em>\u2022 Fortalecer las acciones y espacios para reiterar a los alcaldes la importancia de mantener los suelos de protecci\u00f3n por fuera de cualquier desarrollo urban\u00edstico.<\/em><\/strong><\/p>\n<p style=\"text-align: justify\"><strong><em>El PMU de la CAR funcionar\u00e1 de manera ininterrumpida y a trav\u00e9s de herramientas de comunicaci\u00f3n en tiempo real y se apoyar\u00e1 en los datos t\u00e9cnicos y cient\u00edficos proporcionados por las m\u00e1s de 430 estaciones que conforman el sistema de monitoreo hidrometeorol\u00f3gico de que dispone la Entidad.<\/em><\/strong><\/p>\n<p style=\"text-align: justify\"><strong><em>La CAR mantendr\u00e1 el PMU activo por el tiempo que sea necesario y su funcionamiento se enmarca en el contexto de la reciente declaratoria de emergencia nacional debido a los efectos de la variabilidad clim\u00e1tica\u00bb<\/em><\/strong><\/p>\n","protected":false},"excerpt":{"rendered":"<p>CUNDINAMARCA Es uno de los departamentos del centro del pa\u00eds, m\u00e1s afectado por la ola invernal que ya causa tragedias en otras regiones equidistantes. Seg\u00fan los reportes iniciales, son 35 los municipios m\u00e1s golpeados, especialmente con deslizamientos de tierra, inundaciones y aumento del cauce de r\u00edos y quebradas. Los municipios m\u00e1s afectados son Puerto Salgar, [&hellip;]<\/p>\n","protected":false},"author":2,"featured_media":3150,"comment_status":"open","ping_status":"open","sticky":false,"template":"","format":"standard","meta":{"footnotes":""},"categories":[27],"tags":[2163,2233],"class_list":["post-3146","post","type-post","status-publish","format-standard","has-post-thumbnail","hentry","category-la-noticia","tag-car-cundinamarca","tag-ola-invernal"],"views":19,"_links":{"self":[{"href":"https:\/\/chivasycronicas.com\/index.php?rest_route=\/wp\/v2\/posts\/3146","targetHints":{"allow":["GET"]}}],"collection":[{"href":"https:\/\/chivasycronicas.com\/index.php?rest_route=\/wp\/v2\/posts"}],"about":[{"href":"https:\/\/chivasycronicas.com\/index.php?rest_route=\/wp\/v2\/types\/post"}],"author":[{"embeddable":true,"href":"https:\/\/chivasycronicas.com\/index.php?rest_route=\/wp\/v2\/users\/2"}],"replies":[{"embeddable":true,"href":"https:\/\/chivasycronicas.com\/index.php?rest_route=%2Fwp%2Fv2%2Fcomments&post=3146"}],"version-history":[{"count":4,"href":"https:\/\/chivasycronicas.com\/index.php?rest_route=\/wp\/v2\/posts\/3146\/revisions"}],"predecessor-version":[{"id":3153,"href":"https:\/\/chivasycronicas.com\/index.php?rest_route=\/wp\/v2\/posts\/3146\/revisions\/3153"}],"wp:featuredmedia":[{"embeddable":true,"href":"https:\/\/chivasycronicas.com\/index.php?rest_route=\/wp\/v2\/media\/3150"}],"wp:attachment":[{"href":"https:\/\/chivasycronicas.com\/index.php?rest_route=%2Fwp%2Fv2%2Fmedia&parent=3146"}],"wp:term":[{"taxonomy":"category","embeddable":true,"href":"https:\/\/chivasycronicas.com\/index.php?rest_route=%2Fwp%2Fv2%2Fcategories&post=3146"},{"taxonomy":"post_tag","embeddable":true,"href":"https:\/\/chivasycronicas.com\/index.php?rest_route=%2Fwp%2Fv2%2Ftags&post=3146"}],"curies":[{"name":"wp","href":"https:\/\/api.w.org\/{rel}","templated":true}]}}