{"id":3190,"date":"2024-12-03T14:15:42","date_gmt":"2024-12-03T19:15:42","guid":{"rendered":"https:\/\/chivasycronicas.com\/?p=3190"},"modified":"2024-12-03T14:15:42","modified_gmt":"2024-12-03T19:15:42","slug":"condenados-otros-dos-buenos-muchachos-uribistas-delincuentes-y-enviados-a-la-carcel","status":"publish","type":"post","link":"https:\/\/chivasycronicas.com\/?p=3190","title":{"rendered":"CONDENADOS. Otros dos \u00abBuenos muchachos\u00bb uribistas, delincuentes y enviados a la c\u00e1rcel."},"content":{"rendered":"<p style=\"text-align: justify\">DURANTE el Gobierno de \u00c1LVARO URIBE V\u00c9LEZ, dos de sus m\u00e1s cercanos asesores cumplieron un rol determinante dentro del plan uribista de desacreditar a los magistrados de las altas cortes, pol\u00edticos opositores y periodistas investigadores: C\u00c9SAR MAURICIO VEL\u00c1SQUEZ y EDMUNDO DEL CASTILLO, se encargaron, entre otras misiones, de filtrar a ciertos medios de comunicaci\u00f3n, la informaci\u00f3n recolectada de forma ilegal por el DAS, a trav\u00e9s de chuzadas, seguimientos e interceptaci\u00f3n de sus comunicaciones privadas y p\u00fablicas.<\/p>\n<p style=\"text-align: justify\">El periodista VEL\u00c1SQUEZ, en su calidad de Consejero para las Comunicaciones, era quien escog\u00eda la informaci\u00f3n que le entregaba el DAS, la transformaba en noticia y la enviaba a los medios de comunicaci\u00f3n afectos a su patr\u00f3n, el entonces presidente URIBE, mientras que DEL CASTTILLO, asesor jur\u00eddico del Palacio de Nari\u00f1o, se encargaba de contactar a los jefes y directores de esos medios, a quienes les \u00absuger\u00eda\u00bb la publicaci\u00f3n de las noticias contra los magistrados, bajo el argumento de ser \u00abprimicias informativas\u00bb.<\/p>\n<p style=\"text-align: justify\">Fue as\u00ed como a canales privados de Televisi\u00f3n, columnista de opini\u00f3n de Derecha, directores de emisoras ma\u00f1aneras y una revista, llegaban varias de las informaciones mediante las cuales se desacreditaba a los magistrados que investigaban a los esbirros del uribismo, as\u00ed como a aliados pol\u00edticos, congresistas de su partido y familiares.<\/p>\n<p><img decoding=\"async\" class=\"alignnone size-medium wp-image-3197 lazyload\" data-src=\"https:\/\/chivasycronicas.com\/wp-content\/uploads\/2024\/12\/WhatsApp-Image-2024-12-03-at-2.05.44-PM-300x147.jpeg\" alt=\"\" width=\"300\" height=\"147\" data-srcset=\"https:\/\/chivasycronicas.com\/wp-content\/uploads\/2024\/12\/WhatsApp-Image-2024-12-03-at-2.05.44-PM-300x147.jpeg 300w, https:\/\/chivasycronicas.com\/wp-content\/uploads\/2024\/12\/WhatsApp-Image-2024-12-03-at-2.05.44-PM-768x376.jpeg 768w, https:\/\/chivasycronicas.com\/wp-content\/uploads\/2024\/12\/WhatsApp-Image-2024-12-03-at-2.05.44-PM.jpeg 1000w\" data-sizes=\"(max-width: 300px) 100vw, 300px\" src=\"data:image\/gif;base64,R0lGODlhAQABAAAAACH5BAEKAAEALAAAAAABAAEAAAICTAEAOw==\" style=\"--smush-placeholder-width: 300px; --smush-placeholder-aspect-ratio: 300\/147;\" \/><\/p>\n<h2 style=\"text-align: justify\">Una \u00abEmpresa\u00bb Criminal<\/h2>\n<p style=\"text-align: justify\">Por estos hechos, y otros igualmente graves y criminales, la Corte Suprema de Justicia dej\u00f3 en firme la condena de 63 meses de c\u00e1rcel (5 a\u00f1os, 3 meses) contra los dos otrora poderosos asesores uribistas, en el entendido de que qued\u00f3 demostrado que con sus actos incurrieron en varios delitos, principalmente el de Concierto Para Delinquir.<\/p>\n<p style=\"text-align: justify\">En su momento, la Fiscal\u00eda General dej\u00f3 en claro que desde el DAS, en contubernio con los asesores presidenciales y otros altos funcionarios, se cre\u00f3 toda \u00abuna empresa criminal\u00bb que con su actuar viol\u00f3 elementales derechos fundamentales de quienes fueron declarados \u00abObjetivos\u00bb de los seguimientos hechos desde el DAS, en los que adem\u00e1s participaron directamente las directivas de este organismo de seguridad, su directora MAR\u00cdA DEL PILAR HURTADO y sus subdirectores y jefes de unidades, que igualmente ya est\u00e1n condenados y pagaron largas penas de prisi\u00f3n por los mismos delitos.<\/p>\n<p><img decoding=\"async\" class=\"alignnone size-medium wp-image-3198 lazyload\" data-src=\"https:\/\/chivasycronicas.com\/wp-content\/uploads\/2024\/12\/WhatsApp-Image-2024-12-03-at-2.08.25-PM-300x158.jpeg\" alt=\"\" width=\"300\" height=\"158\" data-srcset=\"https:\/\/chivasycronicas.com\/wp-content\/uploads\/2024\/12\/WhatsApp-Image-2024-12-03-at-2.08.25-PM-300x158.jpeg 300w, https:\/\/chivasycronicas.com\/wp-content\/uploads\/2024\/12\/WhatsApp-Image-2024-12-03-at-2.08.25-PM-1024x538.jpeg 1024w, https:\/\/chivasycronicas.com\/wp-content\/uploads\/2024\/12\/WhatsApp-Image-2024-12-03-at-2.08.25-PM-768x403.jpeg 768w, https:\/\/chivasycronicas.com\/wp-content\/uploads\/2024\/12\/WhatsApp-Image-2024-12-03-at-2.08.25-PM.jpeg 1200w\" data-sizes=\"(max-width: 300px) 100vw, 300px\" src=\"data:image\/gif;base64,R0lGODlhAQABAAAAACH5BAEKAAEALAAAAAABAAEAAAICTAEAOw==\" style=\"--smush-placeholder-width: 300px; --smush-placeholder-aspect-ratio: 300\/158;\" \/><\/p>\n<p style=\"text-align: justify\">Las actividades delictivas de esta \u00abEmpresa criminal\u00bb de la que hicieron parte los hoy condenados, llegaron inclusive hasta las entra\u00f1as mismas de la Corte Suprema de Justicia, donde los agentes del organismo plantaron micr\u00f3fonos ocultos, para escuchar los debates sobre los expedientes que la Sala Penal segu\u00eda contra congresistas y aliados uribistas.<\/p>\n<p style=\"text-align: justify\">Tambi\u00e9n grabaron de manera subrepticia a varios magistrados investigadores de la misma Corte, quienes llevaban las investigaciones de la llamada \u00abParapol\u00edtica\u00bb, en las que estaban vinculados varios congresistas, alcaldes, gobernadores y concejales uribistas que se reunieron y pactaron con grupos paramilitares. Por \u00f3rdenes que llegaron directamente desde Palacio de Nari\u00f1o, se camuflaron micr\u00f3fonos en chaquetas y vestuario personal, a trav\u00e9s de sofisticados equipos de grabaci\u00f3n previamente acondicionados por el mismo DAS, con la ayuda de jefes paramilitares presos en c\u00e1rceles del\u00a0 pa\u00eds..<\/p>\n<p style=\"text-align: justify\">Esos videos, grabaciones y fotograf\u00edas, eran enviados a los directores de los medios amigos del uribismo, para que fueran publicados como \u00abGrandes primicias informativas\u00bb, as\u00ed como a columnistas de opini\u00f3n de los m\u00e1s reputados peri\u00f3dicos de la \u00e9poca.<\/p>\n<p style=\"text-align: justify\">\u00ab<strong><em>La finalidad no era otra que afectar y deslegitimar a quienes, como la Corte y su investigaci\u00f3n conocida como parapol\u00edtica, que afectaba a pol\u00edticos y familiares cercanos al Presidente de la Rep\u00fablica de la \u00e9poca, se consideraban opositores del Gobierno<\/em><\/strong>\u00ab, deja en claro el fallo.<\/p>\n<p><img fetchpriority=\"high\" decoding=\"async\" class=\"alignnone size-medium wp-image-3200\" src=\"https:\/\/chivasycronicas.com\/wp-content\/uploads\/2024\/12\/WhatsApp-Image-2024-12-03-at-2.10.06-PM-300x217.jpeg\" alt=\"\" width=\"300\" height=\"217\" srcset=\"https:\/\/chivasycronicas.com\/wp-content\/uploads\/2024\/12\/WhatsApp-Image-2024-12-03-at-2.10.06-PM-300x217.jpeg 300w, https:\/\/chivasycronicas.com\/wp-content\/uploads\/2024\/12\/WhatsApp-Image-2024-12-03-at-2.10.06-PM-768x556.jpeg 768w, https:\/\/chivasycronicas.com\/wp-content\/uploads\/2024\/12\/WhatsApp-Image-2024-12-03-at-2.10.06-PM.jpeg 780w\" sizes=\"(max-width: 300px) 100vw, 300px\" \/><\/p>\n<p style=\"text-align: justify\">Uno de los casos m\u00e1s emblem\u00e1ticos fue el de la congresista YIDIS MEDINA, a quien le investigaron sus cuentas y movimientos bancarios y financieros y le \u00abmontaron\u00bb un Falso Positivo Judicial, para incriminarla en un supuesto secuestro, por el que incluso alcanz\u00f3 a ser condenada en primera instancia, siendo enviada\u00a0 y a prisi\u00f3n.<\/p>\n<p style=\"text-align: justify\">Despu\u00e9s se descubri\u00f3 que se trat\u00f3 de un montaje hecho por el DAS, en respuesta a que la entonces parlamentaria se convirti\u00f3 en testigo de cargo contra URIBE y devel\u00f3 la forma como, por orden del Gobierno, compraron votos en el Congreso para garantizar la aprobaci\u00f3n de una Ley que autorizara una segunda reelecci\u00f3n del jefe de estado. El material f\u00edlmico y fotogr\u00e1fico recaudado falsamente por el AS, fue enviado a varios medios de comunicaci\u00f3n para que lo publicaran y de esa forma se desprestigiara el testimonio de la se\u00f1ora MEDINA..<\/p>\n<h2 style=\"text-align: justify\">Orden de Captura<\/h2>\n<p style=\"text-align: justify\">La decisi\u00f3n, que fue asumida por una sala de Conjueces, la Corte Suprema deja en claro que los dos ex funcionarios son CULPABLES porque, adem\u00e1s de que se les demuestra sus conductas criminales, traicionaron la confianza depositada en ellos por la Sociedad, adem\u00e1s de que atentaron contra los derechos sagrados de sus v\u00edctimas, al intentar hacer p\u00fabicas actividades \u00edntimas y familiares de sus \u00abObjetivos\u00bb, para desacreditarlos ante la Opini\u00f3n P\u00fablica.<\/p>\n<p style=\"text-align: justify\">La Corte le otorga a DEL CASTILLO el beneficio de la \u00abCasa por C\u00e1rcel\u00bb, en el entendido de que ha comparecido al proceso y se encuentra en Bogot\u00e1, mientras que al periodista VEL\u00c1SQUEZ le libra orden de captura, pues ha estado fuera del pa\u00eds, huyendo, protegido y refugiado entre el c\u00edrculo del \u00ab<strong>Opus Dei<\/strong>\u00ab, poderosa congregaci\u00f3n cat\u00f3lica\u00a0 allegada al Vaticano, en Roma Italia, donde fue embajador del gobierno Uribe.<\/p>\n<p><img decoding=\"async\" class=\"alignnone size-medium wp-image-3202 lazyload\" data-src=\"https:\/\/chivasycronicas.com\/wp-content\/uploads\/2024\/12\/WhatsApp-Image-2024-12-03-at-2.11.37-PM-300x225.jpeg\" alt=\"\" width=\"300\" height=\"225\" data-srcset=\"https:\/\/chivasycronicas.com\/wp-content\/uploads\/2024\/12\/WhatsApp-Image-2024-12-03-at-2.11.37-PM-300x225.jpeg 300w, https:\/\/chivasycronicas.com\/wp-content\/uploads\/2024\/12\/WhatsApp-Image-2024-12-03-at-2.11.37-PM.jpeg 650w\" data-sizes=\"(max-width: 300px) 100vw, 300px\" src=\"data:image\/gif;base64,R0lGODlhAQABAAAAACH5BAEKAAEALAAAAAABAAEAAAICTAEAOw==\" style=\"--smush-placeholder-width: 300px; --smush-placeholder-aspect-ratio: 300\/225;\" \/><\/p>\n<p><em>Vel\u00e1squez posesion\u00e1ndose ante el Papa<\/em><\/p>\n<p style=\"text-align: justify\">\u00ab<strong><em>De acuerdo con lo expuesto por los funcionarios del DAS involucrados, \u00abhab\u00eda una clara presi\u00f3n por parte del alto gobierno para que se recopilara informaci\u00f3n destinada a desacreditar a la Corte\u00bb. Y agrega que Vel\u00e1squez fue uno de los destinatarios de esa informaci\u00f3n<\/em><\/strong>&#8230;\u00bb<\/p>\n<p style=\"text-align: justify\">Uno de tales casos m\u00e1s evidente fue el de la filtraci\u00f3n a la Revista Semana de la \u00e9poca, de una Carpeta denominada \u00abPaseo\u00bb, referida as\u00ed en referencia a un viaje que varios magistrados hicieron a la ciudad de Neiva, donde participaron en un Foro jur\u00eddico, al parecer auspiciado por un personaje de oscuro pasado, con alg\u00fan v\u00ednculo con un presunto testaferro del narcotr\u00e1fico.<\/p>\n<p style=\"text-align: justify\">\u00ab<strong><em>Una foto del anfitri\u00f3n de tal evento, que adem\u00e1s tambi\u00e9n estuvo en la posesi\u00f3n de un fiscal general, fue enviada a la Revista Semana, por orden de los asesores de Palacio, un viernes por la tarde, cuando la revista estaba al l\u00edmite de horario para cerrar su edici\u00f3n, pero no calcularon que la imagen enviada a la revista, era falsa, no correspond\u00eda al personaje que cre\u00edan que era<\/em><\/strong>\u00ab, le explic\u00f3 a este portal un investigador del CTI de la \u00e9poca, que hizo parte de las investigaciones contra el antiguo DAS.<\/p>\n","protected":false},"excerpt":{"rendered":"<p>DURANTE el Gobierno de \u00c1LVARO URIBE V\u00c9LEZ, dos de sus m\u00e1s cercanos asesores cumplieron un rol determinante dentro del plan uribista de desacreditar a los magistrados de las altas cortes, pol\u00edticos opositores y periodistas investigadores: C\u00c9SAR MAURICIO VEL\u00c1SQUEZ y EDMUNDO DEL CASTILLO, se encargaron, entre otras misiones, de filtrar a ciertos medios de comunicaci\u00f3n, la [&hellip;]<\/p>\n","protected":false},"author":2,"featured_media":3195,"comment_status":"open","ping_status":"open","sticky":false,"template":"","format":"standard","meta":{"footnotes":""},"categories":[27],"tags":[1100,1509],"class_list":["post-3190","post","type-post","status-publish","format-standard","has-post-thumbnail","hentry","category-la-noticia","tag-alvaro-uribe","tag-das"],"views":34,"_links":{"self":[{"href":"https:\/\/chivasycronicas.com\/index.php?rest_route=\/wp\/v2\/posts\/3190","targetHints":{"allow":["GET"]}}],"collection":[{"href":"https:\/\/chivasycronicas.com\/index.php?rest_route=\/wp\/v2\/posts"}],"about":[{"href":"https:\/\/chivasycronicas.com\/index.php?rest_route=\/wp\/v2\/types\/post"}],"author":[{"embeddable":true,"href":"https:\/\/chivasycronicas.com\/index.php?rest_route=\/wp\/v2\/users\/2"}],"replies":[{"embeddable":true,"href":"https:\/\/chivasycronicas.com\/index.php?rest_route=%2Fwp%2Fv2%2Fcomments&post=3190"}],"version-history":[{"count":8,"href":"https:\/\/chivasycronicas.com\/index.php?rest_route=\/wp\/v2\/posts\/3190\/revisions"}],"predecessor-version":[{"id":3203,"href":"https:\/\/chivasycronicas.com\/index.php?rest_route=\/wp\/v2\/posts\/3190\/revisions\/3203"}],"wp:featuredmedia":[{"embeddable":true,"href":"https:\/\/chivasycronicas.com\/index.php?rest_route=\/wp\/v2\/media\/3195"}],"wp:attachment":[{"href":"https:\/\/chivasycronicas.com\/index.php?rest_route=%2Fwp%2Fv2%2Fmedia&parent=3190"}],"wp:term":[{"taxonomy":"category","embeddable":true,"href":"https:\/\/chivasycronicas.com\/index.php?rest_route=%2Fwp%2Fv2%2Fcategories&post=3190"},{"taxonomy":"post_tag","embeddable":true,"href":"https:\/\/chivasycronicas.com\/index.php?rest_route=%2Fwp%2Fv2%2Ftags&post=3190"}],"curies":[{"name":"wp","href":"https:\/\/api.w.org\/{rel}","templated":true}]}}