{"id":324,"date":"2023-02-20T19:31:04","date_gmt":"2023-02-21T00:31:04","guid":{"rendered":"https:\/\/www.chivasycronicas.com\/?p=324"},"modified":"2023-02-20T19:31:04","modified_gmt":"2023-02-21T00:31:04","slug":"el-fiscal-hernandez-de-estrella-a-estrellado-de-acusador-a-imputado-y-presunto-aliado-de-narcos","status":"publish","type":"post","link":"https:\/\/chivasycronicas.com\/?p=324","title":{"rendered":"EL FISCAL HERN\u00c1NDEZ, De \u00abestrella\u00bb a estrellado, de acusador a imputado y presunto aliado de narcos"},"content":{"rendered":"<p>Como se dice en el argot judicial, a DANIEL HERN\u00c1NDEZ ya se le puede definir como un fiscal \u00abConocido de autos\u00bb, por cuenta de los ya varios procesos penales en su contra, por graves hechos de corrupci\u00f3n. Pas\u00f3 de ser considerado el \u00abfiscal estrella\u00bb de las \u00faltimas tres administraciones, a convertirse en el fiscal \u00abestrellado\u00bb, con un pie en la c\u00e1rcel y con una imputaci\u00f3n a cuestas, que lo tiene al borde de su salida de la instituci\u00f3n.<\/p>\n<p>Luego de ser IMPUTADO de varios cargos por un posible Prevaricato por acci\u00f3n y por omisi\u00f3n, que le habr\u00edan permitido a los directivos de la multinacional ODEBRECHT evadir \u00f3rdenes de captura, por el andamiaje corrupto que montaron en Colombia para hacerse a los m\u00e1s jugosos contratos de obra civil, a punta de sobornos, HERN\u00c1NDEZ se enfrenta ahora con unos se\u00f1alamientos a\u00fan m\u00e1s graves y sensibles, pues un poderoso capo del narcotr\u00e1fico acaba de revelar en el Noticiero Noticias Uno, que el funcionario hac\u00eda parte de una organizaci\u00f3n que consegu\u00eda y entregaba informaci\u00f3n reservada a otros capos, relacionada con procesos de Extinci\u00f3n de Dominio y posibles casos de extradici\u00f3n. La Fiscal\u00eda cree que por estos favores, los implicados en esta red recib\u00edan entre 500 y mil millones de pesos, por cada una de esas gestiones.<\/p>\n<p><img decoding=\"async\" class=\"alignnone size-medium wp-image-327 lazyload\" data-src=\"https:\/\/www.chivasycronicas.com\/wp-content\/uploads\/2023\/02\/Screenshot_20230220_180923_com.android.chrome_edit_19667226258902-300x163.jpg\" alt=\"\" width=\"300\" height=\"163\" src=\"data:image\/gif;base64,R0lGODlhAQABAAAAACH5BAEKAAEALAAAAAABAAEAAAICTAEAOw==\" style=\"--smush-placeholder-width: 300px; --smush-placeholder-aspect-ratio: 300\/163;\" \/><\/p>\n<p><em>El fiscal de Odebrecht<\/em><\/p>\n<p>\u00abLas citas no eran solo con la doctora ANA KATALINA NOGUERA, la cita era con el doctor DANIEL HERN\u00c1NDEZ para presentar el reporte final de los organigramas que estaban en ese documento y los organigramas donde la organizaci\u00f3n\u00a0 de GABRIEL PUERTA (capo) y de IGNACIO ( capo)\u00bb, dijo el narco ZAPATA, conocido como alias \u00abEl M\u00e9dico\u00bb, en la declaraci\u00f3n publicada en exclusiva por <em>Noticias Uno.<\/em><\/p>\n<p>Luego de que lo delatara el propio capo CARLOS RAM\u00d3N ZAPATA, el fiscal HERN\u00c1NDEZ qued\u00f3 incluido en el organigrama que la misma Fiscal\u00eda elabor\u00f3, sobre la bandola de funcionarios aliados con los narcos y estar\u00eda a horas de ser llamado a rendir testimonio, para que explique cu\u00e1l fue su rol en esta red de tr\u00e1fico de informaci\u00f3n. Como se ha publicado extensamente, ya se estableci\u00f3 que de esta red corrupta hac\u00eda parte la otrora poderosa fiscal antimafia ANA KATALINA NOGUERA, un coronel de la Polic\u00eda y varios agentes de la misma instituci\u00f3n, entre otros.<\/p>\n<p><img decoding=\"async\" class=\"alignnone size-medium wp-image-328 lazyload\" data-src=\"https:\/\/www.chivasycronicas.com\/wp-content\/uploads\/2023\/02\/Screenshot_20230220_174757_com.huawei.himovie.overseas_edit_19459744921117-300x163.jpg\" alt=\"\" width=\"300\" height=\"163\" src=\"data:image\/gif;base64,R0lGODlhAQABAAAAACH5BAEKAAEALAAAAAABAAEAAAICTAEAOw==\" style=\"--smush-placeholder-width: 300px; --smush-placeholder-aspect-ratio: 300\/163;\" \/><\/p>\n<p><em>Foto de Zapata, tomada del video de Noticias Uno<\/em><\/p>\n<p>El narco ZAPATA ya confes\u00f3 que en por lo menos una ocasi\u00f3n, el fiscal DANIEL HERN\u00c1NDEZ estuvo presente en una de las reuniones que el propio capo organizaba en fincas de su propiedad en el Magdalena Medio, as\u00ed como en hoteles de Medell\u00edn, para tratar esos temas de procesos penales en curso. El capo asegur\u00f3 que HERN\u00c1NDEZ les hizo una exposici\u00f3n a varios de los asistentes, entre ellos otros tres capos, explic\u00e1ndoles la forma como podr\u00edan buscar beneficios judiciales a cambio de informaci\u00f3n, delaci\u00f3n y devoluci\u00f3n de bienes.<\/p>\n<h2>Chuzador de periodistas?<\/h2>\n<p>HERN\u00c1NDEZ comenz\u00f3 su vertiginoso ascenso al final de la administraci\u00f3n de EDUARDO MONTEALEGRE, cuando este, por cuenta de su apoyo a la Paz del presidente SANTOS, dej\u00f3 el despacho al garete y entreg\u00f3 todo el poder a su segundo, el entonces vicefiscal JORGE EDUARDO PERDOMO,\u00a0 quien entonces gozaba de su absoluta y ciega confianza.<\/p>\n<p>Fue PERDOMO quien le encarg\u00f3 los casos m\u00e1s sensibles del momento, entre otros las denuncias de corrupci\u00f3n contra mando de la Polic\u00eda se\u00f1alados de acosos sexuales y laborales y posibles pr\u00e1cticas corruptas. De la mano de HERN\u00c1NDEZ se intent\u00f3 construir un proceso contra varios conocidos periodistas del pa\u00eds, a quienes la Polic\u00eda, en un informe de Inteligencia, rotul\u00f3 y perfil\u00f3 como part\u00edcipes de un complot para desprestigiar al entonces director de la Polic\u00eda, general RODOLFO PALOMINO, as\u00ed como al propio vicefiscal PERDOMO, quien entonces hac\u00eda campa\u00f1a para ser elegido fiscal general, en reemplazo de su entonces jefe EDUARDO MONTEALEGRE.<\/p>\n<p>Los tel\u00e9fonos de varios de esos periodistas fueron interceptados, seg\u00fan un documento informe de Polic\u00eda Judicial que se filtr\u00f3 en medios, justo cuando el general PALOMINO atravesaba por una de sus m\u00e1s fuertes crisis de credibilidad, pues todos los d\u00edas se revelaban sus andanzas relacionadas con la \u00abComunidad del anillo\u00bb, acosos sexuales y laborales a coroneles, as\u00ed como temas de corrupci\u00f3n que, a\u00f1os m\u00e1s tarde, se confirmar\u00edan judicialmente, en el entendido de que hoy est\u00e1 imputado, acusado penalmente y hallado responsable disciplinariamente, destituido e inhabilitado.<\/p>\n<p>Luego agrand\u00f3 su poder con la llegada como fiscal general de N\u00c9STOR HUMBERTO MART\u00cdNEZ, luego de establecer un presunto y dudoso plan de seguimientos y chuzadas a su jefe, que sin pensarlo dos veces le encarg\u00f3 el delicado caso de ODEBRECHT. Cuando lleg\u00f3 FRANCISCO BARBOSA, se reafirm\u00f3 en su \u00abtrono\u00bb con ese mismo caso y otros sensibles, hasta que fue \u00abpillao\u00bb y llevado a los estrados judiciales, pasando de acusador a acusado.<\/p>\n<h2>La Dea les respira en la nuca<\/h2>\n<p><img fetchpriority=\"high\" decoding=\"async\" class=\"alignnone size-medium wp-image-244\" src=\"https:\/\/www.chivasycronicas.com\/wp-content\/uploads\/2023\/02\/Screenshot_20230214_180249_com.android.chrome_edit_34368655529127-300x199.jpg\" alt=\"\" width=\"300\" height=\"199\" \/><\/p>\n<p>Por lo pronto, lo que ha trascendido es que la DEA de Estados Unidos ya est\u00e1 ras la pista de esta red mafiosa, pues se sabe de documentos de esa agencia que, al parecer, fueron adulterados para darle mayor credibilidad a los capos a los que extorsionaban.<\/p>\n<p>No se descarta que se inicien procesos de extradici\u00f3n, puesto que las maniobras corruptas desplegadas por la se\u00f1ora NOGUERA, el coronel de la Polic\u00eda y, posiblemente, el fiscal HERN\u00c1NDEZ pudieron haber alterado o impedido el accionar de la Justicia de Estados Unidos, lo que configura un delito que en el pa\u00eds del norte se llama OBSTRUCCI\u00d3N A LA JUSTICIA.<\/p>\n","protected":false},"excerpt":{"rendered":"<p>Como se dice en el argot judicial, a DANIEL HERN\u00c1NDEZ ya se le puede definir como un fiscal \u00abConocido de autos\u00bb, por cuenta de los ya varios procesos penales en su contra, por graves hechos de corrupci\u00f3n. Pas\u00f3 de ser considerado el \u00abfiscal estrella\u00bb de las \u00faltimas tres administraciones, a convertirse en el fiscal \u00abestrellado\u00bb, [&hellip;]<\/p>\n","protected":false},"author":2,"featured_media":326,"comment_status":"open","ping_status":"open","sticky":false,"template":"","format":"standard","meta":{"footnotes":""},"categories":[23],"tags":[32,121,37,122],"class_list":["post-324","post","type-post","status-publish","format-standard","has-post-thumbnail","hentry","category-la-cronica","tag-ana-katalina-noguera","tag-carlos-rfamon-zapata","tag-dea","tag-fiscalia-generfal"],"views":10,"_links":{"self":[{"href":"https:\/\/chivasycronicas.com\/index.php?rest_route=\/wp\/v2\/posts\/324","targetHints":{"allow":["GET"]}}],"collection":[{"href":"https:\/\/chivasycronicas.com\/index.php?rest_route=\/wp\/v2\/posts"}],"about":[{"href":"https:\/\/chivasycronicas.com\/index.php?rest_route=\/wp\/v2\/types\/post"}],"author":[{"embeddable":true,"href":"https:\/\/chivasycronicas.com\/index.php?rest_route=\/wp\/v2\/users\/2"}],"replies":[{"embeddable":true,"href":"https:\/\/chivasycronicas.com\/index.php?rest_route=%2Fwp%2Fv2%2Fcomments&post=324"}],"version-history":[{"count":0,"href":"https:\/\/chivasycronicas.com\/index.php?rest_route=\/wp\/v2\/posts\/324\/revisions"}],"wp:featuredmedia":[{"embeddable":true,"href":"https:\/\/chivasycronicas.com\/index.php?rest_route=\/"}],"wp:attachment":[{"href":"https:\/\/chivasycronicas.com\/index.php?rest_route=%2Fwp%2Fv2%2Fmedia&parent=324"}],"wp:term":[{"taxonomy":"category","embeddable":true,"href":"https:\/\/chivasycronicas.com\/index.php?rest_route=%2Fwp%2Fv2%2Fcategories&post=324"},{"taxonomy":"post_tag","embeddable":true,"href":"https:\/\/chivasycronicas.com\/index.php?rest_route=%2Fwp%2Fv2%2Ftags&post=324"}],"curies":[{"name":"wp","href":"https:\/\/api.w.org\/{rel}","templated":true}]}}