{"id":336,"date":"2023-02-20T21:43:35","date_gmt":"2023-02-21T02:43:35","guid":{"rendered":"https:\/\/www.chivasycronicas.com\/?p=336"},"modified":"2023-02-20T21:43:35","modified_gmt":"2023-02-21T02:43:35","slug":"por-que-el-historico-viaje-de-joe-biden-a-ucrania-podria-restaurar-la-paz-en-el-centro-de-europa","status":"publish","type":"post","link":"https:\/\/chivasycronicas.com\/?p=336","title":{"rendered":"\u00bfPor qu\u00e9 el hist\u00f3rico viaje de Joe Biden a Ucrania podr\u00eda restaurar la paz en el centro de Europa?"},"content":{"rendered":"<p>Durante su visita a Ucrania, el presidente de los Estados Unidos, Joe Biden, se comprometi\u00f3 a fortalecer la democracia y la unidad de este pa\u00eds. Esta fue la primera visita de un presidente estadounidense a Ucrania desde el comienzo de la crisis en el a\u00f1o 2014, lo que la convierte en un momento hist\u00f3rico. La visita de Biden fue una se\u00f1al clara de apoyo a Ucrania, mientras se intensifican las tensiones entre el pa\u00eds y su vecino Rusia, pa\u00eds que ha estado involucrado en una guerra fr\u00eda con Ucrania desde hace m\u00e1s de seis a\u00f1os.<\/p>\n<p>El presidente Biden se reuni\u00f3 con el presidente ucraniano Volodymyr Zelensky en Kiev para discutir la escalada de conflictos entre el pa\u00eds y Rusia y buscar formas de restaurar la paz en el centro de Europa. Durante su viaje, Biden tambi\u00e9n se comprometi\u00f3 a ayudar a Ucrania a luchar contra la corrupci\u00f3n y a fortalecer instituciones democr\u00e1ticas.<\/p>\n<p>Esta visita de Biden a Ucrania podr\u00eda ser una se\u00f1al de esperanza para el pa\u00eds, ya que hay una gran preocupaci\u00f3n de que la situaci\u00f3n se agrave si no hay una soluci\u00f3n r\u00e1pida. Los l\u00edderes del pa\u00eds esperan que la presencia de un l\u00edder de la talla de Biden contribuya a la construcci\u00f3n de la paz en la regi\u00f3n y que esta visita marque el comienzo de una nueva era de reconciliaci\u00f3n y di\u00e1logo entre Ucrania y Rusia.<\/p>\n<p>La visita de Biden a Ucrania ha sido motivo de esperanza para el pueblo ucraniano, ya que podr\u00eda ser el primer paso para restaurar la paz en el centro de Europa. Esta visita hist\u00f3rica podr\u00eda ser el punto de partida para la reconciliaci\u00f3n entre Rusia y Ucrania, dando lugar a una nueva era de di\u00e1logo entre los pa\u00edses. Biden tambi\u00e9n se comprometi\u00f3 a ayudar al pa\u00eds a luchar contra la corrupci\u00f3n y a fortalecer sus instituciones democr\u00e1ticas. Esta visita podr\u00eda ser el comienzo de una nueva era de estabilidad y unidad para Ucrania, a pesar de los a\u00f1os de conflicto que han amenazado a la regi\u00f3n.<\/p>\n","protected":false},"excerpt":{"rendered":"<p>Durante su visita a Ucrania, el presidente de los Estados Unidos, Joe Biden, se comprometi\u00f3 a fortalecer la democracia y la unidad de este pa\u00eds. Esta fue la primera visita de un presidente estadounidense a Ucrania desde el comienzo de la crisis en el a\u00f1o 2014, lo que la convierte en un momento hist\u00f3rico. La [&hellip;]<\/p>\n","protected":false},"author":1,"featured_media":337,"comment_status":"open","ping_status":"open","sticky":false,"template":"","format":"standard","meta":{"footnotes":""},"categories":[27],"tags":[123,124,125,126,127,128,129,130,131,132,133,134,135,136,137,138,139,140,141,142,143,144,145],"class_list":["post-336","post","type-post","status-publish","format-standard","has-post-thumbnail","hentry","category-la-noticia","tag-123","tag-anos-de-conflicto","tag-apoyo","tag-centro-de-europa","tag-conflicto","tag-corrupcion","tag-crisis","tag-democracia","tag-dialogo","tag-estabilidad","tag-guerra-fria","tag-historico","tag-instituciones-democraticas","tag-joe-biden","tag-kiev","tag-paz","tag-presidente-estadounidense","tag-reconciliacion","tag-rusia","tag-tensiones","tag-ucrania","tag-unidad","tag-volodymyr-zelensky"],"views":3,"_links":{"self":[{"href":"https:\/\/chivasycronicas.com\/index.php?rest_route=\/wp\/v2\/posts\/336","targetHints":{"allow":["GET"]}}],"collection":[{"href":"https:\/\/chivasycronicas.com\/index.php?rest_route=\/wp\/v2\/posts"}],"about":[{"href":"https:\/\/chivasycronicas.com\/index.php?rest_route=\/wp\/v2\/types\/post"}],"author":[{"embeddable":true,"href":"https:\/\/chivasycronicas.com\/index.php?rest_route=\/wp\/v2\/users\/1"}],"replies":[{"embeddable":true,"href":"https:\/\/chivasycronicas.com\/index.php?rest_route=%2Fwp%2Fv2%2Fcomments&post=336"}],"version-history":[{"count":0,"href":"https:\/\/chivasycronicas.com\/index.php?rest_route=\/wp\/v2\/posts\/336\/revisions"}],"wp:featuredmedia":[{"embeddable":true,"href":"https:\/\/chivasycronicas.com\/index.php?rest_route=\/"}],"wp:attachment":[{"href":"https:\/\/chivasycronicas.com\/index.php?rest_route=%2Fwp%2Fv2%2Fmedia&parent=336"}],"wp:term":[{"taxonomy":"category","embeddable":true,"href":"https:\/\/chivasycronicas.com\/index.php?rest_route=%2Fwp%2Fv2%2Fcategories&post=336"},{"taxonomy":"post_tag","embeddable":true,"href":"https:\/\/chivasycronicas.com\/index.php?rest_route=%2Fwp%2Fv2%2Ftags&post=336"}],"curies":[{"name":"wp","href":"https:\/\/api.w.org\/{rel}","templated":true}]}}