{"id":3602,"date":"2025-03-31T15:14:59","date_gmt":"2025-03-31T20:14:59","guid":{"rendered":"https:\/\/chivasycronicas.com\/?p=3602"},"modified":"2025-03-31T15:14:59","modified_gmt":"2025-03-31T20:14:59","slug":"empresa-de-licores-de-cundinamarca-a-la-cabeza-de-la-asociacion-nacional-gerente-nicolas-forero-nuevo-presidente-de-la-acil","status":"publish","type":"post","link":"https:\/\/chivasycronicas.com\/?p=3602","title":{"rendered":"EMPRESA DE LICORES de Cundinamarca, a la cabeza de la Asociaci\u00f3n nacional. Gerente Nicol\u00e1s Forero, nuevo presidente de la ACIL"},"content":{"rendered":"<p style=\"text-align: justify\">SIN LUGAR A DUDAS, la Empresa de Licores de Cundinamarca sigue posicionada como una de las m\u00e1s modernas y rentables del pa\u00eds, y prueba de ello es que su gerente general NICOL\u00c1S FORERO OBREG\u00d3N, fue elegido por unanimidad, como nuevo Presidente de la Asociaci\u00f3n Colombiana de Industrias Licoreras, ACIL, que agrupa a las principales f\u00e1bricas de licores del pa\u00eds.<\/p>\n<p><img fetchpriority=\"high\" decoding=\"async\" class=\"alignnone size-medium wp-image-3605\" src=\"https:\/\/chivasycronicas.com\/wp-content\/uploads\/2025\/03\/WhatsApp-Image-2025-03-31-at-2.58.41-PM-300x169.jpeg\" alt=\"\" width=\"300\" height=\"169\" srcset=\"https:\/\/chivasycronicas.com\/wp-content\/uploads\/2025\/03\/WhatsApp-Image-2025-03-31-at-2.58.41-PM-300x169.jpeg 300w, https:\/\/chivasycronicas.com\/wp-content\/uploads\/2025\/03\/WhatsApp-Image-2025-03-31-at-2.58.41-PM-1024x576.jpeg 1024w, https:\/\/chivasycronicas.com\/wp-content\/uploads\/2025\/03\/WhatsApp-Image-2025-03-31-at-2.58.41-PM-768x432.jpeg 768w, https:\/\/chivasycronicas.com\/wp-content\/uploads\/2025\/03\/WhatsApp-Image-2025-03-31-at-2.58.41-PM.jpeg 1200w\" sizes=\"(max-width: 300px) 100vw, 300px\" \/><\/p>\n<p style=\"text-align: justify\">\u00ab<em><strong>Nuestro gerente general asumir\u00e1 el reto de fortalecer la industria licorera en el pa\u00eds, impulsar iniciativas de modernizaci\u00f3n y sostenibilidad, y consolidar el trabajo conjunto entre las empresas del sector<\/strong><\/em>\u00ab, se lee en el comunicado de prensa mediante el cual se da a conocer la buena nueva.<\/p>\n<p><img decoding=\"async\" class=\"alignnone size-medium wp-image-3606 lazyload\" data-src=\"https:\/\/chivasycronicas.com\/wp-content\/uploads\/2025\/03\/WhatsApp-Image-2025-03-31-at-3.00.16-PM-1-240x300.jpeg\" alt=\"\" width=\"240\" height=\"300\" data-srcset=\"https:\/\/chivasycronicas.com\/wp-content\/uploads\/2025\/03\/WhatsApp-Image-2025-03-31-at-3.00.16-PM-1-240x300.jpeg 240w, https:\/\/chivasycronicas.com\/wp-content\/uploads\/2025\/03\/WhatsApp-Image-2025-03-31-at-3.00.16-PM-1-819x1024.jpeg 819w, https:\/\/chivasycronicas.com\/wp-content\/uploads\/2025\/03\/WhatsApp-Image-2025-03-31-at-3.00.16-PM-1-768x960.jpeg 768w, https:\/\/chivasycronicas.com\/wp-content\/uploads\/2025\/03\/WhatsApp-Image-2025-03-31-at-3.00.16-PM-1.jpeg 1024w\" data-sizes=\"(max-width: 240px) 100vw, 240px\" src=\"data:image\/gif;base64,R0lGODlhAQABAAAAACH5BAEKAAEALAAAAAABAAEAAAICTAEAOw==\" style=\"--smush-placeholder-width: 240px; --smush-placeholder-aspect-ratio: 240\/300;\" \/><\/p>\n<p style=\"text-align: justify\"><strong>Los nuevos productos<\/strong> de la Empresa, especialmente los rones y los aguardientes reposados, fueron de los m\u00e1s vendidos a nivel nacional, en la pasada temporada decembrina y de fin de a\u00f1o, e incluso el Ron Santa Fe, en sus tres modalidades y presentaciones, fue el \u00abanfitri\u00f3n\u00bb del reciente Festival Estero Picnic que se llev\u00f3 a cabo en Bogot\u00e1, y donde tuvo gran aceptaci\u00f3n y presencia en ventas.<\/p>\n<p><img decoding=\"async\" class=\"alignnone size-medium wp-image-3607 lazyload\" data-src=\"https:\/\/chivasycronicas.com\/wp-content\/uploads\/2025\/03\/WhatsApp-Image-2025-03-31-at-2.58.41-PM-1-300x156.jpeg\" alt=\"\" width=\"300\" height=\"156\" data-srcset=\"https:\/\/chivasycronicas.com\/wp-content\/uploads\/2025\/03\/WhatsApp-Image-2025-03-31-at-2.58.41-PM-1-300x156.jpeg 300w, https:\/\/chivasycronicas.com\/wp-content\/uploads\/2025\/03\/WhatsApp-Image-2025-03-31-at-2.58.41-PM-1-1024x533.jpeg 1024w, https:\/\/chivasycronicas.com\/wp-content\/uploads\/2025\/03\/WhatsApp-Image-2025-03-31-at-2.58.41-PM-1-768x400.jpeg 768w, https:\/\/chivasycronicas.com\/wp-content\/uploads\/2025\/03\/WhatsApp-Image-2025-03-31-at-2.58.41-PM-1.jpeg 1280w\" data-sizes=\"(max-width: 300px) 100vw, 300px\" src=\"data:image\/gif;base64,R0lGODlhAQABAAAAACH5BAEKAAEALAAAAAABAAEAAAICTAEAOw==\" style=\"--smush-placeholder-width: 300px; --smush-placeholder-aspect-ratio: 300\/156;\" \/><\/p>\n","protected":false},"excerpt":{"rendered":"<p>SIN LUGAR A DUDAS, la Empresa de Licores de Cundinamarca sigue posicionada como una de las m\u00e1s modernas y rentables del pa\u00eds, y prueba de ello es que su gerente general NICOL\u00c1S FORERO OBREG\u00d3N, fue elegido por unanimidad, como nuevo Presidente de la Asociaci\u00f3n Colombiana de Industrias Licoreras, ACIL, que agrupa a las principales f\u00e1bricas [&hellip;]<\/p>\n","protected":false},"author":2,"featured_media":3604,"comment_status":"open","ping_status":"open","sticky":false,"template":"","format":"standard","meta":{"footnotes":""},"categories":[25],"tags":[],"class_list":["post-3602","post","type-post","status-publish","format-standard","has-post-thumbnail","hentry","category-el-confidencial"],"views":22,"_links":{"self":[{"href":"https:\/\/chivasycronicas.com\/index.php?rest_route=\/wp\/v2\/posts\/3602","targetHints":{"allow":["GET"]}}],"collection":[{"href":"https:\/\/chivasycronicas.com\/index.php?rest_route=\/wp\/v2\/posts"}],"about":[{"href":"https:\/\/chivasycronicas.com\/index.php?rest_route=\/wp\/v2\/types\/post"}],"author":[{"embeddable":true,"href":"https:\/\/chivasycronicas.com\/index.php?rest_route=\/wp\/v2\/users\/2"}],"replies":[{"embeddable":true,"href":"https:\/\/chivasycronicas.com\/index.php?rest_route=%2Fwp%2Fv2%2Fcomments&post=3602"}],"version-history":[{"count":2,"href":"https:\/\/chivasycronicas.com\/index.php?rest_route=\/wp\/v2\/posts\/3602\/revisions"}],"predecessor-version":[{"id":3608,"href":"https:\/\/chivasycronicas.com\/index.php?rest_route=\/wp\/v2\/posts\/3602\/revisions\/3608"}],"wp:featuredmedia":[{"embeddable":true,"href":"https:\/\/chivasycronicas.com\/index.php?rest_route=\/wp\/v2\/media\/3604"}],"wp:attachment":[{"href":"https:\/\/chivasycronicas.com\/index.php?rest_route=%2Fwp%2Fv2%2Fmedia&parent=3602"}],"wp:term":[{"taxonomy":"category","embeddable":true,"href":"https:\/\/chivasycronicas.com\/index.php?rest_route=%2Fwp%2Fv2%2Fcategories&post=3602"},{"taxonomy":"post_tag","embeddable":true,"href":"https:\/\/chivasycronicas.com\/index.php?rest_route=%2Fwp%2Fv2%2Ftags&post=3602"}],"curies":[{"name":"wp","href":"https:\/\/api.w.org\/{rel}","templated":true}]}}