{"id":3752,"date":"2025-07-24T23:33:00","date_gmt":"2025-07-25T04:33:00","guid":{"rendered":"https:\/\/chivasycronicas.com\/?p=3752"},"modified":"2025-07-24T23:33:00","modified_gmt":"2025-07-25T04:33:00","slug":"la-burrada-de-lina-maria-garrido","status":"publish","type":"post","link":"https:\/\/chivasycronicas.com\/?p=3752","title":{"rendered":"LA \u00abBURRADA\u00bb de Lina Mar\u00eda Garrido"},"content":{"rendered":"<p style=\"text-align: justify\">DEFINTIVAMENTE, A \u00abMATADOR\u00bb No se le puede dar \u00abpapaya\u00bb. El gran caricaturista cogi\u00f3 por su cuenta a la folcl\u00f3rica congresista LINA MAR\u00cdA GARRIDO, quien gan\u00f3 un gran protagonismo medi\u00e1tico ante la Opini\u00f3n P\u00fablica,\u00a0 luego de emprenderla contra el presidente PETRO, tras su intervenci\u00f3n en la instalaci\u00f3n del Congreso, el pasado 20 de Julio.<\/p>\n<p style=\"text-align: justify\"><strong>La representante<\/strong> a la C\u00e1mara, Partido Cambio Radical, se despach\u00f3 con un \u00abventijuliero\u00bb discurso repleto de lugares comunes y de algunas frases ofensivas contra el Jefe de Estado, al punto de decirle en la cara que \u00abHuele a azufre\u00bb, en una clara alusi\u00f3n ir\u00f3nica a una expresi\u00f3n similar del presidente MADURO de Venezuela.<\/p>\n<p><img decoding=\"async\" class=\"alignnone size-medium wp-image-3755 lazyload\" data-src=\"https:\/\/chivasycronicas.com\/wp-content\/uploads\/2025\/07\/WhatsApp-Image-2025-07-24-at-10.12.46-PM-300x134.jpeg\" alt=\"\" width=\"300\" height=\"134\" data-srcset=\"https:\/\/chivasycronicas.com\/wp-content\/uploads\/2025\/07\/WhatsApp-Image-2025-07-24-at-10.12.46-PM-300x134.jpeg 300w, https:\/\/chivasycronicas.com\/wp-content\/uploads\/2025\/07\/WhatsApp-Image-2025-07-24-at-10.12.46-PM-1024x457.jpeg 1024w, https:\/\/chivasycronicas.com\/wp-content\/uploads\/2025\/07\/WhatsApp-Image-2025-07-24-at-10.12.46-PM-768x342.jpeg 768w, https:\/\/chivasycronicas.com\/wp-content\/uploads\/2025\/07\/WhatsApp-Image-2025-07-24-at-10.12.46-PM.jpeg 1200w\" data-sizes=\"(max-width: 300px) 100vw, 300px\" src=\"data:image\/gif;base64,R0lGODlhAQABAAAAACH5BAEKAAEALAAAAAABAAEAAAICTAEAOw==\" style=\"--smush-placeholder-width: 300px; --smush-placeholder-aspect-ratio: 300\/134;\" \/><\/p>\n<p style=\"text-align: justify\"><strong>Tras su intervenci\u00f3n<\/strong>, la congresista GARRIDO amaneci\u00f3 transformada en \u00abla estrella# de los grandes medios de comunicaci\u00f3n opositores, ante los cuales hizo una ronda a la ma\u00f1ana siguiente, siendo aplaudida y exaltada por su \u00abvalent\u00eda y arrojo\u00bb, por atreverse a gritarle al Presidente lo que los partidos enemigos consideraron \u00abunas cuantas verdades\u00bb. De hecho, ella misma asegur\u00f3 triunfante que hab\u00eda sacado corriendo al Jefe de Estado.<\/p>\n<p><img fetchpriority=\"high\" decoding=\"async\" class=\"alignnone size-medium wp-image-3756\" src=\"https:\/\/chivasycronicas.com\/wp-content\/uploads\/2025\/07\/WhatsApp-Image-2025-07-24-at-10.12.46-PM-1-300x204.jpeg\" alt=\"\" width=\"300\" height=\"204\" srcset=\"https:\/\/chivasycronicas.com\/wp-content\/uploads\/2025\/07\/WhatsApp-Image-2025-07-24-at-10.12.46-PM-1-300x204.jpeg 300w, https:\/\/chivasycronicas.com\/wp-content\/uploads\/2025\/07\/WhatsApp-Image-2025-07-24-at-10.12.46-PM-1.jpeg 414w\" sizes=\"(max-width: 300px) 100vw, 300px\" \/><\/p>\n<p style=\"text-align: justify\"><strong>Y, por supuesto<\/strong>, el caricaturista \u00abMATADOR\u00bb no se hizo \u00abde rogar\u00bb, publicando una caricatura en sus redes sociales, en la que dibuj\u00f3 a la GARRIDO como una \u00abpotranca\u00bb del uribismo, haci\u00e9ndola ver como \u00abuna mascota\u00bb de los partidos de la Derecha y del propio expresidente URIBE.<\/p>\n<p><img decoding=\"async\" class=\"alignnone size-medium wp-image-3754 lazyload\" data-src=\"https:\/\/chivasycronicas.com\/wp-content\/uploads\/2025\/07\/WhatsApp-Image-2025-07-24-at-10.05.36-PM-2-295x300.jpeg\" alt=\"\" width=\"295\" height=\"300\" data-srcset=\"https:\/\/chivasycronicas.com\/wp-content\/uploads\/2025\/07\/WhatsApp-Image-2025-07-24-at-10.05.36-PM-2-295x300.jpeg 295w, https:\/\/chivasycronicas.com\/wp-content\/uploads\/2025\/07\/WhatsApp-Image-2025-07-24-at-10.05.36-PM-2-1008x1024.jpeg 1008w, https:\/\/chivasycronicas.com\/wp-content\/uploads\/2025\/07\/WhatsApp-Image-2025-07-24-at-10.05.36-PM-2-768x780.jpeg 768w, https:\/\/chivasycronicas.com\/wp-content\/uploads\/2025\/07\/WhatsApp-Image-2025-07-24-at-10.05.36-PM-2.jpeg 1081w\" data-sizes=\"(max-width: 295px) 100vw, 295px\" src=\"data:image\/gif;base64,R0lGODlhAQABAAAAACH5BAEKAAEALAAAAAABAAEAAAICTAEAOw==\" style=\"--smush-placeholder-width: 295px; --smush-placeholder-aspect-ratio: 295\/300;\" \/><\/p>\n<p style=\"text-align: justify\"><strong>Ante semejante<\/strong> afrenta del caricaturista, la congresista opt\u00f3 por contestarle con argumentos que consider\u00f3 \u00abinteligentes e ir\u00f3nicos\u00bb, lo que al parecer, y a juzgar por las reacciones en las redes, le sali\u00f3 muy mal. \u00abEl tiro por la culata\u00bb, pues reposte\u00f3 la caricatura de MATADOR, acompa\u00f1ando la imagen con un texto en el que, pr\u00e1cticamente, acept\u00f3 ser \u00abmascota\u00bb de URIBE. Por lo menos eso es lo que deducen los internautas.<\/p>\n<p>\u00ab<strong><em>Muy pobre que un caricaturista tenga que poner el nombre para que la gente entienda a quien se refiere. Vas en ca\u00edda @Matador&#8230; Y, por cierto, recuerde que LAS MASCOTAS DEL PRESIDENTE @AlvaroUribeVel\u00a0 SON YEGUAS FINAS&#8230;\u00bb\u00a0<\/em><\/strong><\/p>\n<p><img decoding=\"async\" class=\"alignnone size-medium wp-image-3758 lazyload\" data-src=\"https:\/\/chivasycronicas.com\/wp-content\/uploads\/2025\/07\/WhatsApp-Image-2025-07-24-at-10.05.36-PM-300x234.jpeg\" alt=\"\" width=\"300\" height=\"234\" data-srcset=\"https:\/\/chivasycronicas.com\/wp-content\/uploads\/2025\/07\/WhatsApp-Image-2025-07-24-at-10.05.36-PM-300x234.jpeg 300w, https:\/\/chivasycronicas.com\/wp-content\/uploads\/2025\/07\/WhatsApp-Image-2025-07-24-at-10.05.36-PM-1024x798.jpeg 1024w, https:\/\/chivasycronicas.com\/wp-content\/uploads\/2025\/07\/WhatsApp-Image-2025-07-24-at-10.05.36-PM-768x599.jpeg 768w, https:\/\/chivasycronicas.com\/wp-content\/uploads\/2025\/07\/WhatsApp-Image-2025-07-24-at-10.05.36-PM.jpeg 1280w\" data-sizes=\"(max-width: 300px) 100vw, 300px\" src=\"data:image\/gif;base64,R0lGODlhAQABAAAAACH5BAEKAAEALAAAAAABAAEAAAICTAEAOw==\" style=\"--smush-placeholder-width: 300px; --smush-placeholder-aspect-ratio: 300\/234;\" \/><\/p>\n<p>&nbsp;<\/p>\n<p style=\"text-align: justify\"><strong>Las reacciones<\/strong> y memes de burla no se hicieron esperar, y el desatino \u00abliterario\u00bb de la congresista opositora fue usado por los petristas y otros sectores de Izquierda, para presentarla como una \u00abconfesa\u00bb mascota del mandam\u00e1s del Ub\u00e9rrimo, la finca a la que el expresidente suele llevar a algunos de sus \u00abc\u00e9lebres\u00bb seguidores, casi todos famosas figuras, a hacerlos rotar alrededor de su dedo \u00edndice, \u00e9l montado en una yegua.<\/p>\n<p><img decoding=\"async\" class=\"alignnone size-medium wp-image-3759 lazyload\" data-src=\"https:\/\/chivasycronicas.com\/wp-content\/uploads\/2025\/07\/WhatsApp-Image-2025-07-24-at-10.05.36-PM-1-300x252.jpeg\" alt=\"\" width=\"300\" height=\"252\" data-srcset=\"https:\/\/chivasycronicas.com\/wp-content\/uploads\/2025\/07\/WhatsApp-Image-2025-07-24-at-10.05.36-PM-1-300x252.jpeg 300w, https:\/\/chivasycronicas.com\/wp-content\/uploads\/2025\/07\/WhatsApp-Image-2025-07-24-at-10.05.36-PM-1-1024x860.jpeg 1024w, https:\/\/chivasycronicas.com\/wp-content\/uploads\/2025\/07\/WhatsApp-Image-2025-07-24-at-10.05.36-PM-1-768x645.jpeg 768w, https:\/\/chivasycronicas.com\/wp-content\/uploads\/2025\/07\/WhatsApp-Image-2025-07-24-at-10.05.36-PM-1.jpeg 1183w\" data-sizes=\"(max-width: 300px) 100vw, 300px\" src=\"data:image\/gif;base64,R0lGODlhAQABAAAAACH5BAEKAAEALAAAAAABAAEAAAICTAEAOw==\" style=\"--smush-placeholder-width: 300px; --smush-placeholder-aspect-ratio: 300\/252;\" \/><\/p>\n<p style=\"text-align: justify\">\u00ab<strong><em>Que le digan yegua, dice<\/em><\/strong>\u00ab, afirma esta internauta luego de ver el trino de la congresista autoproclam\u00e1ndose \u00abMascota\u00bb de Uribe. Paralelamente, la se\u00f1ora GARRIDO deber\u00e1 enfrentar un proceso penal por Injuria y Calumnia, por la denuncia que en su contra hizo el Ministro del Interior ARMANDO BENEDETTI, por sus agresivas afirmaciones contra el Presidente PETRO.<\/p>\n<p>Fue \u00abburrada\u00bb? Juzguen ustedes.<\/p>\n<p style=\"text-align: justify\">\n","protected":false},"excerpt":{"rendered":"<p>DEFINTIVAMENTE, A \u00abMATADOR\u00bb No se le puede dar \u00abpapaya\u00bb. El gran caricaturista cogi\u00f3 por su cuenta a la folcl\u00f3rica congresista LINA MAR\u00cdA GARRIDO, quien gan\u00f3 un gran protagonismo medi\u00e1tico ante la Opini\u00f3n P\u00fablica,\u00a0 luego de emprenderla contra el presidente PETRO, tras su intervenci\u00f3n en la instalaci\u00f3n del Congreso, el pasado 20 de Julio. La representante [&hellip;]<\/p>\n","protected":false},"author":2,"featured_media":3754,"comment_status":"open","ping_status":"open","sticky":false,"template":"","format":"standard","meta":{"footnotes":""},"categories":[23],"tags":[2263],"class_list":["post-3752","post","type-post","status-publish","format-standard","has-post-thumbnail","hentry","category-la-cronica","tag-lina-maria-garrido"],"views":77,"_links":{"self":[{"href":"https:\/\/chivasycronicas.com\/index.php?rest_route=\/wp\/v2\/posts\/3752","targetHints":{"allow":["GET"]}}],"collection":[{"href":"https:\/\/chivasycronicas.com\/index.php?rest_route=\/wp\/v2\/posts"}],"about":[{"href":"https:\/\/chivasycronicas.com\/index.php?rest_route=\/wp\/v2\/types\/post"}],"author":[{"embeddable":true,"href":"https:\/\/chivasycronicas.com\/index.php?rest_route=\/wp\/v2\/users\/2"}],"replies":[{"embeddable":true,"href":"https:\/\/chivasycronicas.com\/index.php?rest_route=%2Fwp%2Fv2%2Fcomments&post=3752"}],"version-history":[{"count":2,"href":"https:\/\/chivasycronicas.com\/index.php?rest_route=\/wp\/v2\/posts\/3752\/revisions"}],"predecessor-version":[{"id":3760,"href":"https:\/\/chivasycronicas.com\/index.php?rest_route=\/wp\/v2\/posts\/3752\/revisions\/3760"}],"wp:featuredmedia":[{"embeddable":true,"href":"https:\/\/chivasycronicas.com\/index.php?rest_route=\/wp\/v2\/media\/3754"}],"wp:attachment":[{"href":"https:\/\/chivasycronicas.com\/index.php?rest_route=%2Fwp%2Fv2%2Fmedia&parent=3752"}],"wp:term":[{"taxonomy":"category","embeddable":true,"href":"https:\/\/chivasycronicas.com\/index.php?rest_route=%2Fwp%2Fv2%2Fcategories&post=3752"},{"taxonomy":"post_tag","embeddable":true,"href":"https:\/\/chivasycronicas.com\/index.php?rest_route=%2Fwp%2Fv2%2Ftags&post=3752"}],"curies":[{"name":"wp","href":"https:\/\/api.w.org\/{rel}","templated":true}]}}