{"id":3771,"date":"2025-07-31T22:16:46","date_gmt":"2025-08-01T03:16:46","guid":{"rendered":"https:\/\/chivasycronicas.com\/?p=3771"},"modified":"2025-07-31T22:16:46","modified_gmt":"2025-08-01T03:16:46","slug":"la-economia-colombiana-vista-desde-afuera","status":"publish","type":"post","link":"https:\/\/chivasycronicas.com\/?p=3771","title":{"rendered":"LA ECONOM\u00cdA COLOMBIANA, vista desde afuera"},"content":{"rendered":"<p style=\"text-align: justify\">LA ECONOM\u00cdA COLOMBIANA va por buen camino, pese a la oposici\u00f3n y a la mala prensa que le hacen al presidente PETRO, los grandes medios de comunicaci\u00f3n, propiedad de los grandes conglomerados econ\u00f3micos que, a su vez,\u00a0 se han visto afectados por las reformas sociales impulsadas por el jefe de Estado.<\/p>\n<p style=\"text-align: justify\"><strong>Pocos medios<\/strong> se atreven a reconocer el lado positivo de las cifras que arrojan los medidores, el DANE y el Banco de la Rep\u00fablica, entre otros. El peri\u00f3dico \u00abEl Pa\u00eds\u00bb, Latinoam\u00e9rica, hizo un serio an\u00e1lisis sobre esos \u00edndices, que, en conclusi\u00f3n, en gran medida le dan la raz\u00f3n al Presidente, en\u00a0 el sentido de que la Econom\u00eda va bien, luego de tres a\u00f1os de su mandato. El analista econ\u00f3mico de El Pa\u00eds, CAMILO S\u00c1NCHEZ, lo resume de esta manera:<\/p>\n<p style=\"text-align: justify\">\u00ab<strong><em>A un a\u00f1o del fin del mandato del presidente Petro, la econom\u00eda colombiana supera las expectativas. La actividad va bien y la inflaci\u00f3n sigue su descenso hacia el objetivo del 3%. A los observadores m\u00e1s alarmistas, incluso, les ha costado hallar un relato: la sumatoria de buenos indicadores contradicen las peores predicciones de sus or\u00e1culos. Colombia, en cualquier caso, est\u00e1 lejos de ser el pa\u00eds de las maravillas. Y las dos grandes se\u00f1ales de alarma hoy se centran en el manejo fiscal y los coletazos de las pol\u00edticas de Donald Trump. Con todo, el balance global es positivo, repiten unos y otros<\/em><\/strong>\u00ab.<\/p>\n<p><img fetchpriority=\"high\" decoding=\"async\" class=\"alignnone size-full wp-image-3776\" src=\"https:\/\/chivasycronicas.com\/wp-content\/uploads\/2025\/07\/aaa.jpeg\" alt=\"\" width=\"225\" height=\"225\" srcset=\"https:\/\/chivasycronicas.com\/wp-content\/uploads\/2025\/07\/aaa.jpeg 225w, https:\/\/chivasycronicas.com\/wp-content\/uploads\/2025\/07\/aaa-150x150.jpeg 150w\" sizes=\"(max-width: 225px) 100vw, 225px\" \/><\/p>\n<p style=\"text-align: justify\"><strong>El propio presidente<\/strong> PETRO ha salido a alardear de esos sus buenos resultados en\u00a0 materia de Econom\u00eda, cuando afirm\u00f3, durante la instalaci\u00f3n de la Legislatura en el Congreso, que sus resultados sobresalen frente a los n\u00fameros que recibi\u00f3 del Gobierno anterior.<\/p>\n<p style=\"text-align: justify\">\u201c<strong><em>Yo recib\u00ed un pa\u00eds con una inflaci\u00f3n de m\u00e1s del 8% (&#8230;) y con el 25% de crecimiento anual de los alimentos. Que es peor a\u00fan, porque eso significa que se incrementa el hambre en Colombia. (&#8230;) Pues bien, esa inflaci\u00f3n la hemos bajado a 4,82<\/em><\/strong>\u201d, afirm\u00f3 el Presidente.<\/p>\n<p><img decoding=\"async\" class=\"alignnone size-medium wp-image-3777 lazyload\" data-src=\"https:\/\/chivasycronicas.com\/wp-content\/uploads\/2025\/07\/WhatsApp-Image-2025-07-23-at-10.32.35-PM-300x300.jpeg\" alt=\"\" width=\"300\" height=\"300\" data-srcset=\"https:\/\/chivasycronicas.com\/wp-content\/uploads\/2025\/07\/WhatsApp-Image-2025-07-23-at-10.32.35-PM-300x300.jpeg 300w, https:\/\/chivasycronicas.com\/wp-content\/uploads\/2025\/07\/WhatsApp-Image-2025-07-23-at-10.32.35-PM-150x150.jpeg 150w, https:\/\/chivasycronicas.com\/wp-content\/uploads\/2025\/07\/WhatsApp-Image-2025-07-23-at-10.32.35-PM-768x768.jpeg 768w, https:\/\/chivasycronicas.com\/wp-content\/uploads\/2025\/07\/WhatsApp-Image-2025-07-23-at-10.32.35-PM.jpeg 1024w\" data-sizes=\"(max-width: 300px) 100vw, 300px\" src=\"data:image\/gif;base64,R0lGODlhAQABAAAAACH5BAEKAAEALAAAAAABAAEAAAICTAEAOw==\" style=\"--smush-placeholder-width: 300px; --smush-placeholder-aspect-ratio: 300\/300;\" \/><\/p>\n<p style=\"text-align: justify\">Pero, seg\u00fan el mismo CAMILO S\u00c1NCHEZ, esto no es del todo cierto:<\/p>\n<p style=\"text-align: justify\">\u00ab<strong><em>Una verdad a medias. Los indicadores son incorrectos: su Gobierno la recibi\u00f3 en 10,21% y se dispar\u00f3 a un techo del 13,34%. El papel del Gobierno en el proceso desinflacionario, adem\u00e1s, es discutible. De hecho ha sido uno de sus puntos de fricci\u00f3n recurrente<\/em><\/strong>\u00ab<\/p>\n<p style=\"text-align: justify\"><strong>\u00abChivas y Cr\u00f3nicas\u00bb<\/strong> se puso en la tarea de recopilar las publicaciones de varios medios especializados, respecto a los \u00edndices de la Econom\u00eda, para concluir que, en efecto, aunque los resultados han sido en su mayor\u00eda muy positivos, a\u00fan falta mucho por hacer. Eso, sin tener en cuenta los retos a los que enfrentar\u00e1 el actual Gobierno en el \u00faltimo a\u00f1o, frente a la feroz cacer\u00eda que le est\u00e1 haciendo el Gobierno TRUMP con sus arsenal de aranceles.<\/p>\n<h2 style=\"text-align: justify\"><strong>La econom\u00eda: una recuperaci\u00f3n con muletas fiscales<\/strong><\/h2>\n<p><img decoding=\"async\" class=\"alignnone size-full wp-image-3778 lazyload\" data-src=\"https:\/\/chivasycronicas.com\/wp-content\/uploads\/2025\/07\/aaaa.jpeg\" alt=\"\" width=\"300\" height=\"168\" src=\"data:image\/gif;base64,R0lGODlhAQABAAAAACH5BAEKAAEALAAAAAABAAEAAAICTAEAOw==\" style=\"--smush-placeholder-width: 300px; --smush-placeholder-aspect-ratio: 300\/168;\" \/><\/p>\n<p style=\"text-align: justify\"><strong>La actividad econ\u00f3mica<\/strong> ha dado se\u00f1ales de vida. Seg\u00fan el DANE, el Indicador de Seguimiento a la Econom\u00eda (ISE) creci\u00f3 un 2,81\u202f% en mayo, lo que llev\u00f3 al Banco de la Rep\u00fablica a ajustar su pron\u00f3stico de crecimiento del PIB al alza: del 2,6\u202f% al 2,7\u202f% para 2025 (Reuters).<\/p>\n<p style=\"text-align: justify\"><strong>El consumo<\/strong> interno ha sido el motor, pero no lo suficiente para tapar las grietas. La inversi\u00f3n privada sigue d\u00e9bil, y el d\u00e9ficit fiscal \u2014que lleg\u00f3 al 7,1\u202f% del PIB\u2014 ya preocupa tanto a las calificadoras como al Fondo Monetario Internacional. El FMI, en su informe de abril, si bien aplaudi\u00f3 la estabilidad monetaria, advirti\u00f3 sobre una \u201cnecesidad urgente de reformas estructurales\u201d para evitar una espiral de endeudamiento (IMF.org).<\/p>\n<h1 style=\"text-align: justify\">Inversi\u00f3n extranjera: se\u00f1ales mixtas y temores regulatorios<\/h1>\n<p style=\"text-align: justify\"><strong>En los tableros<\/strong> globales, Colombia aparece como un destino viable pero incierto. Reuters report\u00f3 en julio que el d\u00e9ficit comercial creci\u00f3 un 82\u202f% interanual por la ca\u00edda de exportaciones (\u20132\u202f%) y el aumento de importaciones (+10,7\u202f%). Esto se interpreta como se\u00f1al de una econom\u00eda m\u00e1s consumista que productiva (Reuters).<\/p>\n<p style=\"text-align: justify\"><strong>M\u00e1s grave<\/strong> a\u00fan, medios como AP News alertaron sobre la fuga de inversiones en energ\u00edas renovables, espec\u00edficamente en parques e\u00f3licos y solares detenidos por trabas regulatorias y conflictos sociales.<\/p>\n<h1 style=\"text-align: justify\">Calificaci\u00f3n de riesgo: sem\u00e1foro en \u00e1mbar (tirando a rojo)<\/h1>\n<p><img decoding=\"async\" class=\"alignnone size-full wp-image-3779 lazyload\" data-src=\"https:\/\/chivasycronicas.com\/wp-content\/uploads\/2025\/07\/aaa2.jpeg\" alt=\"\" width=\"275\" height=\"183\" src=\"data:image\/gif;base64,R0lGODlhAQABAAAAACH5BAEKAAEALAAAAAABAAEAAAICTAEAOw==\" style=\"--smush-placeholder-width: 275px; --smush-placeholder-aspect-ratio: 275\/183;\" \/><\/p>\n<p style=\"text-align: justify\"><strong>La rebaja<\/strong> en la calificaci\u00f3n de deuda por parte de S&amp;P (BB) y la revisi\u00f3n negativa de Moody\u2019s (Baa3) reflejan la preocupaci\u00f3n de los mercados sobre el manejo fiscal. Aunque el gobierno insiste en que propondr\u00e1 un nuevo paquete tributario de m\u00e1s de 26 billones de pesos para 2026, los analistas se preguntan si eso bastar\u00e1 sin voluntad pol\u00edtica de fondo (Reuters).<\/p>\n<h1 style=\"text-align: justify\">Desigualdad tributaria: cuando el rico tributa menos que el pobre<\/h1>\n<p style=\"text-align: justify\"><strong>Uno de los informes<\/strong> m\u00e1s duros vino de El Pa\u00eds (Espa\u00f1a): revel\u00f3 que el 1\u202f% m\u00e1s rico de Colombia paga proporcionalmente menos impuestos que el 50\u202f% m\u00e1s pobre, gracias a vac\u00edos legales, mecanismos de elusi\u00f3n y evasi\u00f3n sistem\u00e1tica. Se estima que el Estado pierde hasta el 8\u202f% del PIB en evasi\u00f3n fiscal.<\/p>\n<h1 style=\"text-align: justify\">\u00bfY el desarrollo?<\/h1>\n<p style=\"text-align: justify\"><strong>La OCDE<\/strong> proyecta que Colombia crecer\u00e1 2,5\u202f% en 2025 y 2,6\u202f% en 2026, pero deja claro que sin inversi\u00f3n en productividad, infraestructura y educaci\u00f3n, ese crecimiento ser\u00e1 insuficiente para cerrar las brechas sociales. El Banco Mundial considera que el pa\u00eds \u201cmantiene estabilidad macroecon\u00f3mica\u201d, pero con desaf\u00edos profundos en desigualdad, informalidad laboral y diversificaci\u00f3n exportadora.<\/p>\n<h1 style=\"text-align: justify\">En resumen<\/h1>\n<p style=\"text-align: justify\"><strong>Colombia<\/strong> no est\u00e1 en crisis, pero tampoco en estabilidad plena. El mundo observa con lupa su manejo fiscal, su agenda de reformas, y sobre todo su capacidad para convertir recuperaci\u00f3n en desarrollo sostenible.<\/p>\n<h1 style=\"text-align: justify\">Fuentes consultadas<\/h1>\n<p style=\"text-align: justify\">&#8211; Reuters: crecimiento PIB, d\u00e9ficit comercial y propuesta tributaria<br \/>\n&#8211; El Pa\u00eds (Espa\u00f1a): evasi\u00f3n fiscal y panorama econ\u00f3mico<br \/>\n&#8211; AP News: crisis en energ\u00edas renovables<br \/>\n&#8211; FMI: Art\u00edculo IV Staff Statement (abril 2025)<br \/>\n&#8211; BBVA Research: Informe econ\u00f3mico junio 2025<br \/>\n&#8211; Banco Mundial y OCDE: perspectivas econ\u00f3micas y desaf\u00edos de desarrollo<\/p>\n","protected":false},"excerpt":{"rendered":"<p>LA ECONOM\u00cdA COLOMBIANA va por buen camino, pese a la oposici\u00f3n y a la mala prensa que le hacen al presidente PETRO, los grandes medios de comunicaci\u00f3n, propiedad de los grandes conglomerados econ\u00f3micos que, a su vez,\u00a0 se han visto afectados por las reformas sociales impulsadas por el jefe de Estado. Pocos medios se atreven [&hellip;]<\/p>\n","protected":false},"author":2,"featured_media":3775,"comment_status":"open","ping_status":"open","sticky":false,"template":"","format":"standard","meta":{"footnotes":""},"categories":[25],"tags":[692,693,415],"class_list":["post-3771","post","type-post","status-publish","format-standard","has-post-thumbnail","hentry","category-el-confidencial","tag-banco-de-la-republica","tag-economia","tag-petro"],"views":56,"_links":{"self":[{"href":"https:\/\/chivasycronicas.com\/index.php?rest_route=\/wp\/v2\/posts\/3771","targetHints":{"allow":["GET"]}}],"collection":[{"href":"https:\/\/chivasycronicas.com\/index.php?rest_route=\/wp\/v2\/posts"}],"about":[{"href":"https:\/\/chivasycronicas.com\/index.php?rest_route=\/wp\/v2\/types\/post"}],"author":[{"embeddable":true,"href":"https:\/\/chivasycronicas.com\/index.php?rest_route=\/wp\/v2\/users\/2"}],"replies":[{"embeddable":true,"href":"https:\/\/chivasycronicas.com\/index.php?rest_route=%2Fwp%2Fv2%2Fcomments&post=3771"}],"version-history":[{"count":4,"href":"https:\/\/chivasycronicas.com\/index.php?rest_route=\/wp\/v2\/posts\/3771\/revisions"}],"predecessor-version":[{"id":3780,"href":"https:\/\/chivasycronicas.com\/index.php?rest_route=\/wp\/v2\/posts\/3771\/revisions\/3780"}],"wp:featuredmedia":[{"embeddable":true,"href":"https:\/\/chivasycronicas.com\/index.php?rest_route=\/wp\/v2\/media\/3775"}],"wp:attachment":[{"href":"https:\/\/chivasycronicas.com\/index.php?rest_route=%2Fwp%2Fv2%2Fmedia&parent=3771"}],"wp:term":[{"taxonomy":"category","embeddable":true,"href":"https:\/\/chivasycronicas.com\/index.php?rest_route=%2Fwp%2Fv2%2Fcategories&post=3771"},{"taxonomy":"post_tag","embeddable":true,"href":"https:\/\/chivasycronicas.com\/index.php?rest_route=%2Fwp%2Fv2%2Ftags&post=3771"}],"curies":[{"name":"wp","href":"https:\/\/api.w.org\/{rel}","templated":true}]}}