{"id":380,"date":"2023-02-22T11:00:52","date_gmt":"2023-02-22T16:00:52","guid":{"rendered":"https:\/\/www.chivasycronicas.com\/?p=380"},"modified":"2023-02-22T11:00:52","modified_gmt":"2023-02-22T16:00:52","slug":"nueva-rotacion-del-pico-y-placa-en-bogota-cada-4-meses","status":"publish","type":"post","link":"https:\/\/chivasycronicas.com\/?p=380","title":{"rendered":"Nueva rotaci\u00f3n del pico y placa en Bogot\u00e1 cada 4 meses"},"content":{"rendered":"<p>El pico y placa en Bogot\u00e1 es una medida que ha sido objeto de muchas discusiones, tanto a favor como en contra. Sin embargo, es una medida necesaria para mejorar la movilidad en una ciudad con m\u00e1s de 7 millones de habitantes y que cuenta con una alta congesti\u00f3n vehicular. A continuaci\u00f3n, se presentan algunos argumentos para respaldar la nueva rotaci\u00f3n del pico y placa en Bogot\u00e1:<\/p>\n<ol>\n<li>Equidad en el uso del veh\u00edculo: La nueva rotaci\u00f3n del pico y placa en Bogot\u00e1 busca garantizar un uso m\u00e1s equitativo del veh\u00edculo, ya que se establece una rotaci\u00f3n justa entre los veh\u00edculos con placas terminadas en n\u00fameros pares e impares.<\/li>\n<li>Cuidado del medio ambiente: La reducci\u00f3n del tr\u00e1fico vehicular en las horas pico es fundamental para mejorar la calidad del aire y disminuir los \u00edndices de contaminaci\u00f3n en la ciudad.<\/li>\n<li>Facilita las obras en la ciudad: La rotaci\u00f3n del pico y placa en Bogot\u00e1 tambi\u00e9n busca facilitar las m\u00e1s de 1.000 frentes de obra que se est\u00e1n llevando a cabo en diferentes sectores de la ciudad. Con una reducci\u00f3n en el tr\u00e1fico vehicular, se pueden llevar a cabo las obras de manera m\u00e1s r\u00e1pida y eficiente.<\/li>\n<li>Evaluaci\u00f3n constante de la medida: La Secretar\u00eda de Movilidad se ha comprometido a evaluar constantemente la medida y, de ser necesario, hacer los ajustes necesarios para garantizar una movilidad m\u00e1s eficiente en la ciudad.<\/li>\n<\/ol>\n<p>En resumen, la nueva rotaci\u00f3n del pico y placa en Bogot\u00e1 es una medida necesaria para mejorar la movilidad en la ciudad y reducir los \u00edndices de contaminaci\u00f3n. Es importante que los ciudadanos conozcan la nueva rotaci\u00f3n del pico y placa y colaboren con la implementaci\u00f3n de esta medida, para as\u00ed lograr una ciudad m\u00e1s habitable y sostenible.<\/p>\n","protected":false},"excerpt":{"rendered":"<p>El pico y placa en Bogot\u00e1 es una medida que ha sido objeto de muchas discusiones, tanto a favor como en contra. Sin embargo, es una medida necesaria para mejorar la movilidad en una ciudad con m\u00e1s de 7 millones de habitantes y que cuenta con una alta congesti\u00f3n vehicular. A continuaci\u00f3n, se presentan algunos [&hellip;]<\/p>\n","protected":false},"author":1,"featured_media":381,"comment_status":"open","ping_status":"open","sticky":false,"template":"","format":"standard","meta":{"footnotes":""},"categories":[27],"tags":[298,299,300,301,302,303,304,305,306,307,308,309],"class_list":["post-380","post","type-post","status-publish","format-standard","has-post-thumbnail","hentry","category-la-noticia","tag-bogota","tag-calidad-del-aire","tag-ciudad-habitable","tag-contaminacion","tag-eficiencia","tag-equidad","tag-evaluacion-constante","tag-frentes-de-obra","tag-movilidad","tag-pico-y-placa","tag-sostenibilidad","tag-trafico-vehicular"],"views":4,"_links":{"self":[{"href":"https:\/\/chivasycronicas.com\/index.php?rest_route=\/wp\/v2\/posts\/380","targetHints":{"allow":["GET"]}}],"collection":[{"href":"https:\/\/chivasycronicas.com\/index.php?rest_route=\/wp\/v2\/posts"}],"about":[{"href":"https:\/\/chivasycronicas.com\/index.php?rest_route=\/wp\/v2\/types\/post"}],"author":[{"embeddable":true,"href":"https:\/\/chivasycronicas.com\/index.php?rest_route=\/wp\/v2\/users\/1"}],"replies":[{"embeddable":true,"href":"https:\/\/chivasycronicas.com\/index.php?rest_route=%2Fwp%2Fv2%2Fcomments&post=380"}],"version-history":[{"count":0,"href":"https:\/\/chivasycronicas.com\/index.php?rest_route=\/wp\/v2\/posts\/380\/revisions"}],"wp:featuredmedia":[{"embeddable":true,"href":"https:\/\/chivasycronicas.com\/index.php?rest_route=\/"}],"wp:attachment":[{"href":"https:\/\/chivasycronicas.com\/index.php?rest_route=%2Fwp%2Fv2%2Fmedia&parent=380"}],"wp:term":[{"taxonomy":"category","embeddable":true,"href":"https:\/\/chivasycronicas.com\/index.php?rest_route=%2Fwp%2Fv2%2Fcategories&post=380"},{"taxonomy":"post_tag","embeddable":true,"href":"https:\/\/chivasycronicas.com\/index.php?rest_route=%2Fwp%2Fv2%2Ftags&post=380"}],"curies":[{"name":"wp","href":"https:\/\/api.w.org\/{rel}","templated":true}]}}