{"id":3821,"date":"2025-09-05T22:35:03","date_gmt":"2025-09-06T03:35:03","guid":{"rendered":"https:\/\/chivasycronicas.com\/?p=3821"},"modified":"2025-09-05T22:44:25","modified_gmt":"2025-09-06T03:44:25","slug":"mister-earth-international-2025-belleza-masculina-en-busca-de-una-tierra-mas-sana-y-bella","status":"publish","type":"post","link":"https:\/\/chivasycronicas.com\/?p=3821","title":{"rendered":"Mister Earth International 2025: Belleza masculina en busca de una tierra m\u00e1s sana y bella"},"content":{"rendered":"<p style=\"text-align: justify\"><strong>Un<\/strong> escenario de lujo, para un evento de lujo y con participantes de lujo. Bogot\u00e1 fue la anfitriona del certamen <strong>Mister<\/strong> <strong>Earth<\/strong> <strong>International<\/strong> <strong>2025<\/strong>, un novedoso reinado de belleza masculina, que se celebr\u00f3 durante el 28 y el 29 de agosto. Con la participaci\u00f3n de representantes de m\u00e1s de 20 pa\u00edses, el certamen se consolid\u00f3 como uno de los m\u00e1s importantes en el \u00e1mbito de los reinados de hombres que, a diferencia de los concursos tradicionales, no busca promover rostros y cuerpos lindos, sino la conciencia ambiental y la importancia de preservar el Medio Ambiente.<\/p>\n<p><span style=\"font-size: 20px\"><strong>La coronaci\u00f3n<\/strong><\/span><\/p>\n<p style=\"text-align: justify\"><strong>El<\/strong> gran ganador de la noche fue <strong>Jonathan<\/strong> <strong>Bequer<\/strong>, representante de <strong>Chile<\/strong>, quien se llev\u00f3 el t\u00edtulo de <strong>Mister<\/strong> <strong>Earth<\/strong> <strong>International<\/strong> <strong>2025<\/strong>, en dos galas cargadas de talento, disciplina y un fuerte mensaje de responsabilidad con el planeta.<\/p>\n<p><img fetchpriority=\"high\" decoding=\"async\" class=\"alignnone size-medium wp-image-3822\" src=\"https:\/\/chivasycronicas.com\/wp-content\/uploads\/2025\/09\/chile-226x300.jpg\" alt=\"\" width=\"226\" height=\"300\" srcset=\"https:\/\/chivasycronicas.com\/wp-content\/uploads\/2025\/09\/chile-226x300.jpg 226w, https:\/\/chivasycronicas.com\/wp-content\/uploads\/2025\/09\/chile-772x1024.jpg 772w, https:\/\/chivasycronicas.com\/wp-content\/uploads\/2025\/09\/chile-768x1019.jpg 768w, https:\/\/chivasycronicas.com\/wp-content\/uploads\/2025\/09\/chile-1158x1536.jpg 1158w, https:\/\/chivasycronicas.com\/wp-content\/uploads\/2025\/09\/chile.jpg 1170w\" sizes=\"(max-width: 226px) 100vw, 226px\" \/><\/p>\n<p style=\"text-align: justify\"><strong><span style=\"font-size: 20px\">Algunos premios especiales y reconocimientos<\/span><\/strong><\/p>\n<p style=\"text-align: justify\"><span style=\"font-size: 16px\"><strong>Durante<\/strong> la gran ceremonia de coronaci\u00f3n, del 29 de agosto, se vivieron momentos de gran \u00a0emoci\u00f3n, en medio de aplausos y v\u00edtores de las diferentes barras que acompa\u00f1aron a sus candidatos preferidos.<\/span><\/p>\n<p style=\"text-align: justify\"><strong>Los <\/strong>jurados, todos con reconocimiento y bagaje internacional, vivieron momentos de alta tensi\u00f3n, cuando se enfrentaron al dif\u00edcil reto que les signific\u00f3 escoger semifinalistas, finalistas y, por supuesto, al gran ganador. Algunas de las premiaciones fueron:<\/p>\n<p style=\"text-align: justify\"><strong>Mejor Personalidad<\/strong>: Andrew Newton, representante de Bahamas<\/p>\n<p style=\"text-align: justify\"><strong>Mister Fotog\u00e9nico<\/strong>: Jorge Olivera, representante de Cuba, quien recibi\u00f3 el galard\u00f3n de manos de Tania Alejandra Mesa, Miss Aura Bogot\u00e1, que brill\u00f3 en la entrega con un elegante vestido y una presencia impecable que cautiv\u00f3 a los asistentes.<\/p>\n<p style=\"text-align: justify\"><strong>Mister Earth Air:<\/strong> Rafael J\u00e1come Rapalino, Mister Colombia, deslumbr\u00f3 con un show vibrante y su impecable presentaci\u00f3n, logrando este importante t\u00edtulo.<\/p>\n<p style=\"text-align: justify\"><strong>Mejores<\/strong> <strong>Directores<\/strong> <strong>Nacionales<\/strong>: fueron reconocidos <strong>Lisandro<\/strong> <strong>Azuaje<\/strong> y <strong>Luis<\/strong> <strong>Parra<\/strong>, directivos de Miss Aura Colombia, quienes demostraron nuevamente su excelencia en la preparaci\u00f3n de cert\u00e1menes de belleza, consolidando el prestigio de Colombia en los escenarios internacionales.<\/p>\n<p><img decoding=\"async\" class=\"alignnone size-medium wp-image-3823 lazyload\" data-src=\"https:\/\/chivasycronicas.com\/wp-content\/uploads\/2025\/09\/ganadores-300x184.jpg\" alt=\"\" width=\"300\" height=\"184\" data-srcset=\"https:\/\/chivasycronicas.com\/wp-content\/uploads\/2025\/09\/ganadores-300x184.jpg 300w, https:\/\/chivasycronicas.com\/wp-content\/uploads\/2025\/09\/ganadores-1024x627.jpg 1024w, https:\/\/chivasycronicas.com\/wp-content\/uploads\/2025\/09\/ganadores-768x470.jpg 768w, https:\/\/chivasycronicas.com\/wp-content\/uploads\/2025\/09\/ganadores.jpg 1072w\" data-sizes=\"(max-width: 300px) 100vw, 300px\" src=\"data:image\/gif;base64,R0lGODlhAQABAAAAACH5BAEKAAEALAAAAAABAAEAAAICTAEAOw==\" style=\"--smush-placeholder-width: 300px; --smush-placeholder-aspect-ratio: 300\/184;\" \/><\/p>\n<p style=\"text-align: justify\"><span style=\"font-size: 20px\"><strong>Un despliegue internacional<\/strong><\/span><\/p>\n<p style=\"text-align: justify\"><strong>El certamen<\/strong> reuni\u00f3 a delegados de Bahamas, Brasil, Chile, Colombia, Costa Rica, Cuba, Rep\u00fablica Dominicana, Ecuador, Indonesia, Jamaica, Isla Margarita, Estados Unidos, M\u00e9xico, Nicaragua, Panam\u00e1, Per\u00fa, Filipinas, Puerto Rico, Espa\u00f1a y Venezuela, quienes se unieron bajo un mismo mensaje: preservar el planeta a trav\u00e9s del compromiso social y ambiental.<\/p>\n<p><img decoding=\"async\" class=\"alignnone size-medium wp-image-3824 lazyload\" data-src=\"https:\/\/chivasycronicas.com\/wp-content\/uploads\/2025\/09\/tods-274x300.jpg\" alt=\"\" width=\"274\" height=\"300\" data-srcset=\"https:\/\/chivasycronicas.com\/wp-content\/uploads\/2025\/09\/tods-274x300.jpg 274w, https:\/\/chivasycronicas.com\/wp-content\/uploads\/2025\/09\/tods-936x1024.jpg 936w, https:\/\/chivasycronicas.com\/wp-content\/uploads\/2025\/09\/tods-768x840.jpg 768w, https:\/\/chivasycronicas.com\/wp-content\/uploads\/2025\/09\/tods.jpg 1170w\" data-sizes=\"(max-width: 274px) 100vw, 274px\" src=\"data:image\/gif;base64,R0lGODlhAQABAAAAACH5BAEKAAEALAAAAAABAAEAAAICTAEAOw==\" style=\"--smush-placeholder-width: 274px; --smush-placeholder-aspect-ratio: 274\/300;\" \/><\/p>\n<p style=\"text-align: justify\"><span style=\"font-size: 20px\"><strong>La organizaci\u00f3n y sus l\u00edderes<\/strong><\/span><\/p>\n<p style=\"text-align: justify\"><strong>El \u00e9xito<\/strong> del evento fue posible gracias al trabajo impecable de la directiva internacional conformada por:<\/p>\n<p style=\"text-align: justify\"><strong>&#8211; Sandy Le\u00f3n, presidente de Mister Earth International.<\/strong><\/p>\n<p style=\"text-align: justify\"><strong>&#8211; Jos\u00e9 Luis Morales, vicepresidente.<\/strong><\/p>\n<p style=\"text-align: justify\"><strong>&#8211; Edwin Morillo, productor general<\/strong>.<\/p>\n<p style=\"text-align: justify\"><strong>Su<\/strong> visi\u00f3n y liderazgo lograron que Bogot\u00e1 viviera un espect\u00e1culo de altura que combin\u00f3 moda, cultura, talento y una firme defensa de la naturaleza.<\/p>\n<p style=\"text-align: justify\"><span style=\"font-size: 20px\"><strong>La voz del presidente Sandy Le\u00f3n<\/strong><\/span><\/p>\n<p style=\"text-align: justify\"><strong>En entrevista<\/strong> con Chivas y Cr\u00f3nicas, el presidente del certamen, Sandy Le\u00f3n, explic\u00f3 la esencia de <strong>Mister<\/strong> <strong>Earth<\/strong> <strong>International<\/strong>:<\/p>\n<p style=\"text-align: justify\">\u201c<strong>Nuestro<\/strong> objetivo principal es la conservaci\u00f3n del medio ambiente, la madre tierra. Este certamen busca elegir a un hombre que sea embajador del planeta, con disciplina, compromiso y responsabilidad con la naturaleza\u201d.<\/p>\n<p style=\"text-align: justify\"><strong>Sobre<\/strong> el papel de los ganadores, agreg\u00f3:<\/p>\n<p style=\"text-align: justify\">\u201c<strong>Todos<\/strong> los a\u00f1os el <strong>Mister Earth<\/strong> <strong>International<\/strong> cumple con compromisos en distintos pa\u00edses. Cada embajador expone un proyecto ambiental dise\u00f1ado en su naci\u00f3n y el mejor se implementa durante su a\u00f1o de reinado. Por ejemplo, en la edici\u00f3n 2024, el proyecto ganador instal\u00f3 paneles solares en una comunidad sin luz, logrando resultados excelentes\u201d.<\/p>\n<p style=\"text-align: justify\"><strong>Finalmente<\/strong>, Le\u00f3n enfatiz\u00f3 que <strong>Mister<\/strong> <strong>Earth<\/strong> <strong>International<\/strong> trasciende el estereotipo de la belleza f\u00edsica:<\/p>\n<p style=\"text-align: justify\">\u201c<strong>Nuestra<\/strong> idea fue crear un concurso distinto, donde no importa solo el cuerpo o la estatura, sino el compromiso real de defender a nuestra madre tierra\u201d.<\/p>\n<p><img decoding=\"async\" class=\"alignnone size-medium wp-image-3825 lazyload\" data-src=\"https:\/\/chivasycronicas.com\/wp-content\/uploads\/2025\/09\/presidente-200x300.png\" alt=\"\" width=\"200\" height=\"300\" data-srcset=\"https:\/\/chivasycronicas.com\/wp-content\/uploads\/2025\/09\/presidente-200x300.png 200w, https:\/\/chivasycronicas.com\/wp-content\/uploads\/2025\/09\/presidente-683x1024.png 683w, https:\/\/chivasycronicas.com\/wp-content\/uploads\/2025\/09\/presidente-768x1152.png 768w, https:\/\/chivasycronicas.com\/wp-content\/uploads\/2025\/09\/presidente.png 1024w\" data-sizes=\"(max-width: 200px) 100vw, 200px\" src=\"data:image\/gif;base64,R0lGODlhAQABAAAAACH5BAEKAAEALAAAAAABAAEAAAICTAEAOw==\" style=\"--smush-placeholder-width: 200px; --smush-placeholder-aspect-ratio: 200\/300;\" \/><\/p>\n<p style=\"text-align: justify\"><span style=\"font-size: 20px\"><strong>Un certamen que marca la diferencia<\/strong><\/span><\/p>\n<p style=\"text-align: justify\"><strong>La edici\u00f3n<\/strong> 2025 no solo coron\u00f3 a un nuevo <strong>Mister<\/strong> <strong>Earth International<\/strong>, sino que reafirm\u00f3 que la belleza masculina tambi\u00e9n puede ser un veh\u00edculo para educar, inspirar y transformar. Desde Bogot\u00e1, este evento envi\u00f3 al mundo un poderoso mensaje: la moda y la cultura pueden ir de la mano con la sostenibilidad y el cuidado del planeta<\/p>\n<p style=\"text-align: justify\"><strong>Y mientras<\/strong> los reflectores internacionales siguen apuntando hacia este certamen, el p\u00fablico permanece expectante. El cronograma oficial de <strong>Mister<\/strong> <strong>Earth<\/strong> <strong>International<\/strong> promete grandes sorpresas, y todos los detalles podr\u00e1n seguirse en sus redes sociales: <strong>@mrearthint<\/strong>.<\/p>\n","protected":false},"excerpt":{"rendered":"<p>Un escenario de lujo, para un evento de lujo y con participantes de lujo. Bogot\u00e1 fue la anfitriona del certamen Mister Earth International 2025, un novedoso reinado de belleza masculina, que se celebr\u00f3 durante el 28 y el 29 de agosto. Con la participaci\u00f3n de representantes de m\u00e1s de 20 pa\u00edses, el certamen se consolid\u00f3 [&hellip;]<\/p>\n","protected":false},"author":2,"featured_media":3826,"comment_status":"open","ping_status":"open","sticky":false,"template":"","format":"standard","meta":{"footnotes":""},"categories":[1,23],"tags":[],"class_list":["post-3821","post","type-post","status-publish","format-standard","has-post-thumbnail","hentry","category-blog","category-la-cronica"],"views":57,"_links":{"self":[{"href":"https:\/\/chivasycronicas.com\/index.php?rest_route=\/wp\/v2\/posts\/3821","targetHints":{"allow":["GET"]}}],"collection":[{"href":"https:\/\/chivasycronicas.com\/index.php?rest_route=\/wp\/v2\/posts"}],"about":[{"href":"https:\/\/chivasycronicas.com\/index.php?rest_route=\/wp\/v2\/types\/post"}],"author":[{"embeddable":true,"href":"https:\/\/chivasycronicas.com\/index.php?rest_route=\/wp\/v2\/users\/2"}],"replies":[{"embeddable":true,"href":"https:\/\/chivasycronicas.com\/index.php?rest_route=%2Fwp%2Fv2%2Fcomments&post=3821"}],"version-history":[{"count":2,"href":"https:\/\/chivasycronicas.com\/index.php?rest_route=\/wp\/v2\/posts\/3821\/revisions"}],"predecessor-version":[{"id":3828,"href":"https:\/\/chivasycronicas.com\/index.php?rest_route=\/wp\/v2\/posts\/3821\/revisions\/3828"}],"wp:featuredmedia":[{"embeddable":true,"href":"https:\/\/chivasycronicas.com\/index.php?rest_route=\/wp\/v2\/media\/3826"}],"wp:attachment":[{"href":"https:\/\/chivasycronicas.com\/index.php?rest_route=%2Fwp%2Fv2%2Fmedia&parent=3821"}],"wp:term":[{"taxonomy":"category","embeddable":true,"href":"https:\/\/chivasycronicas.com\/index.php?rest_route=%2Fwp%2Fv2%2Fcategories&post=3821"},{"taxonomy":"post_tag","embeddable":true,"href":"https:\/\/chivasycronicas.com\/index.php?rest_route=%2Fwp%2Fv2%2Ftags&post=3821"}],"curies":[{"name":"wp","href":"https:\/\/api.w.org\/{rel}","templated":true}]}}