{"id":3846,"date":"2025-12-11T19:57:37","date_gmt":"2025-12-12T00:57:37","guid":{"rendered":"https:\/\/chivasycronicas.com\/?p=3846"},"modified":"2025-12-11T19:57:37","modified_gmt":"2025-12-12T00:57:37","slug":"nectar-celebra-la-navidad-con-los-colombianos","status":"publish","type":"post","link":"https:\/\/chivasycronicas.com\/?p=3846","title":{"rendered":"N\u00e9ctar celebra la Navidad con los colombianos"},"content":{"rendered":"<p style=\"text-align: justify\"><strong>La Empresa de Licores de Cundinamarca (ELC)<\/strong> da la bienvenida a la temporada decembrina con su tradicional mensaje de uni\u00f3n y alegr\u00eda, invitando a los cundinamarqueses y colombianos a brindar con responsabilidad en estas fiestas de fin de a\u00f1o. Bajo el lema \u201cFeliz Navidad, Aguardiente N\u00e9ctar\u201d, la compa\u00f1\u00eda reafirma su presencia como parte esencial de las celebraciones que unen a las familias y amigos en todo el pa\u00eds.<\/p>\n<p style=\"text-align: justify\"><strong>El gerente<\/strong> general de la ELC,<strong> Nicol\u00e1s Forero Obreg\u00f3n,<\/strong> destac\u00f3 que esta campa\u00f1a no solo celebra el esp\u00edritu navide\u00f1o, sino tambi\u00e9n el trabajo de miles de personas que hacen posible que cada botella de N\u00e9ctar llegue a los hogares:<\/p>\n<p style=\"text-align: justify\">\u201cM\u00e1s que un aguardiente, N\u00e9ctar es un s\u00edmbolo de tradici\u00f3n, esfuerzo y pertenencia. En diciembre recordamos que cada brindis es tambi\u00e9n un homenaje al talento y compromiso de quienes hacen grande a Cundinamarca\u201d.<\/p>\n<p style=\"text-align: justify\"><img fetchpriority=\"high\" decoding=\"async\" class=\"alignnone size-medium wp-image-3839\" src=\"https:\/\/chivasycronicas.com\/wp-content\/uploads\/2025\/11\/Nicolas-Forero-240x300.jpeg\" alt=\"\" width=\"240\" height=\"300\" srcset=\"https:\/\/chivasycronicas.com\/wp-content\/uploads\/2025\/11\/Nicolas-Forero-240x300.jpeg 240w, https:\/\/chivasycronicas.com\/wp-content\/uploads\/2025\/11\/Nicolas-Forero-819x1024.jpeg 819w, https:\/\/chivasycronicas.com\/wp-content\/uploads\/2025\/11\/Nicolas-Forero-768x961.jpeg 768w, https:\/\/chivasycronicas.com\/wp-content\/uploads\/2025\/11\/Nicolas-Forero.jpeg 1024w\" sizes=\"(max-width: 240px) 100vw, 240px\" \/><\/p>\n<p style=\"text-align: justify\"><strong>Un mensaje de uni\u00f3n, tradici\u00f3n y responsabilidad<\/strong><\/p>\n<p style=\"text-align: justify\"><strong>La campa\u00f1a<\/strong> \u201cFeliz Navidad Aguardiente N\u00e9ctar\u201d busca transmitir un mensaje de responsabilidad, cercan\u00eda y orgullo regional, invitando a disfrutar con moderaci\u00f3n y a compartir momentos que fortalezcan los lazos familiares. Con una imagen c\u00e1lida, festiva y cercana, la marca combina su est\u00e9tica tradicional con los s\u00edmbolos propios de la Navidad: el color verde caracter\u00edstico, las luces, y el inconfundible gorro navide\u00f1o sobre la botella.<\/p>\n<p style=\"text-align: justify\"><strong>El licor que impulsa el desarrollo<\/strong><\/p>\n<p style=\"text-align: justify\"><strong>La Empresa de Licores de Cundinamarc<\/strong>a contin\u00faa siendo un motor clave en el desarrollo econ\u00f3mico y social del departamento. Los ingresos obtenidos de sus productos se destinan a programas de salud, educaci\u00f3n y bienestar social, reafirmando el compromiso de la empresa p\u00fablica con su comunidad.<\/p>\n<p style=\"text-align: justify\">\u201cEn cada campa\u00f1a de fin de a\u00f1o recordamos que N\u00e9ctar no solo acompa\u00f1a la fiesta, sino que tambi\u00e9n impulsa proyectos que mejoran la calidad de vida de los cundinamarqueses\u201d, puntualiz\u00f3 el gerente.<\/p>\n","protected":false},"excerpt":{"rendered":"<p>La Empresa de Licores de Cundinamarca (ELC) da la bienvenida a la temporada decembrina con su tradicional mensaje de uni\u00f3n y alegr\u00eda, invitando a los cundinamarqueses y colombianos a brindar con responsabilidad en estas fiestas de fin de a\u00f1o. Bajo el lema \u201cFeliz Navidad, Aguardiente N\u00e9ctar\u201d, la compa\u00f1\u00eda reafirma su presencia como parte esencial de [&hellip;]<\/p>\n","protected":false},"author":2,"featured_media":3847,"comment_status":"open","ping_status":"open","sticky":false,"template":"","format":"standard","meta":{"footnotes":""},"categories":[1,23],"tags":[],"class_list":["post-3846","post","type-post","status-publish","format-standard","has-post-thumbnail","hentry","category-blog","category-la-cronica"],"views":12,"_links":{"self":[{"href":"https:\/\/chivasycronicas.com\/index.php?rest_route=\/wp\/v2\/posts\/3846","targetHints":{"allow":["GET"]}}],"collection":[{"href":"https:\/\/chivasycronicas.com\/index.php?rest_route=\/wp\/v2\/posts"}],"about":[{"href":"https:\/\/chivasycronicas.com\/index.php?rest_route=\/wp\/v2\/types\/post"}],"author":[{"embeddable":true,"href":"https:\/\/chivasycronicas.com\/index.php?rest_route=\/wp\/v2\/users\/2"}],"replies":[{"embeddable":true,"href":"https:\/\/chivasycronicas.com\/index.php?rest_route=%2Fwp%2Fv2%2Fcomments&post=3846"}],"version-history":[{"count":1,"href":"https:\/\/chivasycronicas.com\/index.php?rest_route=\/wp\/v2\/posts\/3846\/revisions"}],"predecessor-version":[{"id":3848,"href":"https:\/\/chivasycronicas.com\/index.php?rest_route=\/wp\/v2\/posts\/3846\/revisions\/3848"}],"wp:featuredmedia":[{"embeddable":true,"href":"https:\/\/chivasycronicas.com\/index.php?rest_route=\/wp\/v2\/media\/3847"}],"wp:attachment":[{"href":"https:\/\/chivasycronicas.com\/index.php?rest_route=%2Fwp%2Fv2%2Fmedia&parent=3846"}],"wp:term":[{"taxonomy":"category","embeddable":true,"href":"https:\/\/chivasycronicas.com\/index.php?rest_route=%2Fwp%2Fv2%2Fcategories&post=3846"},{"taxonomy":"post_tag","embeddable":true,"href":"https:\/\/chivasycronicas.com\/index.php?rest_route=%2Fwp%2Fv2%2Ftags&post=3846"}],"curies":[{"name":"wp","href":"https:\/\/api.w.org\/{rel}","templated":true}]}}