{"id":387,"date":"2023-02-22T23:00:44","date_gmt":"2023-02-23T04:00:44","guid":{"rendered":"https:\/\/www.chivasycronicas.com\/?p=387"},"modified":"2023-02-22T23:00:44","modified_gmt":"2023-02-23T04:00:44","slug":"el-gobierno-de-biden-propone-restricciones-mas-estrictas-para-solicitantes-de-asilo-en-la-frontera-de-estados-unidos","status":"publish","type":"post","link":"https:\/\/chivasycronicas.com\/?p=387","title":{"rendered":"El gobierno de Biden propone restricciones m\u00e1s estrictas para solicitantes de asilo en la frontera de Estados Unidos"},"content":{"rendered":"<p>El gobierno del presidente Joe Biden ha presentado un plan migratorio que ha generado controversia debido a las estrictas restricciones de asilo que se impondr\u00edan a los migrantes que intenten ingresar a Estados Unidos por la frontera. Si el plan es aprobado, los solicitantes de asilo tendr\u00edan que pedir una entrevista con funcionarios estadounidenses a trav\u00e9s de una aplicaci\u00f3n de tel\u00e9fono o solicitar asilo en otro pa\u00eds antes de llegar a Estados Unidos.<\/p>\n<p>Uno de los objetivos declarados del plan es desalentar la migraci\u00f3n irregular y reducir la cantidad de solicitudes de asilo que se presentan en la frontera. Sin embargo, detractores del plan argumentan que las nuevas restricciones imponen una carga adicional a los migrantes, que ya enfrentan grandes obst\u00e1culos para buscar protecci\u00f3n y refugio en Estados Unidos.<\/p>\n<p>Adem\u00e1s, algunos expertos en derecho de inmigraci\u00f3n se\u00f1alan que el plan podr\u00eda violar los tratados internacionales que establecen el derecho de las personas a buscar asilo en un pa\u00eds seguro, sin importar c\u00f3mo lleguen a \u00e9l. Asimismo, algunos grupos de derechos humanos comparan el plan con las pol\u00edticas del expresidente Donald Trump, quien tambi\u00e9n implement\u00f3 medidas restrictivas para los solicitantes de asilo.<\/p>\n<p>En resumen, la propuesta del gobierno de Biden ha generado un intenso debate en el pa\u00eds, y ha llevado a muchos a cuestionar cu\u00e1l es la mejor manera de abordar el complejo problema de la migraci\u00f3n irregular y el asilo.<\/p>\n<p><img fetchpriority=\"high\" decoding=\"async\" class=\"alignnone  wp-image-389\" src=\"https:\/\/www.chivasycronicas.com\/wp-content\/uploads\/2023\/02\/Joe-Biden-1-300x169.webp\" alt=\"\" width=\"621\" height=\"350\" \/><\/p>\n<p>El gobierno estadounidense ha propuesto una nueva normativa para regular la inmigraci\u00f3n y el asilo en la frontera del pa\u00eds. La medida, emitida conjuntamente por el Departamento de Seguridad Nacional y el Departamento de Justicia, busca establecer estrictas restricciones de asilo para los migrantes que intenten ingresar a Estados Unidos por la frontera.<\/p>\n<p>Seg\u00fan el plan, los migrantes adultos y familias tendr\u00e1n que utilizar una aplicaci\u00f3n para programar una cita y hablar con un funcionario de inmigraci\u00f3n estadounidense cuando lleguen a la frontera. Aquellos que no hagan la cita no tendr\u00e1n derecho a solicitar asilo en los pa\u00edses por donde pasaron.<\/p>\n<p>La normativa permitir\u00eda que los migrantes indocumentados sean deportados r\u00e1pidamente. Cabe destacar que la pol\u00edtica no se aplicar\u00eda en el caso de ni\u00f1os no acompa\u00f1ados.<\/p>\n<p><img decoding=\"async\" class=\"alignnone  wp-image-390 lazyload\" data-src=\"https:\/\/www.chivasycronicas.com\/wp-content\/uploads\/2023\/02\/ICE-scaled-1-300x200.webp\" alt=\"\" width=\"621\" height=\"414\" src=\"data:image\/gif;base64,R0lGODlhAQABAAAAACH5BAEKAAEALAAAAAABAAEAAAICTAEAOw==\" style=\"--smush-placeholder-width: 621px; --smush-placeholder-aspect-ratio: 621\/414;\" \/><\/p>\n<p>Si la propuesta es aprobada, se promulgar\u00e1 el 11 de mayo, cuando expirar\u00e1 el T\u00edtulo 42, una disposici\u00f3n de emergencia sanitaria aprobada por el gobierno de Trump que autoriza la expulsi\u00f3n de los migrantes hacia M\u00e9xico.<\/p>\n<p>A pesar de las intenciones declaradas de la medida de desalentar la migraci\u00f3n irregular, algunos expertos en derecho de inmigraci\u00f3n se\u00f1alan que la propuesta podr\u00eda violar los tratados internacionales que establecen el derecho de las personas a buscar asilo en un pa\u00eds seguro, sin importar c\u00f3mo lleguen a \u00e9l.<\/p>\n<p>En resumen, la nueva normativa propuesta por el gobierno de Biden ha generado preocupaci\u00f3n y controversia en el pa\u00eds, y ha llevado a muchos a cuestionar cu\u00e1l es la mejor manera de abordar el complejo problema de la inmigraci\u00f3n y el asilo.<\/p>\n","protected":false},"excerpt":{"rendered":"<p>El gobierno del presidente Joe Biden ha presentado un plan migratorio que ha generado controversia debido a las estrictas restricciones de asilo que se impondr\u00edan a los migrantes que intenten ingresar a Estados Unidos por la frontera. Si el plan es aprobado, los solicitantes de asilo tendr\u00edan que pedir una entrevista con funcionarios estadounidenses a [&hellip;]<\/p>\n","protected":false},"author":1,"featured_media":388,"comment_status":"open","ping_status":"open","sticky":false,"template":"","format":"standard","meta":{"footnotes":""},"categories":[27],"tags":[355,356,357,320,358,359,360,361,213,362,72,363,364,365,136,366,367,368,369,370,371,372,373,374,341,375,376,95,377,378,379,380,381],"class_list":["post-387","post","type-post","status-publish","format-standard","has-post-thumbnail","hentry","category-la-noticia","tag-abordar-el-complejo-problema","tag-adultos","tag-aplicacion-de-telefono","tag-controversia","tag-debate","tag-deportacion","tag-derecho-de-asilo","tag-emergencia-sanitaria","tag-entrevista","tag-expresidente-donald-trump","tag-familias","tag-frontera","tag-gobierno","tag-inmigracion","tag-joe-biden","tag-mexico","tag-migracion-irregular","tag-migrantes","tag-ninos-no-acompanados","tag-normativa","tag-obstaculos","tag-otro-pais","tag-plan-migratorio","tag-politicas-restrictivas","tag-preocupacion","tag-presidente","tag-promulgacion","tag-proteccion","tag-refugio","tag-restricciones-de-asilo","tag-solicitud-de-asilo","tag-titulo-42","tag-tratados-internacionales"],"views":6,"_links":{"self":[{"href":"https:\/\/chivasycronicas.com\/index.php?rest_route=\/wp\/v2\/posts\/387","targetHints":{"allow":["GET"]}}],"collection":[{"href":"https:\/\/chivasycronicas.com\/index.php?rest_route=\/wp\/v2\/posts"}],"about":[{"href":"https:\/\/chivasycronicas.com\/index.php?rest_route=\/wp\/v2\/types\/post"}],"author":[{"embeddable":true,"href":"https:\/\/chivasycronicas.com\/index.php?rest_route=\/wp\/v2\/users\/1"}],"replies":[{"embeddable":true,"href":"https:\/\/chivasycronicas.com\/index.php?rest_route=%2Fwp%2Fv2%2Fcomments&post=387"}],"version-history":[{"count":0,"href":"https:\/\/chivasycronicas.com\/index.php?rest_route=\/wp\/v2\/posts\/387\/revisions"}],"wp:featuredmedia":[{"embeddable":true,"href":"https:\/\/chivasycronicas.com\/index.php?rest_route=\/"}],"wp:attachment":[{"href":"https:\/\/chivasycronicas.com\/index.php?rest_route=%2Fwp%2Fv2%2Fmedia&parent=387"}],"wp:term":[{"taxonomy":"category","embeddable":true,"href":"https:\/\/chivasycronicas.com\/index.php?rest_route=%2Fwp%2Fv2%2Fcategories&post=387"},{"taxonomy":"post_tag","embeddable":true,"href":"https:\/\/chivasycronicas.com\/index.php?rest_route=%2Fwp%2Fv2%2Ftags&post=387"}],"curies":[{"name":"wp","href":"https:\/\/api.w.org\/{rel}","templated":true}]}}