{"id":404,"date":"2023-02-23T20:18:55","date_gmt":"2023-02-24T01:18:55","guid":{"rendered":"https:\/\/www.chivasycronicas.com\/?p=404"},"modified":"2023-02-23T20:18:55","modified_gmt":"2023-02-24T01:18:55","slug":"roy-barreras-advierte-sobre-una-posible-crisis-inmanejable-si-se-aprueba-la-reforma-a-la-salud-propuesta-por-la-ministra-corcho","status":"publish","type":"post","link":"https:\/\/chivasycronicas.com\/?p=404","title":{"rendered":"Roy Barreras advierte sobre una posible crisis inmanejable si se aprueba la reforma a la salud propuesta por la ministra Corcho"},"content":{"rendered":"<p>El presidente del Congreso, en una reciente declaraci\u00f3n, ha afirmado que no se considera un santista vergonzante y ha expresado su apoyo a la b\u00fasqueda de la paz total, acompa\u00f1ando al l\u00edder pol\u00edtico Gustavo Petro en ese objetivo.<\/p>\n<p>Roy Barreras, un experimentado pol\u00edtico de 59 a\u00f1os oriundo de Cali, se encuentra actualmente en el centro de las discusiones pol\u00edticas en Colombia. A pesar de las dificultades que ha enfrentado, como un tratamiento de quimioterapia para tratar su c\u00e1ncer de colon y amenazas que lo han llevado a enviar a su familia fuera del pa\u00eds, Barreras sigue siendo un operador pol\u00edtico eficaz en la coalici\u00f3n gubernamental y un defensor comprometido del mandato popular del presidente Gustavo Petro.<\/p>\n<p>Barreras es un m\u00e9dico de profesi\u00f3n, pero en este momento se centra en impulsar la agenda legislativa y sacar adelante las reformas sociales que el presidente Petro ha prometido a los ciudadanos. En una reciente entrevista con EL PA\u00cdS, Barreras afirm\u00f3 que su salud es responsabilidad de los m\u00e9dicos que lo est\u00e1n tratando, y que su prioridad es trabajar por la agenda pol\u00edtica.<\/p>\n<p>En su apartamento de varios niveles en el norte de Bogot\u00e1, lleno de obras de arte y biograf\u00edas pol\u00edticas de l\u00edderes como Petro y el expresidente Juan Manuel Santos, Barreras se prepara para el lanzamiento de su nuevo movimiento pol\u00edtico, La Fuerza de la Paz. Su agenda es fren\u00e9tica, atendiendo a otros congresistas, entrevist\u00e1ndose con funcionarios y hablando por tel\u00e9fono con ministros.<\/p>\n<p>A pesar de su compromiso con la coalici\u00f3n gubernamental, Barreras ha sido cr\u00edtico con la ministra de Salud, Carolina Corcho, y su controvertida reforma al sector de la salud, que a\u00fan se encuentra en tr\u00e1mite legislativo. A medida que la discusi\u00f3n contin\u00faa, es probable que Barreras siga siendo un actor clave en la pol\u00edtica colombiana en los pr\u00f3ximos a\u00f1os.<\/p>\n<p>Pregunta: \u00bfEncuentra coincidencias entre usted y el presidente Petro?<\/p>\n<p>Respuesta: Definitivamente, una de las principales coincidencias que tenemos es nuestro compromiso absoluto con la paz. La raz\u00f3n por la que formo parte de la coalici\u00f3n de Gobierno del Pacto Hist\u00f3rico, que es una coalici\u00f3n de centro-izquierda, es por la paz. Yo defiendo el legado de paz que hemos construido, fui negociador de paz, autor del marco para la paz, firm\u00e9 el acuerdo de paz con las FARC y creo que debemos mantener ese camino hacia la paz total. En las elecciones presidenciales del 2022, el \u00fanico candidato que tuvo como prioridad la paz total fue Gustavo Petro, y esa es una de las razones por las que apoyo su liderazgo.<\/p>\n<p>Pregunta: \u00bfSe identifica m\u00e1s como santista o petrista?<\/p>\n<p>Respuesta: Soy m\u00e1s bien santista, pero no un santista vergonzante. Me considero un hombre de ideas liberales, de centro. El presidente Petro es el l\u00edder m\u00e1s importante de la izquierda en los \u00faltimos 200 a\u00f1os y el \u00fanico que ha logrado llevar a la izquierda al poder. Sin embargo, yo no me identifico como un dirigente de izquierda. El Pacto Hist\u00f3rico es una coalici\u00f3n de centro-izquierda, con sectores liberales de centro que yo represento y sectores de izquierda mayoritarios encarnados por el presidente Petro. Petro es mucho m\u00e1s que un presidente, es la encarnaci\u00f3n de un reclamo popular justo, y por eso su liderazgo es s\u00f3lido y se mantendr\u00e1 en el tiempo, a pesar de las cr\u00edticas que pueda haber.<\/p>\n","protected":false},"excerpt":{"rendered":"<p>El presidente del Congreso, en una reciente declaraci\u00f3n, ha afirmado que no se considera un santista vergonzante y ha expresado su apoyo a la b\u00fasqueda de la paz total, acompa\u00f1ando al l\u00edder pol\u00edtico Gustavo Petro en ese objetivo. Roy Barreras, un experimentado pol\u00edtico de 59 a\u00f1os oriundo de Cali, se encuentra actualmente en el centro [&hellip;]<\/p>\n","protected":false},"author":1,"featured_media":410,"comment_status":"open","ping_status":"open","sticky":false,"template":"","format":"standard","meta":{"footnotes":""},"categories":[26],"tags":[420,421,399,422,423,424,325,425,426,427,428,429,415,430,431,432,433,265,434,435,436],"class_list":["post-404","post","type-post","status-publish","format-standard","has-post-thumbnail","hentry","category-la-opinion","tag-acuerdo-de-paz-con-las-farc","tag-agenda-legislativa","tag-barreras","tag-centro","tag-coalicion-gubernamental","tag-compromiso-absoluto-con-la-paz","tag-elecciones-presidenciales","tag-hombre-de-ideas-liberales","tag-legado-de-paz","tag-liderazgo","tag-negociador-de-paz","tag-pacto-historico","tag-petro","tag-politica-colombiana","tag-reclamo-popular","tag-reforma-al-sector-de-la-salud","tag-reformas-sociales","tag-salud","tag-santista","tag-sectores-de-izquierda","tag-sectores-liberales"],"views":5,"_links":{"self":[{"href":"https:\/\/chivasycronicas.com\/index.php?rest_route=\/wp\/v2\/posts\/404","targetHints":{"allow":["GET"]}}],"collection":[{"href":"https:\/\/chivasycronicas.com\/index.php?rest_route=\/wp\/v2\/posts"}],"about":[{"href":"https:\/\/chivasycronicas.com\/index.php?rest_route=\/wp\/v2\/types\/post"}],"author":[{"embeddable":true,"href":"https:\/\/chivasycronicas.com\/index.php?rest_route=\/wp\/v2\/users\/1"}],"replies":[{"embeddable":true,"href":"https:\/\/chivasycronicas.com\/index.php?rest_route=%2Fwp%2Fv2%2Fcomments&post=404"}],"version-history":[{"count":0,"href":"https:\/\/chivasycronicas.com\/index.php?rest_route=\/wp\/v2\/posts\/404\/revisions"}],"wp:featuredmedia":[{"embeddable":true,"href":"https:\/\/chivasycronicas.com\/index.php?rest_route=\/"}],"wp:attachment":[{"href":"https:\/\/chivasycronicas.com\/index.php?rest_route=%2Fwp%2Fv2%2Fmedia&parent=404"}],"wp:term":[{"taxonomy":"category","embeddable":true,"href":"https:\/\/chivasycronicas.com\/index.php?rest_route=%2Fwp%2Fv2%2Fcategories&post=404"},{"taxonomy":"post_tag","embeddable":true,"href":"https:\/\/chivasycronicas.com\/index.php?rest_route=%2Fwp%2Fv2%2Ftags&post=404"}],"curies":[{"name":"wp","href":"https:\/\/api.w.org\/{rel}","templated":true}]}}