{"id":416,"date":"2023-02-24T10:14:56","date_gmt":"2023-02-24T15:14:56","guid":{"rendered":"https:\/\/www.chivasycronicas.com\/?p=416"},"modified":"2023-02-24T10:14:56","modified_gmt":"2023-02-24T15:14:56","slug":"el-paro-de-los-taxistas-llega-a-su-fin-gracias-al-acuerdo-alcanzado-con-el-gobierno-el-cual-incluye-una-serie-de-compromisos-por-ambas-partes-a-continuacion-se-detallan-dichos-compromisos","status":"publish","type":"post","link":"https:\/\/chivasycronicas.com\/?p=416","title":{"rendered":"El paro de los taxistas llega a su fin gracias al acuerdo alcanzado con el Gobierno, el cual incluye una serie de compromisos por ambas partes. A continuaci\u00f3n, se detallan dichos compromisos"},"content":{"rendered":"<p>Tras casi cuatro horas de reuni\u00f3n entre funcionarios del Ministerio de Transporte y voceros del gremio de taxistas, se anunci\u00f3 un acuerdo para poner fin al paro nacional. El Ministerio se ha comprometido a establecer mesas de di\u00e1logo regionales y nacionales para abordar las inquietudes del sector. Adem\u00e1s, se han acordado 17 compromisos entre el Gobierno Nacional y los taxistas, con el objetivo de responder a sus demandas en relaci\u00f3n al aumento en los precios de la gasolina y la competencia desigual por parte de las plataformas digitales de movilidad.<\/p>\n<blockquote class=\"twitter-tweet\">\n<p lang=\"es\" dir=\"ltr\">SE LEVANTA El PARO de taxistas luego de retomar la mesa de concertaci\u00f3n y gracias a un compromiso de 18 puntos entre el <a href=\"https:\/\/twitter.com\/hashtag\/MinTransporte?src=hash&amp;ref_src=twsrc%5Etfw\">#MinTransporte<\/a> y Julian Osorio, representante de taxistas, para resolver las problem\u00e1ticas que ha manifestado este gremio. <a href=\"https:\/\/t.co\/NaK9ovKetN\">https:\/\/t.co\/NaK9ovKetN<\/a><\/p>\n<p>&mdash; Guillermo Reyes (@MinistroReyes) <a href=\"https:\/\/twitter.com\/MinistroReyes\/status\/1628492787359395843?ref_src=twsrc%5Etfw\">February 22, 2023<\/a><\/p><\/blockquote>\n<p> <script async src=\"https:\/\/platform.twitter.com\/widgets.js\" charset=\"utf-8\"><\/script>&nbsp;<\/p>\n<p>El ministro de Transporte, Guillermo Reyes, ha mostrado su disposici\u00f3n a entablar un di\u00e1logo para abordar las preocupaciones planteadas por los taxistas. Con respecto al aumento de los precios de la gasolina, el Ministro ha informado que los ministerios de Hacienda y Minas est\u00e1n trabajando para solucionar el desfinanciamiento del fondo de estabilizaci\u00f3n y avanzar hacia la transici\u00f3n energ\u00e9tica. Adem\u00e1s, en relaci\u00f3n a las plataformas digitales de movilidad, el Ministro ha hecho un llamado al Congreso de la Rep\u00fablica para que aborde el tema en un debate democr\u00e1tico.<\/p>\n<blockquote class=\"twitter-tweet\">\n<p lang=\"es\" dir=\"ltr\">Se levanta el paro de taxistas tras un di\u00e1logo que se extendi\u00f3 por m\u00e1s de cuatro horas. El <a href=\"https:\/\/twitter.com\/MinistroReyes?ref_src=twsrc%5Etfw\">@MinistroReyes<\/a>, Julian Osorio, y el equipo negociador del gremio de taxistas, llegaron a un acuerdo de 18 compromisos. <a href=\"https:\/\/t.co\/WZc0Wnk8Yy\">https:\/\/t.co\/WZc0Wnk8Yy<\/a> <a href=\"https:\/\/t.co\/LswSG78dpO\">pic.twitter.com\/LswSG78dpO<\/a><\/p>\n<p>&mdash; MinTransporte (@MinTransporteCo) <a href=\"https:\/\/twitter.com\/MinTransporteCo\/status\/1628495982231973892?ref_src=twsrc%5Etfw\">February 22, 2023<\/a><\/p><\/blockquote>\n<p> <script async src=\"https:\/\/platform.twitter.com\/widgets.js\" charset=\"utf-8\"><\/script><\/p>\n<p>Dentro de los compromisos acordados, se encuentra la expedici\u00f3n de circulares para instar a las autoridades municipales y distritales a que lleven a cabo controles y cumplan con la Ley 336 de 1996. Esta Ley establece que el servicio p\u00fablico de transporte debe ser prestado a trav\u00e9s de empresas de transporte y en veh\u00edculos debidamente registrados.<\/p>\n<p>Es importante destacar que a principios de este mes, el Ministerio de Transporte sostuvo una reuni\u00f3n con las plataformas de movilidad, en la que se acord\u00f3 que el Gobierno no prohibir\u00eda su uso y que se construir\u00eda una pol\u00edtica p\u00fablica al respecto. Respecto a la posible regulaci\u00f3n de estas plataformas, el ministro afirm\u00f3 que los ministerios de TIC, Ciencia, Tecnolog\u00eda e Innovaci\u00f3n, Trabajo y Transporte trabajar\u00edan en conjunto con los actores involucrados, y que cualquier iniciativa tendr\u00eda que pasar por el Congreso.<\/p>\n<p>En los 18 puntos acordados con los taxistas tambi\u00e9n se menciona la reforma al c\u00f3digo sancionatorio, que gener\u00f3 protestas entre los conductores de plataformas de movilidad a principios de mes. El Gobierno les asegur\u00f3 que en el documento se incluir\u00edan herramientas para el control del transporte informal e ilegal en el pa\u00eds. Adem\u00e1s, el ministro aclar\u00f3 que en ning\u00fan momento se prohibir\u00edan las plataformas en el servicio de transporte.<\/p>\n<p>En cuanto a la problem\u00e1tica del precio de la gasolina, se estableci\u00f3 la creaci\u00f3n de un comit\u00e9 de trabajo con los ministerios de Hacienda y de Minas y Energ\u00eda para discutir la fijaci\u00f3n de precios, a la vez que se busca solucionar el desfinanciamiento del Fondo de Estabilizaci\u00f3n y avanzar en la transici\u00f3n energ\u00e9tica. El gremio de taxistas tambi\u00e9n acord\u00f3 exhortar a las autoridades municipales y distritales a que cumplan con la Ley 336 de 1996, que establece que el servicio p\u00fablico de transporte debe ser prestado a trav\u00e9s de empresas de transporte y en veh\u00edculos registrados.<\/p>\n","protected":false},"excerpt":{"rendered":"<p>Tras casi cuatro horas de reuni\u00f3n entre funcionarios del Ministerio de Transporte y voceros del gremio de taxistas, se anunci\u00f3 un acuerdo para poner fin al paro nacional. El Ministerio se ha comprometido a establecer mesas de di\u00e1logo regionales y nacionales para abordar las inquietudes del sector. Adem\u00e1s, se han acordado 17 compromisos entre el [&hellip;]<\/p>\n","protected":false},"author":1,"featured_media":417,"comment_status":"open","ping_status":"open","sticky":false,"template":"","format":"standard","meta":{"footnotes":""},"categories":[27],"tags":[440,441,442,443,444,445,446,447,448,131,449,450,451,452,453,454,455,456,457,458,459,460,461,462,463,464,465,466,467,468,469,226,470,471],"class_list":["post-416","post","type-post","status-publish","format-standard","has-post-thumbnail","hentry","category-la-noticia","tag-autoridades-municipales-y-distritales","tag-ciencia","tag-codigo-sancionatorio","tag-comite-de-trabajo","tag-competencia-desigual","tag-compromisos","tag-congreso-de-la-republica","tag-control-del-transporte-informal-e-ilegal","tag-debate-democratico","tag-dialogo","tag-empresas-de-transporte","tag-fondo-de-estabilizacion","tag-gobierno-nacional","tag-hacienda","tag-inquietudes","tag-ley-336-de-1996","tag-mesas-de-dialogo","tag-minas","tag-ministerio-de-transporte","tag-paro-nacional","tag-plataformas-de-movilidad","tag-plataformas-digitales-de-movilidad","tag-politica-publica","tag-precio-de-la-gasolina","tag-precios-de-la-gasolina","tag-preocupaciones","tag-regulacion","tag-servicio-de-transporte","tag-taxistas","tag-tecnologia-e-innovacion","tag-tic","tag-trabajo","tag-transicion-energetica","tag-vehiculos-registrados"],"views":6,"_links":{"self":[{"href":"https:\/\/chivasycronicas.com\/index.php?rest_route=\/wp\/v2\/posts\/416","targetHints":{"allow":["GET"]}}],"collection":[{"href":"https:\/\/chivasycronicas.com\/index.php?rest_route=\/wp\/v2\/posts"}],"about":[{"href":"https:\/\/chivasycronicas.com\/index.php?rest_route=\/wp\/v2\/types\/post"}],"author":[{"embeddable":true,"href":"https:\/\/chivasycronicas.com\/index.php?rest_route=\/wp\/v2\/users\/1"}],"replies":[{"embeddable":true,"href":"https:\/\/chivasycronicas.com\/index.php?rest_route=%2Fwp%2Fv2%2Fcomments&post=416"}],"version-history":[{"count":0,"href":"https:\/\/chivasycronicas.com\/index.php?rest_route=\/wp\/v2\/posts\/416\/revisions"}],"wp:featuredmedia":[{"embeddable":true,"href":"https:\/\/chivasycronicas.com\/index.php?rest_route=\/"}],"wp:attachment":[{"href":"https:\/\/chivasycronicas.com\/index.php?rest_route=%2Fwp%2Fv2%2Fmedia&parent=416"}],"wp:term":[{"taxonomy":"category","embeddable":true,"href":"https:\/\/chivasycronicas.com\/index.php?rest_route=%2Fwp%2Fv2%2Fcategories&post=416"},{"taxonomy":"post_tag","embeddable":true,"href":"https:\/\/chivasycronicas.com\/index.php?rest_route=%2Fwp%2Fv2%2Ftags&post=416"}],"curies":[{"name":"wp","href":"https:\/\/api.w.org\/{rel}","templated":true}]}}