{"id":426,"date":"2023-02-23T10:48:21","date_gmt":"2023-02-23T15:48:21","guid":{"rendered":"https:\/\/www.chivasycronicas.com\/?p=426"},"modified":"2023-02-23T10:48:21","modified_gmt":"2023-02-23T15:48:21","slug":"representante-en-el-congreso-confiesa-ser-consumidora-habitual-de-marihuana","status":"publish","type":"post","link":"https:\/\/chivasycronicas.com\/?p=426","title":{"rendered":"Representante en el Congreso confiesa ser consumidora habitual de marihuana"},"content":{"rendered":"<p>En un hecho inusual en la pol\u00edtica colombiana, la representante Susana Boreal sorprendi\u00f3 a todos en el Congreso al confesar p\u00fablicamente que consume marihuana de manera habitual.<\/p>\n<p>En una rueda de prensa, Boreal declar\u00f3: \u00abSoy otra marihuanera que sale del cl\u00f3set en el Congreso. Creo que es importante que las personas entiendan que el consumo de marihuana no es exclusivo de delincuentes o personas con problemas de adicci\u00f3n. Soy una persona responsable, trabajadora y comprometida con mi trabajo, y el consumo de marihuana no me impide cumplir con mis responsabilidades.\u00bb<\/p>\n<blockquote class=\"twitter-tweet\">\n<p lang=\"es\" dir=\"ltr\">OTRA MARIHUANERA Que sale &quot;del cl\u00f3set&quot; en el Congreso. La representante Susana Boreal confiesa p\u00fablicamente que es consumidora habitual. Ustedes qu\u00e9 opinan? <a href=\"https:\/\/t.co\/tI5IS3FVAt\">pic.twitter.com\/tI5IS3FVAt<\/a><\/p>\n<p>&mdash; ChivasYCr\u00f3nicas (@ChivasYCronicas) <a href=\"https:\/\/twitter.com\/ChivasYCronicas\/status\/1628814278072336392?ref_src=twsrc%5Etfw\">February 23, 2023<\/a><\/p><\/blockquote>\n<p> <script async src=\"https:\/\/platform.twitter.com\/widgets.js\" charset=\"utf-8\"><\/script><\/p>\n<p>La representante, que ha sido una defensora de la legalizaci\u00f3n de la marihuana con fines medicinales y recreativos, explic\u00f3 que su decisi\u00f3n de hacer p\u00fablica su consumo se debe a que quiere romper con el estigma que rodea a los consumidores de marihuana en Colombia y promover un debate serio y responsable sobre la legalizaci\u00f3n de esta sustancia.<\/p>\n<p>\u00abCreo que es hora de que Colombia avance hacia una pol\u00edtica m\u00e1s inteligente y justa en materia de drogas. La prohibici\u00f3n de la marihuana ha demostrado ser un fracaso en todo el mundo y ha causado m\u00e1s da\u00f1o que bienestar. La legalizaci\u00f3n y regulaci\u00f3n de la marihuana nos permitir\u00eda combatir el narcotr\u00e1fico, reducir el consumo de drogas m\u00e1s da\u00f1inas y generar ingresos para el Estado que podr\u00edan ser utilizados en programas de prevenci\u00f3n y tratamiento de adicciones\u00bb, afirm\u00f3 Boreal.<\/p>\n<p>La declaraci\u00f3n de la representante ha generado reacciones encontradas entre sus colegas en el Congreso y la opini\u00f3n p\u00fablica. Algunos la han criticado por fomentar el consumo de drogas y por violar las leyes colombianas que proh\u00edben el consumo de sustancias psicoactivas. Otros, sin embargo, la han apoyado y han destacado su valent\u00eda al hablar abiertamente sobre un tema tab\u00fa en la pol\u00edtica.<\/p>\n<p>Lo cierto es que la confesi\u00f3n de la representante Boreal ha puesto sobre la mesa un debate que hace tiempo se viene dando en Colombia y en otros pa\u00edses del mundo. La legalizaci\u00f3n de la marihuana es un tema complejo y pol\u00e9mico que involucra aspectos sociales, econ\u00f3micos y de salud p\u00fablica, y que requiere de un an\u00e1lisis riguroso y un enfoque basado en evidencia cient\u00edfica.<\/p>\n<p>La postura de la representante Boreal es valiente y necesaria para fomentar un debate serio y respetuoso sobre este tema en la sociedad colombiana. La legalizaci\u00f3n de la marihuana no es una panacea ni una soluci\u00f3n m\u00e1gica a los problemas relacionados con las drogas, pero es un primer paso hacia una pol\u00edtica m\u00e1s sensata y justa en este \u00e1mbito. Esperamos que esta confesi\u00f3n abra un di\u00e1logo m\u00e1s amplio sobre la legalizaci\u00f3n de la marihuana y que se escuchen todas las voces en el debate.<\/p>\n","protected":false},"excerpt":{"rendered":"<p>En un hecho inusual en la pol\u00edtica colombiana, la representante Susana Boreal sorprendi\u00f3 a todos en el Congreso al confesar p\u00fablicamente que consume marihuana de manera habitual. En una rueda de prensa, Boreal declar\u00f3: \u00abSoy otra marihuanera que sale del cl\u00f3set en el Congreso. Creo que es importante que las personas entiendan que el consumo [&hellip;]<\/p>\n","protected":false},"author":1,"featured_media":427,"comment_status":"open","ping_status":"open","sticky":false,"template":"","format":"standard","meta":{"footnotes":""},"categories":[27],"tags":[53,531,358,532,533,534,535,536,537,538,418,539],"class_list":["post-426","post","type-post","status-publish","format-standard","has-post-thumbnail","hentry","category-la-noticia","tag-colombia","tag-consumo-de-marihuana","tag-debate","tag-estigma","tag-evidencia-cientifica","tag-legalizacion-de-la-marihuana","tag-narcotrafico","tag-politica-de-drogas","tag-prevencion-y-tratamiento-de-adicciones","tag-representante-susana-boreal","tag-salud-publica","tag-sustancias-psicoactivas"],"views":4,"_links":{"self":[{"href":"https:\/\/chivasycronicas.com\/index.php?rest_route=\/wp\/v2\/posts\/426","targetHints":{"allow":["GET"]}}],"collection":[{"href":"https:\/\/chivasycronicas.com\/index.php?rest_route=\/wp\/v2\/posts"}],"about":[{"href":"https:\/\/chivasycronicas.com\/index.php?rest_route=\/wp\/v2\/types\/post"}],"author":[{"embeddable":true,"href":"https:\/\/chivasycronicas.com\/index.php?rest_route=\/wp\/v2\/users\/1"}],"replies":[{"embeddable":true,"href":"https:\/\/chivasycronicas.com\/index.php?rest_route=%2Fwp%2Fv2%2Fcomments&post=426"}],"version-history":[{"count":0,"href":"https:\/\/chivasycronicas.com\/index.php?rest_route=\/wp\/v2\/posts\/426\/revisions"}],"wp:featuredmedia":[{"embeddable":true,"href":"https:\/\/chivasycronicas.com\/index.php?rest_route=\/"}],"wp:attachment":[{"href":"https:\/\/chivasycronicas.com\/index.php?rest_route=%2Fwp%2Fv2%2Fmedia&parent=426"}],"wp:term":[{"taxonomy":"category","embeddable":true,"href":"https:\/\/chivasycronicas.com\/index.php?rest_route=%2Fwp%2Fv2%2Fcategories&post=426"},{"taxonomy":"post_tag","embeddable":true,"href":"https:\/\/chivasycronicas.com\/index.php?rest_route=%2Fwp%2Fv2%2Ftags&post=426"}],"curies":[{"name":"wp","href":"https:\/\/api.w.org\/{rel}","templated":true}]}}