{"id":442,"date":"2023-02-25T09:09:33","date_gmt":"2023-02-25T14:09:33","guid":{"rendered":"https:\/\/www.chivasycronicas.com\/?p=442"},"modified":"2023-02-25T09:09:33","modified_gmt":"2023-02-25T14:09:33","slug":"la-agresion-a-funcionarios-de-transmilenio-aumenta-en-un-93-en-2021-una-amenaza-a-la-seguridad-del-sistema-de-transporte-publico-en-bogota","status":"publish","type":"post","link":"https:\/\/chivasycronicas.com\/?p=442","title":{"rendered":"La agresi\u00f3n a funcionarios de TransMilenio aumenta en un 93% en 2021: una amenaza a la seguridad del sistema de transporte p\u00fablico en Bogot\u00e1"},"content":{"rendered":"<p>El sistema de transporte p\u00fablico de TransMilenio en Bogot\u00e1, Colombia, ha enfrentado numerosos desaf\u00edos en los \u00faltimos a\u00f1os, desde el aumento de los colados hasta la p\u00e9rdida de usuarios. Sin embargo, un aspecto menos visible pero igualmente preocupante es la creciente agresi\u00f3n a los funcionarios del sistema.<\/p>\n<p><img fetchpriority=\"high\" decoding=\"async\" src=\"https:\/\/www.chivasycronicas.com\/wp-content\/uploads\/2023\/02\/AGRESIONTM.JPG-300x225.webp\" alt=\"\" width=\"300\" height=\"225\" class=\"alignnone size-medium wp-image-444\" \/><\/p>\n<p>Seg\u00fan un informe reciente, la agresi\u00f3n a los trabajadores de TransMilenio aument\u00f3 un 93% en 2021 en comparaci\u00f3n con el a\u00f1o anterior. Esto significa que cada vez m\u00e1s funcionarios se enfrentan a situaciones de violencia y riesgo en su trabajo diario.<\/p>\n<p>La situaci\u00f3n no es nueva, pero ha empeorado en los \u00faltimos a\u00f1os. Los trabajadores de TransMilenio han sido v\u00edctimas de robos, agresiones f\u00edsicas, insultos y amenazas, entre otros tipos de violencia. Estos incidentes no solo ponen en riesgo la vida de los trabajadores, sino que tambi\u00e9n afectan la calidad del servicio que se presta a los usuarios.<\/p>\n<p>Un ejemplo reciente ilustra bien este problema. El pasado mes de enero, un conductor de TransMilenio fue agredido por un pasajero que se neg\u00f3 a pagar el pasaje. El conductor, que intent\u00f3 hacer respetar las normas del sistema, fue golpeado por el usuario y sufri\u00f3 lesiones en el rostro. El incidente gener\u00f3 indignaci\u00f3n entre los trabajadores de TransMilenio y la opini\u00f3n p\u00fablica en general.<\/p>\n<blockquote class=\"twitter-tweet\">\n<p lang=\"es\" dir=\"ltr\">El colapso de TransMilenio no se mide \u00fanicamente en aumento de colados y p\u00e9rdida de usuarios: la agresi\u00f3n a funcionarios del sistema creci\u00f3 el a\u00f1o pasado un 93% respecto al 2020. No solo usuarios ponen en riesgo su vida,tambi\u00e9n los trabajadores. Para la muestra un bot\u00f3n \ud83d\udc47 <a href=\"https:\/\/t.co\/ITTPUoUYX8\">pic.twitter.com\/ITTPUoUYX8<\/a><\/p>\n<p>&mdash; Francisco Casta\u00f1eda (@FranciscoporBta) <a href=\"https:\/\/twitter.com\/FranciscoporBta\/status\/1628746459528019972?ref_src=twsrc%5Etfw\">February 23, 2023<\/a><\/p><\/blockquote>\n<p> <script async src=\"https:\/\/platform.twitter.com\/widgets.js\" charset=\"utf-8\"><\/script><\/p>\n<p>Ante este panorama, es necesario tomar medidas para proteger a los trabajadores de TransMilenio y garantizar un ambiente seguro y respetuoso en el sistema de transporte p\u00fablico. Esto implica no solo aumentar la presencia policial en las estaciones y los buses, sino tambi\u00e9n mejorar la capacitaci\u00f3n de los funcionarios para manejar situaciones de conflicto y violencia.<\/p>\n<p>Adem\u00e1s, es importante que los usuarios comprendan la importancia de respetar las normas del sistema y el trabajo de los funcionarios que lo hacen posible. La falta de cultura ciudadana y el individualismo son algunos de los factores que explican la agresi\u00f3n a los trabajadores de TransMilenio.<\/p>\n<p>En definitiva, la agresi\u00f3n a los trabajadores de TransMilenio es un problema que afecta no solo a los funcionarios, sino tambi\u00e9n a los usuarios y al sistema de transporte p\u00fablico en general. Es necesario tomar medidas concretas para proteger a los trabajadores y garantizar un servicio de calidad y seguro para todos los ciudadanos.<\/p>\n","protected":false},"excerpt":{"rendered":"<p>El sistema de transporte p\u00fablico de TransMilenio en Bogot\u00e1, Colombia, ha enfrentado numerosos desaf\u00edos en los \u00faltimos a\u00f1os, desde el aumento de los colados hasta la p\u00e9rdida de usuarios. Sin embargo, un aspecto menos visible pero igualmente preocupante es la creciente agresi\u00f3n a los funcionarios del sistema. Seg\u00fan un informe reciente, la agresi\u00f3n a los [&hellip;]<\/p>\n","protected":false},"author":1,"featured_media":443,"comment_status":"open","ping_status":"open","sticky":false,"template":"","format":"video","meta":{"footnotes":""},"categories":[27],"tags":[595,596,597,598,599,561,479,600,601,127,602,603,604,605,606,86,607,608,609,610,590,552,611,612,613,505],"class_list":["post-442","post","type-post","status-publish","format-video","has-post-thumbnail","hentry","category-la-noticia","tag-agresion","tag-agresiones-fisicas","tag-amenazas","tag-aumento","tag-calidad-del-servicio","tag-capacitacion","tag-ciudadanos","tag-colados","tag-conductores","tag-conflicto","tag-cultura-ciudadana","tag-funcionarios","tag-indignacion","tag-individualismo","tag-insultos","tag-medidas","tag-normas","tag-opinion-publica","tag-pasajeros","tag-perdida-de-usuarios","tag-presencia-policial","tag-riesgo","tag-robos","tag-sistema-de-transporte-publico","tag-transmilenio","tag-violencia","post_format-post-format-video"],"views":5,"_links":{"self":[{"href":"https:\/\/chivasycronicas.com\/index.php?rest_route=\/wp\/v2\/posts\/442","targetHints":{"allow":["GET"]}}],"collection":[{"href":"https:\/\/chivasycronicas.com\/index.php?rest_route=\/wp\/v2\/posts"}],"about":[{"href":"https:\/\/chivasycronicas.com\/index.php?rest_route=\/wp\/v2\/types\/post"}],"author":[{"embeddable":true,"href":"https:\/\/chivasycronicas.com\/index.php?rest_route=\/wp\/v2\/users\/1"}],"replies":[{"embeddable":true,"href":"https:\/\/chivasycronicas.com\/index.php?rest_route=%2Fwp%2Fv2%2Fcomments&post=442"}],"version-history":[{"count":0,"href":"https:\/\/chivasycronicas.com\/index.php?rest_route=\/wp\/v2\/posts\/442\/revisions"}],"wp:featuredmedia":[{"embeddable":true,"href":"https:\/\/chivasycronicas.com\/index.php?rest_route=\/"}],"wp:attachment":[{"href":"https:\/\/chivasycronicas.com\/index.php?rest_route=%2Fwp%2Fv2%2Fmedia&parent=442"}],"wp:term":[{"taxonomy":"category","embeddable":true,"href":"https:\/\/chivasycronicas.com\/index.php?rest_route=%2Fwp%2Fv2%2Fcategories&post=442"},{"taxonomy":"post_tag","embeddable":true,"href":"https:\/\/chivasycronicas.com\/index.php?rest_route=%2Fwp%2Fv2%2Ftags&post=442"}],"curies":[{"name":"wp","href":"https:\/\/api.w.org\/{rel}","templated":true}]}}