{"id":456,"date":"2023-02-25T19:44:16","date_gmt":"2023-02-26T00:44:16","guid":{"rendered":"https:\/\/www.chivasycronicas.com\/?p=456"},"modified":"2023-02-25T19:44:16","modified_gmt":"2023-02-26T00:44:16","slug":"peru-declara-a-gustavo-petro-como-persona-non-grata-por-polemicas-declaraciones-sobre-la-policia-nacional","status":"publish","type":"post","link":"https:\/\/chivasycronicas.com\/?p=456","title":{"rendered":"Per\u00fa declara a Gustavo Petro como persona non grata por pol\u00e9micas declaraciones sobre la Polic\u00eda Nacional"},"content":{"rendered":"<p>El Congreso de Per\u00fa ha declarado persona non grata al presidente de Colombia, Gustavo Petro, por comparar a los polic\u00edas peruanos con \u00abnazis\u00bb en relaci\u00f3n a las recientes manifestaciones contra el gobierno de Dina Boluarte. La moci\u00f3n fue aprobada con 72 votos a favor, 29 en contra y 7 abstenciones, impidiendo que Petro pueda ingresar en territorio peruano.<\/p>\n<p><iframe data-src=\"\/\/content.jwplatform.com\/players\/iPxlQyGY-0CbwP3Zb.html\" width=\"640\" height=\"360\" frameborder=\"0\" scrolling=\"auto\" src=\"data:image\/gif;base64,R0lGODlhAQABAAAAACH5BAEKAAEALAAAAAABAAEAAAICTAEAOw==\" class=\"lazyload\" data-load-mode=\"1\"><\/iframe><\/p>\n<p>El presidente colombiano emiti\u00f3 estas pol\u00e9micas declaraciones el pasado viernes 10, generando una fuerte controversia en Per\u00fa. Petro afirm\u00f3 que los polic\u00edas peruanos \u00abmarchan como nazis, contra su propio pueblo, rompiendo la Convenci\u00f3n Americana de Derechos Humanos\u00bb. Adem\u00e1s, a\u00f1adi\u00f3 que esta convenci\u00f3n, ratificada por casi todos los pa\u00edses de la regi\u00f3n, \u00abno se aplica solo a Gobiernos de izquierda\u00bb, haciendo una aparente referencia a los ejecutivos de Venezuela, Cuba y Nicaragua, se\u00f1alados con frecuencia como reg\u00edmenes autoritarios que vulneran los derechos humanos de su poblaci\u00f3n.<\/p>\n<p>Las declaraciones de Petro generaron una fuerte reacci\u00f3n en el Congreso de Per\u00fa, que consider\u00f3 sus palabras como una injerencia en los asuntos internos del pa\u00eds andino y una falta de respeto a las instituciones peruanas. Por esta raz\u00f3n, los legisladores peruanos decidieron declarar persona non grata al presidente colombiano, impidi\u00e9ndole la entrada en territorio peruano.<\/p>\n<p>Esta situaci\u00f3n ha generado una tensi\u00f3n entre Per\u00fa y Colombia, dos pa\u00edses que hist\u00f3ricamente han tenido una buena relaci\u00f3n diplom\u00e1tica. Sin embargo, el Congreso de Per\u00fa ha dejado en claro que no tolerar\u00e1 ninguna injerencia en sus asuntos internos y que defender\u00e1 la integridad de sus instituciones.<\/p>\n<p>En conclusi\u00f3n, la declaraci\u00f3n de Gustavo Petro como persona non grata por parte del Congreso de Per\u00fa ha generado una tensi\u00f3n entre los dos pa\u00edses. Las pol\u00e9micas declaraciones del presidente colombiano sobre la Polic\u00eda Nacional del Per\u00fa en relaci\u00f3n a las manifestaciones contra el gobierno de Dina Boluarte han sido consideradas una injerencia en los asuntos internos del pa\u00eds andino y una falta de respeto a sus instituciones.<\/p>\n","protected":false},"excerpt":{"rendered":"<p>El Congreso de Per\u00fa ha declarado persona non grata al presidente de Colombia, Gustavo Petro, por comparar a los polic\u00edas peruanos con \u00abnazis\u00bb en relaci\u00f3n a las recientes manifestaciones contra el gobierno de Dina Boluarte. La moci\u00f3n fue aprobada con 72 votos a favor, 29 en contra y 7 abstenciones, impidiendo que Petro pueda ingresar [&hellip;]<\/p>\n","protected":false},"author":1,"featured_media":457,"comment_status":"open","ping_status":"open","sticky":false,"template":"","format":"standard","meta":{"footnotes":""},"categories":[27],"tags":[53,633,634,618,635,636,637,296,638],"class_list":["post-456","post","type-post","status-publish","format-standard","has-post-thumbnail","hentry","category-la-noticia","tag-colombia","tag-comparacion-con-nazis","tag-congreso-peruano","tag-derechos-humanos","tag-gustavo-petro","tag-manifestaciones","tag-persona-non-grata","tag-peru","tag-policia-peruana"],"views":4,"_links":{"self":[{"href":"https:\/\/chivasycronicas.com\/index.php?rest_route=\/wp\/v2\/posts\/456","targetHints":{"allow":["GET"]}}],"collection":[{"href":"https:\/\/chivasycronicas.com\/index.php?rest_route=\/wp\/v2\/posts"}],"about":[{"href":"https:\/\/chivasycronicas.com\/index.php?rest_route=\/wp\/v2\/types\/post"}],"author":[{"embeddable":true,"href":"https:\/\/chivasycronicas.com\/index.php?rest_route=\/wp\/v2\/users\/1"}],"replies":[{"embeddable":true,"href":"https:\/\/chivasycronicas.com\/index.php?rest_route=%2Fwp%2Fv2%2Fcomments&post=456"}],"version-history":[{"count":0,"href":"https:\/\/chivasycronicas.com\/index.php?rest_route=\/wp\/v2\/posts\/456\/revisions"}],"wp:featuredmedia":[{"embeddable":true,"href":"https:\/\/chivasycronicas.com\/index.php?rest_route=\/"}],"wp:attachment":[{"href":"https:\/\/chivasycronicas.com\/index.php?rest_route=%2Fwp%2Fv2%2Fmedia&parent=456"}],"wp:term":[{"taxonomy":"category","embeddable":true,"href":"https:\/\/chivasycronicas.com\/index.php?rest_route=%2Fwp%2Fv2%2Fcategories&post=456"},{"taxonomy":"post_tag","embeddable":true,"href":"https:\/\/chivasycronicas.com\/index.php?rest_route=%2Fwp%2Fv2%2Ftags&post=456"}],"curies":[{"name":"wp","href":"https:\/\/api.w.org\/{rel}","templated":true}]}}