{"id":461,"date":"2023-02-26T07:46:55","date_gmt":"2023-02-26T12:46:55","guid":{"rendered":"https:\/\/www.chivasycronicas.com\/?p=461"},"modified":"2023-02-26T07:46:55","modified_gmt":"2023-02-26T12:46:55","slug":"461","status":"publish","type":"post","link":"https:\/\/chivasycronicas.com\/?p=461","title":{"rendered":"El Papa Francisco Nacionaliza los Bienes y Propiedades del Vaticano para Garantizar su Gesti\u00f3n Adecuada"},"content":{"rendered":"<p>El Vaticano Nacionaliza sus Bienes y Propiedades en un Intento por Garantizar su Gesti\u00f3n Adecuada<\/p>\n<p>El papa Francisco ha tomado una decisi\u00f3n importante para asegurar la correcta gesti\u00f3n de los activos de la Iglesia Cat\u00f3lica. En una nueva ley publicada el jueves 23, el Papa ha nacionalizado todos los bienes y propiedades del Vaticano convirti\u00e9ndolos en \u00abpatrimonio soberano\u00bb de la Santa Sede. De esta forma, todos los activos dependientes de diferentes oficinas o instituciones afiliadas pasan a estar bajo el control exclusivo del l\u00edder de la Iglesia Cat\u00f3lica.<\/p>\n<p>La iniciativa es la \u00faltima de una serie de medidas tomadas por el Papa Francisco para centralizar los activos y responder a las cr\u00edticas internas y externas sobre enormes p\u00e9rdidas y delitos penales por malversaci\u00f3n. Previamente, Francisco ya se hab\u00eda hecho del control de una cartera de 600.000 millones de euros que estaban bajo el control de la Secretar\u00eda de Estado del Vaticano.<\/p>\n<p>La Secretar\u00eda de Estado del Vaticano, que se ocupa de todas las funciones pol\u00edticas y diplom\u00e1ticas de la Santa Sede, estuvo envuelta en un esc\u00e1ndalo financiero por una inversi\u00f3n en 2014 de 350 millones de euros en el mercado de inmuebles de Londres. La Iglesia controlaba indirectamente un edificio comercial en el barrio de Chelsea, que finalmente vendi\u00f3 en julio de 2022 a la firma Bain Capital con una p\u00e9rdida total de 210 millones de euros.<\/p>\n<p>El control centralizado de los bienes y propiedades del Vaticano es una medida importante para evitar futuros esc\u00e1ndalos financieros y garantizar la gesti\u00f3n adecuada de los activos de la Iglesia Cat\u00f3lica. Con esta ley, todos los bienes y propiedades del Vaticano est\u00e1n ahora bajo la autoridad del Papa Francisco, lo que deber\u00eda asegurar una gesti\u00f3n m\u00e1s transparente y responsable.<\/p>\n<p>Esta medida tambi\u00e9n refleja el compromiso del Papa con la reforma financiera y la lucha contra la corrupci\u00f3n en el Vaticano. En los \u00faltimos a\u00f1os, la Santa Sede ha intensificado sus esfuerzos por combatir la corrupci\u00f3n y mejorar la transparencia en sus operaciones financieras.<\/p>\n<p>La nueva ley establece que todos los bienes, valores y propiedades adquiridos por cualquier oficina del Vaticano o instituci\u00f3n afiliada son propiedad de la Santa Sede y solo se conf\u00edan a los departamentos si se destinan a satisfacer las necesidades universales de la Iglesia para cumplir su misi\u00f3n. La intenci\u00f3n es poner fin al funcionamiento de las diferentes congregaciones y organismos como \u00abcajas negras\u00bb sin control de las autoridades centrales.<\/p>\n<p>La nueva ley tambi\u00e9n enfatiza en la misi\u00f3n de la Iglesia Cat\u00f3lica, lo que est\u00e1 en l\u00ednea con la decisi\u00f3n del Papa actual en 2022 de prohibir las inversiones especulativas y limitar los negocios del Vaticano a las industrias que promuevan el bien com\u00fan. La Santa Sede ha vetado sectores como la pornograf\u00eda, la prostituci\u00f3n, el juego y las armas, as\u00ed como los combustibles f\u00f3siles y la miner\u00eda.<\/p>\n<p>En conclusi\u00f3n, la nacionalizaci\u00f3n de los bienes y propiedades del Vaticano es una medida importante para garantizar la correcta gesti\u00f3n de los activos de la Iglesia Cat\u00f3lica y prevenir futuros esc\u00e1ndalos financieros. La iniciativa refleja el compromiso del Papa Francisco con la reforma financiera y la lucha contra la corrupci\u00f3n en el Vaticano.<\/p>\n","protected":false},"excerpt":{"rendered":"<p>El Vaticano Nacionaliza sus Bienes y Propiedades en un Intento por Garantizar su Gesti\u00f3n Adecuada El papa Francisco ha tomado una decisi\u00f3n importante para asegurar la correcta gesti\u00f3n de los activos de la Iglesia Cat\u00f3lica. En una nueva ley publicada el jueves 23, el Papa ha nacionalizado todos los bienes y propiedades del Vaticano convirti\u00e9ndolos [&hellip;]<\/p>\n","protected":false},"author":1,"featured_media":462,"comment_status":"open","ping_status":"open","sticky":false,"template":"","format":"standard","meta":{"footnotes":""},"categories":[27],"tags":[639,640,641,642,643,128,644,645,646,647,648,649,650,651,652,653,654,655,656,657,658,100,659,660,661],"class_list":["post-461","post","type-post","status-publish","format-standard","has-post-thumbnail","hentry","category-la-noticia","tag-activos","tag-adecuada","tag-bienes","tag-centralizacion","tag-control-centralizado","tag-corrupcion","tag-criticas","tag-delitos-penales","tag-escandalo-financiero","tag-externas","tag-gestion","tag-inmuebles","tag-internas","tag-inversion","tag-londres","tag-malversacion","tag-nacionalizacion","tag-papa-francisco","tag-perdidas","tag-propiedades","tag-reforma-financiera","tag-responsabilidad","tag-secretaria-de-estado","tag-transparencia","tag-vaticano"],"views":7,"_links":{"self":[{"href":"https:\/\/chivasycronicas.com\/index.php?rest_route=\/wp\/v2\/posts\/461","targetHints":{"allow":["GET"]}}],"collection":[{"href":"https:\/\/chivasycronicas.com\/index.php?rest_route=\/wp\/v2\/posts"}],"about":[{"href":"https:\/\/chivasycronicas.com\/index.php?rest_route=\/wp\/v2\/types\/post"}],"author":[{"embeddable":true,"href":"https:\/\/chivasycronicas.com\/index.php?rest_route=\/wp\/v2\/users\/1"}],"replies":[{"embeddable":true,"href":"https:\/\/chivasycronicas.com\/index.php?rest_route=%2Fwp%2Fv2%2Fcomments&post=461"}],"version-history":[{"count":0,"href":"https:\/\/chivasycronicas.com\/index.php?rest_route=\/wp\/v2\/posts\/461\/revisions"}],"wp:featuredmedia":[{"embeddable":true,"href":"https:\/\/chivasycronicas.com\/index.php?rest_route=\/"}],"wp:attachment":[{"href":"https:\/\/chivasycronicas.com\/index.php?rest_route=%2Fwp%2Fv2%2Fmedia&parent=461"}],"wp:term":[{"taxonomy":"category","embeddable":true,"href":"https:\/\/chivasycronicas.com\/index.php?rest_route=%2Fwp%2Fv2%2Fcategories&post=461"},{"taxonomy":"post_tag","embeddable":true,"href":"https:\/\/chivasycronicas.com\/index.php?rest_route=%2Fwp%2Fv2%2Ftags&post=461"}],"curies":[{"name":"wp","href":"https:\/\/api.w.org\/{rel}","templated":true}]}}