{"id":483,"date":"2023-02-27T21:58:40","date_gmt":"2023-02-28T02:58:40","guid":{"rendered":"https:\/\/www.chivasycronicas.com\/?p=483"},"modified":"2023-02-27T21:58:40","modified_gmt":"2023-02-28T02:58:40","slug":"preocupante-denuncia-de-privatizacion-del-banco-de-la-republica-en-colombia","status":"publish","type":"post","link":"https:\/\/chivasycronicas.com\/?p=483","title":{"rendered":"Preocupante denuncia de privatizaci\u00f3n del Banco de la Rep\u00fablica en Colombia"},"content":{"rendered":"<blockquote class=\"twitter-tweet\">\n<p lang=\"es\" dir=\"ltr\">Banco de la Rep\u00fablica estar\u00eda siendo privatizado y estar\u00eda en manos de poderoso banquero del pa\u00eds, denuncia el presidente de la Asociaci\u00f3n Nacional de Empleados del Banco de la Rep\u00fablica, Jos\u00e9 Rodrigo Orozco, en dialogo con <a href=\"https:\/\/twitter.com\/bohorquez_pablo?ref_src=twsrc%5Etfw\">@bohorquez_pablo<\/a> <a href=\"https:\/\/twitter.com\/MinHacienda?ref_src=twsrc%5Etfw\">@MinHacienda<\/a> <a href=\"https:\/\/twitter.com\/petrogustavo?ref_src=twsrc%5Etfw\">@petrogustavo<\/a> <a href=\"https:\/\/t.co\/jIIndk2mdJ\">pic.twitter.com\/jIIndk2mdJ<\/a><\/p>\n<p>&mdash; mapiaguilars (@mapias15) <a href=\"https:\/\/twitter.com\/mapias15\/status\/1630031941159272450?ref_src=twsrc%5Etfw\">February 27, 2023<\/a><\/p><\/blockquote>\n<p> <script async src=\"https:\/\/platform.twitter.com\/widgets.js\" charset=\"utf-8\"><\/script><\/p>\n<p>El Banco de la Rep\u00fablica es una de las instituciones financieras m\u00e1s importantes de Colombia, encargada de velar por la estabilidad econ\u00f3mica del pa\u00eds. Sin embargo, recientemente ha surgido una preocupante denuncia por parte del presidente de la Asociaci\u00f3n Nacional de Empleados del Banco de la Rep\u00fablica, Jos\u00e9 Rodrigo Orozco, quien ha se\u00f1alado que esta entidad estar\u00eda siendo privatizada y que estar\u00eda en manos de un poderoso banquero del pa\u00eds.<\/p>\n<p>Esta denuncia ha generado gran inquietud entre la ciudadan\u00eda y ha llevado a varios sectores a exigir explicaciones claras y transparentes por parte de las autoridades competentes. De acuerdo con Orozco, existen indicios claros de que el Banco de la Rep\u00fablica estar\u00eda siendo manejado por intereses privados y que se estar\u00edan tomando decisiones que podr\u00edan afectar gravemente la econom\u00eda del pa\u00eds.<\/p>\n<p>Ante esta situaci\u00f3n, es fundamental que las autoridades competentes investiguen a fondo las denuncias y que se tomen medidas para garantizar la independencia y autonom\u00eda del Banco de la Rep\u00fablica. La estabilidad econ\u00f3mica de Colombia es un bien preciado y debe ser protegido por encima de cualquier inter\u00e9s particular o pol\u00edtico.<\/p>\n<p>Por su parte, el Ministerio de Hacienda ha negado rotundamente estas acusaciones, asegurando que el Banco de la Rep\u00fablica sigue siendo una entidad p\u00fablica y que su autonom\u00eda e independencia est\u00e1n garantizadas. Sin embargo, es necesario que se lleve a cabo una investigaci\u00f3n exhaustiva y transparente para determinar la veracidad de estas acusaciones y tomar las medidas necesarias para asegurar la estabilidad econ\u00f3mica del pa\u00eds.<\/p>\n<p>En este sentido, es importante que la ciudadan\u00eda se mantenga vigilante y exija transparencia y rendici\u00f3n de cuentas por parte de las autoridades competentes. La econom\u00eda de Colombia es un tema de inter\u00e9s p\u00fablico y debe ser protegida con responsabilidad y compromiso por parte de todos los actores involucrados.<\/p>\n","protected":false},"excerpt":{"rendered":"<p>Banco de la Rep\u00fablica estar\u00eda siendo privatizado y estar\u00eda en manos de poderoso banquero del pa\u00eds, denuncia el presidente de la Asociaci\u00f3n Nacional de Empleados del Banco de la Rep\u00fablica, Jos\u00e9 Rodrigo Orozco, en dialogo con @bohorquez_pablo @MinHacienda @petrogustavo pic.twitter.com\/jIIndk2mdJ &mdash; mapiaguilars (@mapias15) February 27, 2023 El Banco de la Rep\u00fablica es una de las [&hellip;]<\/p>\n","protected":false},"author":1,"featured_media":484,"comment_status":"open","ping_status":"open","sticky":false,"template":"","format":"video","meta":{"footnotes":""},"categories":[27],"tags":[690,691,692,478,53,482,693,694,695,282,696,697,698,699,100,660],"class_list":["post-483","post","type-post","status-publish","format-video","has-post-thumbnail","hentry","category-la-noticia","tag-autonomia","tag-autoridades-competentes","tag-banco-de-la-republica","tag-ciudadania","tag-colombia","tag-compromiso","tag-economia","tag-estabilidad-economica","tag-independencia","tag-investigacion","tag-ministerio-de-hacienda","tag-poderoso-banquero","tag-privatizacion","tag-rendicion-de-cuentas","tag-responsabilidad","tag-transparencia","post_format-post-format-video"],"views":8,"_links":{"self":[{"href":"https:\/\/chivasycronicas.com\/index.php?rest_route=\/wp\/v2\/posts\/483","targetHints":{"allow":["GET"]}}],"collection":[{"href":"https:\/\/chivasycronicas.com\/index.php?rest_route=\/wp\/v2\/posts"}],"about":[{"href":"https:\/\/chivasycronicas.com\/index.php?rest_route=\/wp\/v2\/types\/post"}],"author":[{"embeddable":true,"href":"https:\/\/chivasycronicas.com\/index.php?rest_route=\/wp\/v2\/users\/1"}],"replies":[{"embeddable":true,"href":"https:\/\/chivasycronicas.com\/index.php?rest_route=%2Fwp%2Fv2%2Fcomments&post=483"}],"version-history":[{"count":0,"href":"https:\/\/chivasycronicas.com\/index.php?rest_route=\/wp\/v2\/posts\/483\/revisions"}],"wp:featuredmedia":[{"embeddable":true,"href":"https:\/\/chivasycronicas.com\/index.php?rest_route=\/"}],"wp:attachment":[{"href":"https:\/\/chivasycronicas.com\/index.php?rest_route=%2Fwp%2Fv2%2Fmedia&parent=483"}],"wp:term":[{"taxonomy":"category","embeddable":true,"href":"https:\/\/chivasycronicas.com\/index.php?rest_route=%2Fwp%2Fv2%2Fcategories&post=483"},{"taxonomy":"post_tag","embeddable":true,"href":"https:\/\/chivasycronicas.com\/index.php?rest_route=%2Fwp%2Fv2%2Ftags&post=483"}],"curies":[{"name":"wp","href":"https:\/\/api.w.org\/{rel}","templated":true}]}}