{"id":498,"date":"2023-02-28T16:49:15","date_gmt":"2023-02-28T21:49:15","guid":{"rendered":"https:\/\/www.chivasycronicas.com\/?p=498"},"modified":"2023-02-28T16:49:15","modified_gmt":"2023-02-28T21:49:15","slug":"diocesis-de-chiquinquira-se-disculpa-por-sermon-ofensivo-hacia-cultura-paisa","status":"publish","type":"post","link":"https:\/\/chivasycronicas.com\/?p=498","title":{"rendered":"Di\u00f3cesis de Chiquinquir\u00e1 se disculpa por serm\u00f3n ofensivo hacia cultura paisa"},"content":{"rendered":"<p>El pasado domingo 26 de febrero, m\u00e1s de 70 paisas que visitaban el Santuario de la Virgen de Chiquinquir\u00e1 en Boyac\u00e1 se sintieron ofendidos por las palabras del sacerdote que presidi\u00f3 la eucarist\u00eda. Durante su serm\u00f3n, el padre hizo comentarios negativos sobre la cultura paisa, incluyendo afirmaciones tales como que los paisas inventaron una universidad para la prostituci\u00f3n y que son los principales organizadores del microtr\u00e1fico en Colombia.<\/p>\n<p>Adem\u00e1s, el sacerdote compar\u00f3 a los paisas con la serpiente del evangelio sobre el pecado original de Ad\u00e1n y Eva, lo que gener\u00f3 a\u00fan m\u00e1s indignaci\u00f3n entre los presentes. Muchos de los visitantes paisas expresaron su descontento y desconcierto por las palabras del sacerdote, que consideraron una falta de respeto hacia su cultura y su identidad.<\/p>\n<p><iframe title=\"YouTube video player\" data-src=\"https:\/\/www.youtube-nocookie.com\/embed\/XJE7R33zLLw\" width=\"560\" height=\"315\" frameborder=\"0\" allowfullscreen=\"allowfullscreen\" src=\"data:image\/gif;base64,R0lGODlhAQABAAAAACH5BAEKAAEALAAAAAABAAEAAAICTAEAOw==\" class=\"lazyload\" data-load-mode=\"1\"><\/iframe><\/p>\n<h6><strong>Gracias a nuestros colegas de Hora 13 Noticias, por suministrarnos este video.<\/strong><\/h6>\n<p>La situaci\u00f3n ha generado un fuerte debate en las redes sociales, con muchos usuarios expresando su solidaridad con los visitantes paisas y criticando la actitud del sacerdote. Algunos han se\u00f1alado que es inaceptable que un l\u00edder religioso haga comentarios tan ofensivos y discriminatorios hacia una comunidad, y han exigido que se tomen medidas para evitar que se repita este tipo de situaci\u00f3n en el futuro.<\/p>\n<p>Por su parte, la Di\u00f3cesis de Chiquinquir\u00e1 ha emitido un comunicado en el que se disculpa por los comentarios del sacerdote y asegura que no reflejan los valores de la Iglesia Cat\u00f3lica. La Di\u00f3cesis ha expresado su compromiso de promover el di\u00e1logo y la tolerancia entre todas las comunidades, y ha invitado a los afectados a acercarse a ellos para buscar soluciones y trabajar juntos por la reconciliaci\u00f3n.<\/p>\n<p>Este incidente nos recuerda la importancia de respetar la diversidad cultural y religiosa en nuestro pa\u00eds, y de evitar los prejuicios y la discriminaci\u00f3n. Esperamos que las autoridades religiosas y civiles tomen medidas concretas para fomentar la convivencia pac\u00edfica y la tolerancia entre todas las comunidades, y para evitar que se repitan situaciones como esta en el futuro.<\/p>\n","protected":false},"excerpt":{"rendered":"<p>El pasado domingo 26 de febrero, m\u00e1s de 70 paisas que visitaban el Santuario de la Virgen de Chiquinquir\u00e1 en Boyac\u00e1 se sintieron ofendidos por las palabras del sacerdote que presidi\u00f3 la eucarist\u00eda. Durante su serm\u00f3n, el padre hizo comentarios negativos sobre la cultura paisa, incluyendo afirmaciones tales como que los paisas inventaron una universidad [&hellip;]<\/p>\n","protected":false},"author":2,"featured_media":499,"comment_status":"open","ping_status":"open","sticky":false,"template":"","format":"video","meta":{"footnotes":""},"categories":[27],"tags":[711,712,713,714,715,716,717,718,719,573],"class_list":["post-498","post","type-post","status-publish","format-video","has-post-thumbnail","hentry","category-la-noticia","tag-comentarios","tag-convivencia-pacifica","tag-cultura-paisa","tag-discriminacion","tag-disculpa","tag-diversidad-cultural","tag-ofensivo","tag-palabras-clave-chiquinquira","tag-sermon","tag-tolerancia","post_format-post-format-video"],"views":8,"_links":{"self":[{"href":"https:\/\/chivasycronicas.com\/index.php?rest_route=\/wp\/v2\/posts\/498","targetHints":{"allow":["GET"]}}],"collection":[{"href":"https:\/\/chivasycronicas.com\/index.php?rest_route=\/wp\/v2\/posts"}],"about":[{"href":"https:\/\/chivasycronicas.com\/index.php?rest_route=\/wp\/v2\/types\/post"}],"author":[{"embeddable":true,"href":"https:\/\/chivasycronicas.com\/index.php?rest_route=\/wp\/v2\/users\/2"}],"replies":[{"embeddable":true,"href":"https:\/\/chivasycronicas.com\/index.php?rest_route=%2Fwp%2Fv2%2Fcomments&post=498"}],"version-history":[{"count":0,"href":"https:\/\/chivasycronicas.com\/index.php?rest_route=\/wp\/v2\/posts\/498\/revisions"}],"wp:featuredmedia":[{"embeddable":true,"href":"https:\/\/chivasycronicas.com\/index.php?rest_route=\/"}],"wp:attachment":[{"href":"https:\/\/chivasycronicas.com\/index.php?rest_route=%2Fwp%2Fv2%2Fmedia&parent=498"}],"wp:term":[{"taxonomy":"category","embeddable":true,"href":"https:\/\/chivasycronicas.com\/index.php?rest_route=%2Fwp%2Fv2%2Fcategories&post=498"},{"taxonomy":"post_tag","embeddable":true,"href":"https:\/\/chivasycronicas.com\/index.php?rest_route=%2Fwp%2Fv2%2Ftags&post=498"}],"curies":[{"name":"wp","href":"https:\/\/api.w.org\/{rel}","templated":true}]}}