{"id":509,"date":"2023-03-01T16:20:50","date_gmt":"2023-03-01T21:20:50","guid":{"rendered":"https:\/\/www.chivasycronicas.com\/?p=509"},"modified":"2023-03-01T16:20:50","modified_gmt":"2023-03-01T21:20:50","slug":"el-racismo-y-la-discriminacion-persisten-en-espana-un-lamentable-incidente-en-alicante-lo-pone-de-manifiesto","status":"publish","type":"post","link":"https:\/\/chivasycronicas.com\/?p=509","title":{"rendered":"El racismo y la discriminaci\u00f3n persisten en Espa\u00f1a: un lamentable incidente en Alicante lo pone de manifiesto"},"content":{"rendered":"<p>El racismo y la discriminaci\u00f3n en todas sus formas son una realidad que a\u00fan persiste en muchos pa\u00edses del mundo, incluyendo Espa\u00f1a. Recientemente, un lamentable incidente en Alicante ha puesto de manifiesto la necesidad de seguir trabajando en la educaci\u00f3n y la concienciaci\u00f3n sobre el respeto a la diversidad.<\/p>\n<blockquote class=\"twitter-tweet\">\n<p lang=\"es\" dir=\"ltr\">El racismo y la discriminaci\u00f3n persisten en Espa\u00f1a: un lamentable incidente en Alicante lo pone de manifiesto <a href=\"https:\/\/t.co\/JDT1qczejI\">pic.twitter.com\/JDT1qczejI<\/a><\/p>\n<p>&mdash; ChivasYCr\u00f3nicas (@ChivasYCronicas) <a href=\"https:\/\/twitter.com\/ChivasYCronicas\/status\/1631041215763283971?ref_src=twsrc%5Etfw\">March 1, 2023<\/a><\/p><\/blockquote>\n<p> <script async src=\"https:\/\/platform.twitter.com\/widgets.js\" charset=\"utf-8\"><\/script><\/p>\n<p>Dos mujeres espa\u00f1olas, en estado de embriaguez, provocaron un accidente de tr\u00e1nsito en Alicante. Hasta ah\u00ed, podr\u00edamos hablar de un hecho desafortunado, pero las cosas empeoraron cuando se dieron cuenta de que la v\u00edctima del accidente era una migrante venezolana. A partir de ese momento, las mujeres comenzaron a agredirla verbalmente, insult\u00e1ndola con frases racistas y discriminatorias.<\/p>\n<p>\u201cEres ind\u00edgena, aqu\u00ed en Espa\u00f1a eres una puta basura, eres una mierda. Yo tengo los ojos azules\u201d, fueron algunas de las frases que las mujeres dijeron a la v\u00edctima, quien se encontraba visiblemente afectada y asustada por lo ocurrido. Adem\u00e1s de las agresiones verbales, las mujeres tambi\u00e9n agredieron f\u00edsicamente a la migrante, quien tuvo que ser atendida por personal m\u00e9dico.<\/p>\n<p>Este triste episodio es una muestra m\u00e1s de la intolerancia y el odio que a\u00fan existen en nuestra sociedad. La discriminaci\u00f3n por origen, raza o cualquier otra caracter\u00edstica es un problema que debe ser combatido de manera contundente. Es importante que como sociedad, nos comprometamos a trabajar en la construcci\u00f3n de una cultura de respeto y tolerancia hacia la diversidad, donde cada persona sea valorada por su individualidad y no por estereotipos o prejuicios.<\/p>\n<p>La lucha contra el racismo y la discriminaci\u00f3n debe ser una tarea de todos y todas. Desde el \u00e1mbito educativo, debemos promover valores como el respeto, la tolerancia y la empat\u00eda, ense\u00f1ando a las nuevas generaciones a convivir en armon\u00eda con la diversidad. Adem\u00e1s, es fundamental que existan medidas legales y judiciales que sancionen este tipo de comportamientos y promuevan la igualdad y el respeto.<\/p>\n<p>Esperamos que este lamentable suceso en Alicante nos haga reflexionar sobre la importancia de trabajar en la promoci\u00f3n de valores de igualdad y tolerancia. La discriminaci\u00f3n no tiene lugar en una sociedad moderna y debemos unirnos para erradicarla de nuestras vidas y construir un futuro m\u00e1s justo y respetuoso.<\/p>\n","protected":false},"excerpt":{"rendered":"<p>El racismo y la discriminaci\u00f3n en todas sus formas son una realidad que a\u00fan persiste en muchos pa\u00edses del mundo, incluyendo Espa\u00f1a. Recientemente, un lamentable incidente en Alicante ha puesto de manifiesto la necesidad de seguir trabajando en la educaci\u00f3n y la concienciaci\u00f3n sobre el respeto a la diversidad. El racismo y la discriminaci\u00f3n persisten [&hellip;]<\/p>\n","protected":false},"author":1,"featured_media":510,"comment_status":"open","ping_status":"open","sticky":false,"template":"","format":"video","meta":{"footnotes":""},"categories":[26],"tags":[730,714,731,563,732,733,734,735,502,736],"class_list":["post-509","post","type-post","status-publish","format-video","has-post-thumbnail","hentry","category-la-opinion","tag-cultura","tag-discriminacion","tag-diversidad","tag-educacion","tag-espana","tag-igualdad","tag-intolerancia","tag-palabras-clave-racismo","tag-respeto","tag-valores","post_format-post-format-video"],"views":6,"_links":{"self":[{"href":"https:\/\/chivasycronicas.com\/index.php?rest_route=\/wp\/v2\/posts\/509","targetHints":{"allow":["GET"]}}],"collection":[{"href":"https:\/\/chivasycronicas.com\/index.php?rest_route=\/wp\/v2\/posts"}],"about":[{"href":"https:\/\/chivasycronicas.com\/index.php?rest_route=\/wp\/v2\/types\/post"}],"author":[{"embeddable":true,"href":"https:\/\/chivasycronicas.com\/index.php?rest_route=\/wp\/v2\/users\/1"}],"replies":[{"embeddable":true,"href":"https:\/\/chivasycronicas.com\/index.php?rest_route=%2Fwp%2Fv2%2Fcomments&post=509"}],"version-history":[{"count":0,"href":"https:\/\/chivasycronicas.com\/index.php?rest_route=\/wp\/v2\/posts\/509\/revisions"}],"wp:featuredmedia":[{"embeddable":true,"href":"https:\/\/chivasycronicas.com\/index.php?rest_route=\/"}],"wp:attachment":[{"href":"https:\/\/chivasycronicas.com\/index.php?rest_route=%2Fwp%2Fv2%2Fmedia&parent=509"}],"wp:term":[{"taxonomy":"category","embeddable":true,"href":"https:\/\/chivasycronicas.com\/index.php?rest_route=%2Fwp%2Fv2%2Fcategories&post=509"},{"taxonomy":"post_tag","embeddable":true,"href":"https:\/\/chivasycronicas.com\/index.php?rest_route=%2Fwp%2Fv2%2Ftags&post=509"}],"curies":[{"name":"wp","href":"https:\/\/api.w.org\/{rel}","templated":true}]}}