{"id":550,"date":"2023-03-03T21:22:00","date_gmt":"2023-03-04T02:22:00","guid":{"rendered":"https:\/\/www.chivasycronicas.com\/?p=550"},"modified":"2023-03-03T21:22:00","modified_gmt":"2023-03-04T02:22:00","slug":"de-carceles-a-universidades-la-controversia-entre-los-presidentes-de-colombia-y-el-salvador-por-la-estrategia-contra-la-violencia","status":"publish","type":"post","link":"https:\/\/chivasycronicas.com\/?p=550","title":{"rendered":"De c\u00e1rceles a universidades: La controversia entre los presidentes de Colombia y El Salvador por la estrategia contra la violencia"},"content":{"rendered":"<p><img fetchpriority=\"high\" decoding=\"async\" class=\"alignnone wp-image-457\" src=\"https:\/\/www.chivasycronicas.com\/wp-content\/uploads\/2023\/02\/petro-preocupado.jpeg\" alt=\"\" width=\"312\" height=\"224\" \/><\/p>\n<p>El debate sobre c\u00f3mo enfrentar la violencia y la delincuencia ha sido una discusi\u00f3n constante en la regi\u00f3n latinoamericana, y los presidentes de El Salvador y Colombia son dos ejemplos claros de c\u00f3mo pueden diferir las estrategias para lograr este objetivo.<\/p>\n<p>Por un lado, el presidente Nayib Bukele ha optado por una estrategia m\u00e1s dura y represiva, basada en la creaci\u00f3n de una megac\u00e1rcel de alta seguridad para albergar a miles de pandilleros detenidos en El Salvador. Seg\u00fan Bukele, esta medida ha ayudado a reducir la tasa de homicidios en el pa\u00eds, pero tambi\u00e9n ha sido criticada por organismos de derechos humanos por posibles violaciones de los derechos de los detenidos.<\/p>\n<p><img decoding=\"async\" class=\"alignnone wp-image-554 lazyload\" data-src=\"https:\/\/www.chivasycronicas.com\/wp-content\/uploads\/2023\/03\/LJQKONLIIJC5RLOOXVE3V3GS2A-300x215.jpeg\" alt=\"\" width=\"419\" height=\"300\" src=\"data:image\/gif;base64,R0lGODlhAQABAAAAACH5BAEKAAEALAAAAAABAAEAAAICTAEAOw==\" style=\"--smush-placeholder-width: 419px; --smush-placeholder-aspect-ratio: 419\/300;\" \/> <img decoding=\"async\" class=\"alignnone size-medium wp-image-555 lazyload\" data-src=\"https:\/\/www.chivasycronicas.com\/wp-content\/uploads\/2023\/03\/WODM4GKGYNHR5LJN5XKT3USAW4-300x300.jpeg\" alt=\"\" width=\"300\" height=\"300\" src=\"data:image\/gif;base64,R0lGODlhAQABAAAAACH5BAEKAAEALAAAAAABAAEAAAICTAEAOw==\" style=\"--smush-placeholder-width: 300px; --smush-placeholder-aspect-ratio: 300\/300;\" \/><\/p>\n<p>Por otro lado, el presidente Gustavo Petro ha defendido una estrategia m\u00e1s enfocada en la educaci\u00f3n y la inclusi\u00f3n social. Petro asegura que en Colombia han logrado reducir la tasa de homicidios y la violencia a trav\u00e9s de la inversi\u00f3n en educaci\u00f3n y la creaci\u00f3n de espacios para el di\u00e1logo y la inclusi\u00f3n social.<\/p>\n<p><img decoding=\"async\" class=\"alignnone size-medium wp-image-507 lazyload\" data-src=\"https:\/\/www.chivasycronicas.com\/wp-content\/uploads\/2023\/03\/laud-edificio-lectus-laud-300x200.jpg\" alt=\"\" width=\"300\" height=\"200\" src=\"data:image\/gif;base64,R0lGODlhAQABAAAAACH5BAEKAAEALAAAAAABAAEAAAICTAEAOw==\" style=\"--smush-placeholder-width: 300px; --smush-placeholder-aspect-ratio: 300\/200;\" \/><img decoding=\"async\" class=\"alignnone size-medium wp-image-556 lazyload\" data-src=\"https:\/\/www.chivasycronicas.com\/wp-content\/uploads\/2023\/03\/CYXID7UF2RHJRCXCPZPZFRSVMA-300x200.jpeg\" alt=\"\" width=\"300\" height=\"200\" src=\"data:image\/gif;base64,R0lGODlhAQABAAAAACH5BAEKAAEALAAAAAABAAEAAAICTAEAOw==\" style=\"--smush-placeholder-width: 300px; --smush-placeholder-aspect-ratio: 300\/200;\" \/><\/p>\n<p>Es importante destacar que ambas estrategias tienen sus fortalezas y debilidades, y no existe una soluci\u00f3n \u00fanica y efectiva para abordar el problema de la delincuencia y la violencia. Es necesario tener un enfoque multidisciplinario, que incluya la prevenci\u00f3n, la educaci\u00f3n, la inclusi\u00f3n social y la justicia penal, para enfrentar eficazmente este problema.<\/p>\n<p>Sin embargo, es importante tener en cuenta que la estrategia de Bukele tambi\u00e9n ha sido criticada por la posible violaci\u00f3n de los derechos humanos de los detenidos y por no abordar las causas subyacentes de la delincuencia y la violencia en el pa\u00eds. Por otro lado, la estrategia de Petro puede requerir un enfoque a largo plazo y una mayor inversi\u00f3n en educaci\u00f3n y programas sociales, lo que puede ser m\u00e1s dif\u00edcil de lograr en pa\u00edses con limitaciones presupuestarias.<\/p>\n<p>En conclusi\u00f3n, el debate sobre c\u00f3mo enfrentar la delincuencia y la violencia en Latinoam\u00e9rica sigue siendo un tema importante y complejo. Es necesario encontrar un equilibrio entre la prevenci\u00f3n y la justicia penal, y garantizar el respeto a los derechos humanos de todos los ciudadanos. Ambas estrategias tienen sus fortalezas y debilidades, y es importante evaluarlas de manera cr\u00edtica y enfocarse en lo que realmente funciona para lograr un cambio duradero y efectivo en la seguridad de la regi\u00f3n.<\/p>\n","protected":false},"excerpt":{"rendered":"<p>El debate sobre c\u00f3mo enfrentar la violencia y la delincuencia ha sido una discusi\u00f3n constante en la regi\u00f3n latinoamericana, y los presidentes de El Salvador y Colombia son dos ejemplos claros de c\u00f3mo pueden diferir las estrategias para lograr este objetivo. Por un lado, el presidente Nayib Bukele ha optado por una estrategia m\u00e1s dura [&hellip;]<\/p>\n","protected":false},"author":1,"featured_media":553,"comment_status":"open","ping_status":"open","sticky":false,"template":"","format":"standard","meta":{"footnotes":""},"categories":[26],"tags":[767,615,768,53,769,644,618,770,771,131,619,772,773,774,635,622,775,776,777,778,779,624,780,101,781,782,783,505],"class_list":["post-550","post","type-post","status-publish","format-standard","has-post-thumbnail","hentry","category-la-opinion","tag-alta-seguridad","tag-centro-de-confinamiento-del-terrorismo","tag-colegios","tag-colombia","tag-criminalidad","tag-criticas","tag-derechos-humanos","tag-detenciones-arbitrarias","tag-detenidos","tag-dialogo","tag-el-salvador","tag-encadenados","tag-encarcelados","tag-estado-de-excepcion","tag-gustavo-petro","tag-megacarcel","tag-nayib-bukele","tag-pandilleros","tag-pobreza","tag-popularidades","tag-presos","tag-presuntos-pandilleros","tag-ropa-interior","tag-seguridad","tag-tasa-de-homicidios","tag-twitter","tag-universidades","tag-violencia"],"views":7,"_links":{"self":[{"href":"https:\/\/chivasycronicas.com\/index.php?rest_route=\/wp\/v2\/posts\/550","targetHints":{"allow":["GET"]}}],"collection":[{"href":"https:\/\/chivasycronicas.com\/index.php?rest_route=\/wp\/v2\/posts"}],"about":[{"href":"https:\/\/chivasycronicas.com\/index.php?rest_route=\/wp\/v2\/types\/post"}],"author":[{"embeddable":true,"href":"https:\/\/chivasycronicas.com\/index.php?rest_route=\/wp\/v2\/users\/1"}],"replies":[{"embeddable":true,"href":"https:\/\/chivasycronicas.com\/index.php?rest_route=%2Fwp%2Fv2%2Fcomments&post=550"}],"version-history":[{"count":0,"href":"https:\/\/chivasycronicas.com\/index.php?rest_route=\/wp\/v2\/posts\/550\/revisions"}],"wp:featuredmedia":[{"embeddable":true,"href":"https:\/\/chivasycronicas.com\/index.php?rest_route=\/"}],"wp:attachment":[{"href":"https:\/\/chivasycronicas.com\/index.php?rest_route=%2Fwp%2Fv2%2Fmedia&parent=550"}],"wp:term":[{"taxonomy":"category","embeddable":true,"href":"https:\/\/chivasycronicas.com\/index.php?rest_route=%2Fwp%2Fv2%2Fcategories&post=550"},{"taxonomy":"post_tag","embeddable":true,"href":"https:\/\/chivasycronicas.com\/index.php?rest_route=%2Fwp%2Fv2%2Ftags&post=550"}],"curies":[{"name":"wp","href":"https:\/\/api.w.org\/{rel}","templated":true}]}}