{"id":581,"date":"2023-03-08T18:15:10","date_gmt":"2023-03-08T23:15:10","guid":{"rendered":"https:\/\/www.chivasycronicas.com\/?p=581"},"modified":"2023-03-08T18:15:10","modified_gmt":"2023-03-08T23:15:10","slug":"arcangel-promete-llenar-el-estadio-de-ibague-en-su-a-regreso-a-colombia-para-el-concierto-de-regueton-mas-grande-del-ano","status":"publish","type":"post","link":"https:\/\/chivasycronicas.com\/?p=581","title":{"rendered":"ARC\u00c1NGEL promete llenar el Estadio de Ibagu\u00e9, en su regreso a Colombia para el concierto de Reguet\u00f3n m\u00e1s grande del a\u00f1o"},"content":{"rendered":"<p>AUSTIN AGUST\u00cdN SANTOS es un nombre que podr\u00eda considerarse \u00abcom\u00fan\u00bb para muchos terrenales, pero si se les dice a esos terrenales que se trata de \u00abARC\u00c1NGEL\u00bb, su menci\u00f3n cobra dimensiones casi universales, si se tiene en cuenta que se trata de uno de los reguetoneros m\u00e1s importantes y afamados del momento, en el mundo, quiz\u00e1s superado \u00fanicamente por BUD BUNNY.<\/p>\n<p>Pues buen, este gran artista vuelve a Colombia y con una promesa bajo el brazo: llenar el estadio MANUEL MURILLO TORO de Ibagu\u00e9, \u00fanico escenario capaz de albergar a los miles y miles de fans y seguidores que tiene este artista estadounidense. Y no estar\u00e1 solo. Llegar\u00e1 acompa\u00f1ado de otros grandes del momento, como\u00a0 \u00abLUIGI 21 PLUS\u00bb, \u00abCHEKA\u00bb, y \u00abMACKIE\u00bb.<\/p>\n<p><img fetchpriority=\"high\" decoding=\"async\" class=\"alignnone size-medium wp-image-585\" src=\"https:\/\/www.chivasycronicas.com\/wp-content\/uploads\/2023\/03\/IMG-20230308-WA0057-300x300.jpg\" alt=\"\" width=\"300\" height=\"300\" \/><\/p>\n<p><em>Los artistas del concierto \u00abLas Leyendas\u00bb<\/em><\/p>\n<p>El concierto \u00abLas Leyendas\u00bb, est\u00e1 programado para el pr\u00f3ximo 29 de abril y la boleter\u00eda ya est\u00e1 disponible en la p\u00e1gina \u00abamarillas.com\u00bb que, seg\u00fan los primeros reportes, ya empezaron a ser solicitadas a trav\u00e9s de sus servicios domiciliarios y presenciales.<\/p>\n<p>Uno de los organizadores de este gran evento, el abogado y empresario JUAN SEBASTI\u00c1N GIRALDO, (Danz) explic\u00f3 a este portal que, sin lugar a dudas, este ser\u00e1 uno de los conciertos m\u00e1s importantes y multitudinarios del a\u00f1o en Colombia y concretamente en la capital ibaguere\u00f1a.<\/p>\n<p>\u00abQueremos que con este concierto los ibaguere\u00f1os y tolimenses olviden las amargas experiencias pasadas, por cuenta de incumplimientos en otros conciertos grandes, que entendemos generaron algo de desconfianza entre el p\u00fablico. Nosotros vamos a cumplir y no\u00a0 vamos a decepcionar\u00bb, recalc\u00f3 el empresario GIRALDO, quien ya ha llevado a la capital tolimense a otros grandes artistas de moda, como YEISSON JIM\u00c9NEZ y cantantes vallenatos y urbanos como CIRO QUI\u00d1\u00d3NEZ Y RAFA P\u00c9REZ.<\/p>\n<p><img decoding=\"async\" class=\"alignnone size-medium wp-image-586 lazyload\" data-src=\"https:\/\/www.chivasycronicas.com\/wp-content\/uploads\/2023\/03\/Screenshot_20230308_150324_com.whatsapp_edit_13370551980523-244x300.jpg\" alt=\"\" width=\"244\" height=\"300\" src=\"data:image\/gif;base64,R0lGODlhAQABAAAAACH5BAEKAAEALAAAAAABAAEAAAICTAEAOw==\" style=\"--smush-placeholder-width: 244px; --smush-placeholder-aspect-ratio: 244\/300;\" \/><\/p>\n<p><em>Gramilla y todo el aforo del estadio de bagu\u00e9, estar\u00e1n disponibles<\/em><\/p>\n<p>El evento ya cuenta con todas las autorizaciones pertinentes que otorga la Alcald\u00eda de Ibagu\u00e9, que desde ya est\u00e1 trabajando en la log\u00edstica de seguridad, desplazamiento de los artistas y rutas de llegada e ingreso al estadio, pues a juzgar por el ritmo en que se est\u00e1 moviendo la venta de boletas desde cuando salieron al p\u00fablico, se prev\u00e9 que la asistencia ser\u00e1 multitudinaria.<\/p>\n<p>\u00abEstamos en di\u00e1logos con las autoridades civiles y de Polic\u00eda de Ibagu\u00e9, para que se permita el ingreso de menores de edad, de entre los 16 y los 18 a\u00f1os, teniendo en cuenta que este g\u00e9nero musical, as\u00ed como el artista principal, ARC\u00c1NGEL, tienen gran acogida en la juventud y la adolescencia colombianos\u00bb, explic\u00f3 el empresario GIRALDO.<\/p>\n","protected":false},"excerpt":{"rendered":"<p>AUSTIN AGUST\u00cdN SANTOS es un nombre que podr\u00eda considerarse \u00abcom\u00fan\u00bb para muchos terrenales, pero si se les dice a esos terrenales que se trata de \u00abARC\u00c1NGEL\u00bb, su menci\u00f3n cobra dimensiones casi universales, si se tiene en cuenta que se trata de uno de los reguetoneros m\u00e1s importantes y afamados del momento, en el mundo, quiz\u00e1s [&hellip;]<\/p>\n","protected":false},"author":1,"featured_media":584,"comment_status":"open","ping_status":"open","sticky":false,"template":"","format":"standard","meta":{"footnotes":""},"categories":[23],"tags":[816,817],"class_list":["post-581","post","type-post","status-publish","format-standard","has-post-thumbnail","hentry","category-la-cronica","tag-arcangel","tag-regueton"],"views":23,"_links":{"self":[{"href":"https:\/\/chivasycronicas.com\/index.php?rest_route=\/wp\/v2\/posts\/581","targetHints":{"allow":["GET"]}}],"collection":[{"href":"https:\/\/chivasycronicas.com\/index.php?rest_route=\/wp\/v2\/posts"}],"about":[{"href":"https:\/\/chivasycronicas.com\/index.php?rest_route=\/wp\/v2\/types\/post"}],"author":[{"embeddable":true,"href":"https:\/\/chivasycronicas.com\/index.php?rest_route=\/wp\/v2\/users\/1"}],"replies":[{"embeddable":true,"href":"https:\/\/chivasycronicas.com\/index.php?rest_route=%2Fwp%2Fv2%2Fcomments&post=581"}],"version-history":[{"count":0,"href":"https:\/\/chivasycronicas.com\/index.php?rest_route=\/wp\/v2\/posts\/581\/revisions"}],"wp:featuredmedia":[{"embeddable":true,"href":"https:\/\/chivasycronicas.com\/index.php?rest_route=\/"}],"wp:attachment":[{"href":"https:\/\/chivasycronicas.com\/index.php?rest_route=%2Fwp%2Fv2%2Fmedia&parent=581"}],"wp:term":[{"taxonomy":"category","embeddable":true,"href":"https:\/\/chivasycronicas.com\/index.php?rest_route=%2Fwp%2Fv2%2Fcategories&post=581"},{"taxonomy":"post_tag","embeddable":true,"href":"https:\/\/chivasycronicas.com\/index.php?rest_route=%2Fwp%2Fv2%2Ftags&post=581"}],"curies":[{"name":"wp","href":"https:\/\/api.w.org\/{rel}","templated":true}]}}