{"id":630,"date":"2023-03-13T21:50:11","date_gmt":"2023-03-14T02:50:11","guid":{"rendered":"https:\/\/www.chivasycronicas.com\/?p=630"},"modified":"2023-03-13T21:50:11","modified_gmt":"2023-03-14T02:50:11","slug":"atencion-palomino-cada-vez-mas-cerca-de-la-carcel-las-grabaciones-que-escucho-la-corte-lo-enredan","status":"publish","type":"post","link":"https:\/\/chivasycronicas.com\/?p=630","title":{"rendered":"ATENCI\u00d3N, PALOMINO Cada vez m\u00e1s cerca de la c\u00e1rcel. Las grabaciones que escuch\u00f3 la Corte, lo enredan."},"content":{"rendered":"<p>Si las cosas siguen como van en la Corte Suprema de Justicia, los d\u00edas en libertad del otrora poderoso director de la Polic\u00eda, ex general RODOLFO PALOMINO, estar\u00edan contados y dependiendo de la celeridad con la que la que la alta\u00a0 corporaci\u00f3n tramite los estados procesales pendientes, dentro de la mega investigaci\u00f3n que abri\u00f3 la Fiscal\u00eda contra el alto ex oficial, por la forma como intent\u00f3 presionar a una fiscal para que no ordenara la captura de un \u00abParaempresario\u00bb amigo suyo, vinculado con despojo de tierras a campesinos, por parte de las AUC.<\/p>\n<p>Este portal conoci\u00f3 que en las \u00faltimas horas, la Corte Suprema de Justicia escuch\u00f3 formalmente varias grabaciones de llamadas telef\u00f3nicas que el propio general PALOMINO, siendo el flamante director de la Polic\u00eda, le hizo a una fiscal especializada pidi\u00e9ndole que no diera v\u00eda libre a la orden de captura que alistaba contra su amigo el empresario, LUIS GONZALO GALLO RESTREPO, quien por estos d\u00edas afronta cargos por Parapol\u00edtica en la JEP. precisamente por presuntos casos de despojo de tierras en el Urab\u00e1 Antioque\u00f1o.<\/p>\n<h2>\u00abUna propuesta indecente\u00bb<\/h2>\n<p>As\u00ed le dijo el entonces director de la Polic\u00eda a la fiscal especializada SONIA LUCERO VEL\u00c1SQUEZ PATI\u00d1O, durante la llamada que le hizo el 8 de febrero del 2014, dos d\u00edas antes de que la funcionaria judicial librara la orden de captura contra GALLO RESTREPO, por los delitos de Concierto Para Delinquir, Lavado de Activos y Desplazamiento Forzado.<\/p>\n<p>Fue la valiente fiscal quien se atrevi\u00f3 a denunciar al entonces poderoso director de la Polic\u00eda, quien adem\u00e1s, seg\u00fan se estableci\u00f3 durante la investigaci\u00f3n, la visit\u00f3 en su propia residencia, en el norte de Bogot\u00e1, a donde lleg\u00f3 en compa\u00f1\u00eda del director de la DIJ\u00cdN, uno de los oficiales de su mayor confianza de la \u00e9poca.<\/p>\n<p>\u00abYo quisiera convencerla a usted de una propuesta y de ser, pues yo espero que no sea calificada como una propuesta indecente\u00bb, se escucha decir al general PALOMINO cuando habla con la fiscal, quien adem\u00e1s de sorprenderse con\u00a0 la absurda e ilegal petici\u00f3n, qued\u00f3 alertada y sorprendida por el hecho de que todo un director de la Polic\u00eda se enterara\u00a0 de la existencia de una orden de captura, que adem\u00e1s estaba prevista para hacerse efectiva dos d\u00edas despu\u00e9s de la visita del alto oficial a su casa.<\/p>\n<h2>Nuevo rev\u00e9s en la Corte, lo acerca a prisi\u00f3n<\/h2>\n<p>Tras escuchar las comprometedoras grabaciones, la Sala Penal de la Corte Suprema rechaz\u00f3 una apelaci\u00f3n que la defensa del general PALOMINO interpuso contra la acusaci\u00f3n de la Fiscal\u00eda. Esta decisi\u00f3n, adem\u00e1s de contraria a los intereses del acusado, puede ser considerada como un portazo que los magistrados le dan a la \u00faltima estrategia del oficial para evitar que sea condenado por los tres delitos, lo que conllevar\u00eda a que su captura sea ordenada de forma inmediata, dada la gravedad de su conducta y porque las penas establecidas por el C\u00f3digo Penal Colombiano para esos delitos, oscilan entre los 8 y los 12 a\u00f1os, si se tiene en cuenta que hizo alarde de su poder para obtener un beneficio personal, por encima de los intereses de la poblaci\u00f3n colombiana, las v\u00edctimas del Desplazamiento Forzado y de la misma Constituci\u00f3n Pol\u00edtica.<\/p>\n<p><img fetchpriority=\"high\" decoding=\"async\" class=\"alignnone size-medium wp-image-632\" src=\"https:\/\/www.chivasycronicas.com\/wp-content\/uploads\/2023\/03\/WhatsApp-Image-2023-03-13-at-9.46.31-PM-300x191.jpeg\" alt=\"\" width=\"300\" height=\"191\" \/><\/p>\n<p><em>Los magistrados no le creen a Palomino<\/em><\/p>\n<p>La investigaci\u00f3n estableci\u00f3 tambi\u00e9n que adem\u00e1s de ostentar su cargo de director general de la Polic\u00eda Nacional, PALOMINO ech\u00f3 mano de otros argumentos en su af\u00e1n de disuadir a la fiscal, aduciendo que hablaba en nombre de otros tres poderosos personajes de la vida p\u00fablica nacional, amigos todos del empresario GALLEGO. El general mencion\u00f3, entre otros, los nombres del expresidente ANDR\u00c9S PASTRANA, y del entonces presidente del Banco Mundial LUIS ALBERTO MORENO.<\/p>\n<p>Al general PALOMINO lo esperan otros procesos penales de igual o m\u00e1s gravedad, uno de ellos por abierta CORRUPCI\u00d3N, que ya fue llevado a la Procuradur\u00eda General, que le cost\u00f3 una grav\u00edsima sanci\u00f3n disciplinaria de DESTITUCI\u00d3N e INHABILIDAD. Tambi\u00e9n lleva a cuestas procesos por Acoso Sexual a coroneles compa\u00f1eros suyos de la Polic\u00eda, y Acoso Laboral, por presionar, con procesos internos y traslados,\u00a0 la salida de quienes se atrevieron a\u00a0 denunciarlo.<\/p>\n<p>En su momento, aliado con un sector de la l\u00ednea de mando de la Fiscal\u00eda, el director de la Polic\u00eda ech\u00f3 a rodar versiones de la existencia de \u00abun complot\u00bb de desprestigio en su contra y contra el entonces vicefiscal general JORGE FERNANDO PERDOMO, promovido por un grupo de periodistas, entre quienes se destacaron reporteros judiciales, as\u00ed como el afamado columnista e investigador DANIEL CORONEL y la directora de la FM de RCN, VICKY D\u00c1VILA.<\/p>\n<p>La versi\u00f3n ser\u00eda considerada como \u00abuna cortina de humo\u00bb para desviar la atenci\u00f3n de las acusaciones de corrupci\u00f3n en su contra. Sobre este cap\u00edtulo, vale la pena resaltar que uno de los reporteros se\u00f1alados por PALOMINO, ya le gan\u00f3 una millonaria demanda a la Fiscal\u00eda y a la Polic\u00eda, al establecerse que el tal complot nunca existi\u00f3. Tambi\u00e9n se dijo, en su momento, que una de las estrategias de esa \u00abcortina de humo\u00bb fue generar, mediante un apresurado informe de inteligencia filtrado a dos medios de comunicaci\u00f3n, la existencia de un \u00abcartel de reintegros\u00bb conformado por periodistas, abogados, jueces y magistrados de las altas cortes que, seg\u00fan se ha podido saber, tampoco existi\u00f3.<\/p>\n<p>&nbsp;<\/p>\n","protected":false},"excerpt":{"rendered":"<p>Si las cosas siguen como van en la Corte Suprema de Justicia, los d\u00edas en libertad del otrora poderoso director de la Polic\u00eda, ex general RODOLFO PALOMINO, estar\u00edan contados y dependiendo de la celeridad con la que la que la alta\u00a0 corporaci\u00f3n tramite los estados procesales pendientes, dentro de la mega investigaci\u00f3n que abri\u00f3 la [&hellip;]<\/p>\n","protected":false},"author":2,"featured_media":631,"comment_status":"open","ping_status":"open","sticky":false,"template":"","format":"standard","meta":{"footnotes":""},"categories":[22],"tags":[108,841,842],"class_list":["post-630","post","type-post","status-publish","format-standard","has-post-thumbnail","hentry","category-la-chiva","tag-corte-suprema","tag-general-palomino","tag-jep"],"views":5,"_links":{"self":[{"href":"https:\/\/chivasycronicas.com\/index.php?rest_route=\/wp\/v2\/posts\/630","targetHints":{"allow":["GET"]}}],"collection":[{"href":"https:\/\/chivasycronicas.com\/index.php?rest_route=\/wp\/v2\/posts"}],"about":[{"href":"https:\/\/chivasycronicas.com\/index.php?rest_route=\/wp\/v2\/types\/post"}],"author":[{"embeddable":true,"href":"https:\/\/chivasycronicas.com\/index.php?rest_route=\/wp\/v2\/users\/2"}],"replies":[{"embeddable":true,"href":"https:\/\/chivasycronicas.com\/index.php?rest_route=%2Fwp%2Fv2%2Fcomments&post=630"}],"version-history":[{"count":0,"href":"https:\/\/chivasycronicas.com\/index.php?rest_route=\/wp\/v2\/posts\/630\/revisions"}],"wp:featuredmedia":[{"embeddable":true,"href":"https:\/\/chivasycronicas.com\/index.php?rest_route=\/"}],"wp:attachment":[{"href":"https:\/\/chivasycronicas.com\/index.php?rest_route=%2Fwp%2Fv2%2Fmedia&parent=630"}],"wp:term":[{"taxonomy":"category","embeddable":true,"href":"https:\/\/chivasycronicas.com\/index.php?rest_route=%2Fwp%2Fv2%2Fcategories&post=630"},{"taxonomy":"post_tag","embeddable":true,"href":"https:\/\/chivasycronicas.com\/index.php?rest_route=%2Fwp%2Fv2%2Ftags&post=630"}],"curies":[{"name":"wp","href":"https:\/\/api.w.org\/{rel}","templated":true}]}}