{"id":715,"date":"2023-03-21T11:09:53","date_gmt":"2023-03-21T16:09:53","guid":{"rendered":"https:\/\/www.chivasycronicas.com\/?p=715"},"modified":"2023-03-21T11:09:53","modified_gmt":"2023-03-21T16:09:53","slug":"encuesta-en-twitter-revela-que-la-gestion-de-gustavo-petro-es-mal-vista-por-la-mayoria-de-usuarios-de-chivas-y-cronicas-en-colombia","status":"publish","type":"post","link":"https:\/\/chivasycronicas.com\/?p=715","title":{"rendered":"Encuesta en Twitter revela que la gesti\u00f3n de Gustavo Petro es mal vista por la mayor\u00eda de usuarios de Chivas y Cr\u00f3nicas en Colombia"},"content":{"rendered":"<p>Chivas y Cr\u00f3nicas, una popular cuenta de Twitter enfocada en el f\u00fatbol y la cultura en Colombia, llev\u00f3 a cabo una encuesta entre sus seguidores para conocer su opini\u00f3n sobre la administraci\u00f3n del presidente Gustavo Petro. Durante siete d\u00edas, los usuarios pudieron votar por una de las cuatro opciones disponibles: \u00abMuy Bien\u00bb, \u00abBien\u00bb, \u00abIgual\u00bb y \u00abMal\u00bb.<\/p>\n<p>Los resultados de la encuesta fueron contundentes: el 85,6% de los participantes opin\u00f3 que el pa\u00eds no est\u00e1 siendo bien administrado por el presidente Petro. Solo el 3,8% de los votantes crey\u00f3 que la gesti\u00f3n del mandatario era \u00abMuy Bien\u00bb, mientras que el 5,8% la consider\u00f3 \u00abBien\u00bb. El 4,8% restante opin\u00f3 que todo estaba \u00abIgual\u00bb.<\/p>\n<p>Estos resultados sugieren que una gran mayor\u00eda de los seguidores de Chivas y Cr\u00f3nicas en Twitter est\u00e1n insatisfechos con la administraci\u00f3n del presidente Petro. Aunque se trata de una muestra no representativa de la opini\u00f3n p\u00fablica en Colombia, la encuesta muestra una tendencia preocupante para el mandatario.<\/p>\n<p>En conclusi\u00f3n, la encuesta llevada a cabo por Chivas y Cr\u00f3nicas en Twitter sugiere que la mayor\u00eda de sus seguidores consideran que la administraci\u00f3n del presidente Gustavo Petro no est\u00e1 siendo efectiva en el gobierno de Colombia. El alto porcentaje de votos negativos refleja una preocupaci\u00f3n por parte de la poblaci\u00f3n colombiana respecto al manejo de las pol\u00edticas gubernamentales.<\/p>\n","protected":false},"excerpt":{"rendered":"<p>Chivas y Cr\u00f3nicas, una popular cuenta de Twitter enfocada en el f\u00fatbol y la cultura en Colombia, llev\u00f3 a cabo una encuesta entre sus seguidores para conocer su opini\u00f3n sobre la administraci\u00f3n del presidente Gustavo Petro. Durante siete d\u00edas, los usuarios pudieron votar por una de las cuatro opciones disponibles: \u00abMuy Bien\u00bb, \u00abBien\u00bb, \u00abIgual\u00bb y [&hellip;]<\/p>\n","protected":false},"author":2,"featured_media":716,"comment_status":"open","ping_status":"open","sticky":false,"template":"","format":"standard","meta":{"footnotes":""},"categories":[961],"tags":[960,53,648,635,962,963,964,782],"class_list":["post-715","post","type-post","status-publish","format-standard","has-post-thumbnail","hentry","category-la-encuesta","tag-chivas-y-cronicas","tag-colombia","tag-gestion","tag-gustavo-petro","tag-mal-vista","tag-mayoria","tag-palabras-clave-encuesta","tag-twitter"],"views":29,"_links":{"self":[{"href":"https:\/\/chivasycronicas.com\/index.php?rest_route=\/wp\/v2\/posts\/715","targetHints":{"allow":["GET"]}}],"collection":[{"href":"https:\/\/chivasycronicas.com\/index.php?rest_route=\/wp\/v2\/posts"}],"about":[{"href":"https:\/\/chivasycronicas.com\/index.php?rest_route=\/wp\/v2\/types\/post"}],"author":[{"embeddable":true,"href":"https:\/\/chivasycronicas.com\/index.php?rest_route=\/wp\/v2\/users\/2"}],"replies":[{"embeddable":true,"href":"https:\/\/chivasycronicas.com\/index.php?rest_route=%2Fwp%2Fv2%2Fcomments&post=715"}],"version-history":[{"count":0,"href":"https:\/\/chivasycronicas.com\/index.php?rest_route=\/wp\/v2\/posts\/715\/revisions"}],"wp:featuredmedia":[{"embeddable":true,"href":"https:\/\/chivasycronicas.com\/index.php?rest_route=\/"}],"wp:attachment":[{"href":"https:\/\/chivasycronicas.com\/index.php?rest_route=%2Fwp%2Fv2%2Fmedia&parent=715"}],"wp:term":[{"taxonomy":"category","embeddable":true,"href":"https:\/\/chivasycronicas.com\/index.php?rest_route=%2Fwp%2Fv2%2Fcategories&post=715"},{"taxonomy":"post_tag","embeddable":true,"href":"https:\/\/chivasycronicas.com\/index.php?rest_route=%2Fwp%2Fv2%2Ftags&post=715"}],"curies":[{"name":"wp","href":"https:\/\/api.w.org\/{rel}","templated":true}]}}