{"id":757,"date":"2023-03-27T20:53:34","date_gmt":"2023-03-28T01:53:34","guid":{"rendered":"https:\/\/www.chivasycronicas.com\/?p=757"},"modified":"2023-03-27T20:53:34","modified_gmt":"2023-03-28T01:53:34","slug":"quemada-viva-conmocion-en-peru-por-el-cruel-asesinato-de-una-joven-tras-ser-rociada-con-gasolina-y-prendida-fuego-en-una-centrica-plaza-de-lima","status":"publish","type":"post","link":"https:\/\/chivasycronicas.com\/?p=757","title":{"rendered":"Quemada viva; Conmoci\u00f3n en Per\u00fa por el cruel asesinato de una joven tras ser rociada con gasolina y prendida fuego en una c\u00e9ntrica plaza de Lima"},"content":{"rendered":"<p>El tr\u00e1gico caso de Katherine G\u00f3mez, una joven de 18 a\u00f1os que falleci\u00f3 a causa de las graves quemaduras sufridas despu\u00e9s de ser rociada con gasolina y prendida fuego en una c\u00e9ntrica plaza de Lima, ha conmocionado a Per\u00fa por su crueldad y por la pol\u00e9mica reacci\u00f3n de las autoridades. El ataque ocurri\u00f3 el s\u00e1bado 18 de marzo y, a pesar de la gravedad del incidente, la Polic\u00eda tard\u00f3 varios d\u00edas en emitir una orden de detenci\u00f3n contra el presunto agresor, identificado como Sergio Tarache Parra, cuyo paradero se desconoce.<\/p>\n<p><img fetchpriority=\"high\" decoding=\"async\" class=\"alignnone size-medium wp-image-759\" src=\"https:\/\/www.chivasycronicas.com\/wp-content\/uploads\/2023\/03\/Katherine-Gomez91-300x176.png\" alt=\"\" width=\"300\" height=\"176\" \/><\/p>\n<p>El caso ha vuelto a poner de manifiesto el problema de la violencia contra las mujeres en Per\u00fa y ha generado una gran indignaci\u00f3n en todo el pa\u00eds. La presidenta del pa\u00eds, Dina Boluarte, ha condenado en\u00e9rgicamente el ataque y ha llamado a poner fin a la violencia contra las mujeres. \u00abEsa violencia contra las mujeres debe parar. Las mujeres no somos propiedad de las parejas\u00bb, dijo Boluarte horas despu\u00e9s de conocer la noticia.<\/p>\n<p><img decoding=\"async\" class=\"alignnone size-medium wp-image-760 lazyload\" data-src=\"https:\/\/www.chivasycronicas.com\/wp-content\/uploads\/2023\/03\/3OMDMEXK5VBRDDSHVSDX3TYTEE-300x169.png\" alt=\"\" width=\"300\" height=\"169\" src=\"data:image\/gif;base64,R0lGODlhAQABAAAAACH5BAEKAAEALAAAAAABAAEAAAICTAEAOw==\" style=\"--smush-placeholder-width: 300px; --smush-placeholder-aspect-ratio: 300\/169;\" \/><\/p>\n<p>El Ministerio del Interior ha ofrecido una recompensa de 50.000 soles (unos US$13.000) por la captura de Tarache Parra, de 19 a\u00f1os, quien es considerado el principal sospechoso del ataque. El tr\u00e1gico suceso ha generado una ola de indignaci\u00f3n y protestas en todo el pa\u00eds, con llamados a tomar medidas m\u00e1s efectivas para combatir la violencia de g\u00e9nero.<\/p>\n<p>El ataque a Katherine G\u00f3mez es uno de los muchos casos de violencia contra las mujeres que ocurren a diario en Per\u00fa y en todo el mundo. Es fundamental que se tomen medidas m\u00e1s efectivas para prevenir y combatir la violencia de g\u00e9nero y se garantice que las v\u00edctimas de estos ataques reciban la protecci\u00f3n y el apoyo que necesitan para superar estas traum\u00e1ticas experiencias. La sociedad debe unirse para hacer frente a esta grave problem\u00e1tica y trabajar juntos para poner fin a la violencia contra las mujeres.<\/p>\n","protected":false},"excerpt":{"rendered":"<p>El tr\u00e1gico caso de Katherine G\u00f3mez, una joven de 18 a\u00f1os que falleci\u00f3 a causa de las graves quemaduras sufridas despu\u00e9s de ser rociada con gasolina y prendida fuego en una c\u00e9ntrica plaza de Lima, ha conmocionado a Per\u00fa por su crueldad y por la pol\u00e9mica reacci\u00f3n de las autoridades. El ataque ocurri\u00f3 el s\u00e1bado [&hellip;]<\/p>\n","protected":false},"author":1,"featured_media":758,"comment_status":"open","ping_status":"open","sticky":false,"template":"","format":"standard","meta":{"footnotes":""},"categories":[27],"tags":[987,125,382,481,988,989,990,991,992,993,994,604,995,996,997,998,999,1000,296,1001,1002,397,1003,1004,1005,95,1006,1007,1008,1009,1010,103,1011,1012,1013,1014],"class_list":["post-757","post","type-post","status-publish","format-standard","has-post-thumbnail","hentry","category-la-noticia","tag-18-anos","tag-apoyo","tag-autoridades","tag-combatir","tag-crueldad","tag-dina-boluarte","tag-experiencias","tag-fuego","tag-gasolina","tag-genero","tag-grave-problematica","tag-indignacion","tag-joven","tag-katherine-gomez","tag-medidas-efectivas","tag-ministerio-del-interior","tag-ola-de-indignacion","tag-orden-de-detencion","tag-peru","tag-plaza-de-lima","tag-polemica","tag-policia","tag-presidenta","tag-presunto-agresor","tag-propiedad","tag-proteccion","tag-protestas","tag-quemaduras","tag-reaccion","tag-recompensa","tag-sergio-tarache-parra","tag-sociedad","tag-sospechoso","tag-traumaticas","tag-victimas","tag-violencia-contra-las-mujeres"],"views":7,"_links":{"self":[{"href":"https:\/\/chivasycronicas.com\/index.php?rest_route=\/wp\/v2\/posts\/757","targetHints":{"allow":["GET"]}}],"collection":[{"href":"https:\/\/chivasycronicas.com\/index.php?rest_route=\/wp\/v2\/posts"}],"about":[{"href":"https:\/\/chivasycronicas.com\/index.php?rest_route=\/wp\/v2\/types\/post"}],"author":[{"embeddable":true,"href":"https:\/\/chivasycronicas.com\/index.php?rest_route=\/wp\/v2\/users\/1"}],"replies":[{"embeddable":true,"href":"https:\/\/chivasycronicas.com\/index.php?rest_route=%2Fwp%2Fv2%2Fcomments&post=757"}],"version-history":[{"count":0,"href":"https:\/\/chivasycronicas.com\/index.php?rest_route=\/wp\/v2\/posts\/757\/revisions"}],"wp:featuredmedia":[{"embeddable":true,"href":"https:\/\/chivasycronicas.com\/index.php?rest_route=\/"}],"wp:attachment":[{"href":"https:\/\/chivasycronicas.com\/index.php?rest_route=%2Fwp%2Fv2%2Fmedia&parent=757"}],"wp:term":[{"taxonomy":"category","embeddable":true,"href":"https:\/\/chivasycronicas.com\/index.php?rest_route=%2Fwp%2Fv2%2Fcategories&post=757"},{"taxonomy":"post_tag","embeddable":true,"href":"https:\/\/chivasycronicas.com\/index.php?rest_route=%2Fwp%2Fv2%2Ftags&post=757"}],"curies":[{"name":"wp","href":"https:\/\/api.w.org\/{rel}","templated":true}]}}