{"id":765,"date":"2023-03-28T16:12:59","date_gmt":"2023-03-28T21:12:59","guid":{"rendered":"https:\/\/www.chivasycronicas.com\/?p=765"},"modified":"2023-03-28T16:12:59","modified_gmt":"2023-03-28T21:12:59","slug":"incendio-en-centro-de-migracion-en-ciudad-juarez-deja-39-muertos-y-29-heridos","status":"publish","type":"post","link":"https:\/\/chivasycronicas.com\/?p=765","title":{"rendered":"Incendio en centro de migraci\u00f3n en Ciudad Ju\u00e1rez deja 39 muertos y 29 heridos"},"content":{"rendered":"<p><iframe width=\"560\" height=\"315\" data-src=\"https:\/\/www.youtube-nocookie.com\/embed\/WGKIOH6pY-Y\" title=\"YouTube video player\" frameborder=\"0\" allow=\"accelerometer; autoplay; clipboard-write; encrypted-media; gyroscope; picture-in-picture; web-share\" allowfullscreen src=\"data:image\/gif;base64,R0lGODlhAQABAAAAACH5BAEKAAEALAAAAAABAAEAAAICTAEAOw==\" class=\"lazyload\" data-load-mode=\"1\"><\/iframe><\/p>\n<p>Un tr\u00e1gico suceso ha conmocionado a M\u00e9xico y al mundo entero. El Instituto Nacional de Migraci\u00f3n de M\u00e9xico (INM) ha confirmado que un incendio en el centro de detenci\u00f3n \u00abEstancia Provisional de Ciudad Ju\u00e1rez\u00bb ha dejado al menos 39 personas muertas y 29 heridas.<\/p>\n<p><img fetchpriority=\"high\" decoding=\"async\" class=\"alignnone size-medium wp-image-767\" src=\"https:\/\/www.chivasycronicas.com\/wp-content\/uploads\/2023\/03\/mapa-cidad-juarez-03-njhgfc-300x286.png\" alt=\"\" width=\"300\" height=\"286\" \/><\/p>\n<p>El suceso ocurri\u00f3 poco antes de las 10 de la noche del lunes en las instalaciones del INM en el puente internacional Stanton-Lerdo en Ciudad Ju\u00e1rez, ubicada en la frontera con Estados Unidos y vecina a la ciudad de El Paso (Texas).<\/p>\n<p><img decoding=\"async\" class=\"alignnone size-medium wp-image-768 lazyload\" data-src=\"https:\/\/www.chivasycronicas.com\/wp-content\/uploads\/2023\/03\/diaitem129178280-300x169.jpg\" alt=\"\" width=\"300\" height=\"169\" src=\"data:image\/gif;base64,R0lGODlhAQABAAAAACH5BAEKAAEALAAAAAABAAEAAAICTAEAOw==\" style=\"--smush-placeholder-width: 300px; --smush-placeholder-aspect-ratio: 300\/169;\" \/><\/p>\n<p>El organismo inform\u00f3 que 68 hombres \u00abmayores de edad\u00bb y \u00aboriginarios de Centro y Sudam\u00e9rica\u00bb se encontraban en el recinto en el momento en el que se inici\u00f3 el fuego. El centro es utilizado por las autoridades mexicanas para albergar a los migrantes que intentan cruzar ilegalmente la frontera y que son candidatos a ser deportados.<\/p>\n<p><img decoding=\"async\" class=\"alignnone size-medium wp-image-766 lazyload\" data-src=\"https:\/\/www.chivasycronicas.com\/wp-content\/uploads\/2023\/03\/mex022-300x169.jpg\" alt=\"\" width=\"300\" height=\"169\" src=\"data:image\/gif;base64,R0lGODlhAQABAAAAACH5BAEKAAEALAAAAAABAAEAAAICTAEAOw==\" style=\"--smush-placeholder-width: 300px; --smush-placeholder-aspect-ratio: 300\/169;\" \/><\/p>\n<p>Seg\u00fan inform\u00f3 el presidente de M\u00e9xico, Andr\u00e9s Manuel L\u00f3pez Obrador, el incendio fue provocado por una protesta que iniciaron los migrantes tras enterarse de que iban a ser deportados. En su rueda de prensa matutina, el mandatario dijo: \u00abComo protesta, en la puerta del albergue pusieron colchonetas y les prendieron fuego; y no imaginaron que esto iba a causar esta terrible desgracia\u00bb.<\/p>\n<p>El INM ha expresado su pesar por lo sucedido y ha asegurado que se est\u00e1n realizando las investigaciones correspondientes para esclarecer los hechos y determinar las responsabilidades. Adem\u00e1s, el organismo ha anunciado que se ofrecer\u00e1 apoyo a los familiares de las v\u00edctimas y a los heridos.<\/p>\n<p>Este triste suceso pone de relieve la compleja situaci\u00f3n que enfrentan los migrantes que intentan cruzar la frontera entre M\u00e9xico y Estados Unidos, y la necesidad de buscar soluciones humanitarias y respetuosas de los derechos humanos para abordar esta problem\u00e1tica.<\/p>\n","protected":false},"excerpt":{"rendered":"<p>Un tr\u00e1gico suceso ha conmocionado a M\u00e9xico y al mundo entero. El Instituto Nacional de Migraci\u00f3n de M\u00e9xico (INM) ha confirmado que un incendio en el centro de detenci\u00f3n \u00abEstancia Provisional de Ciudad Ju\u00e1rez\u00bb ha dejado al menos 39 personas muertas y 29 heridas. El suceso ocurri\u00f3 poco antes de las 10 de la noche [&hellip;]<\/p>\n","protected":false},"author":1,"featured_media":769,"comment_status":"open","ping_status":"open","sticky":false,"template":"","format":"standard","meta":{"footnotes":""},"categories":[27],"tags":[1015,1016,1017,1018,1019,1020,618,291,1021,363,1022,1023,1024,366,501],"class_list":["post-765","post","type-post","status-publish","format-standard","has-post-thumbnail","hentry","category-la-noticia","tag-29-heridos","tag-39-muertos","tag-andres-manuel-lopez-obrador","tag-centro-de-migracion","tag-ciudad-juarez","tag-deportados","tag-derechos-humanos","tag-estados-unidos","tag-estancia-provisional-de-ciudad-juarez","tag-frontera","tag-incendio","tag-inm","tag-investigaciones","tag-mexico","tag-protesta"],"views":6,"_links":{"self":[{"href":"https:\/\/chivasycronicas.com\/index.php?rest_route=\/wp\/v2\/posts\/765","targetHints":{"allow":["GET"]}}],"collection":[{"href":"https:\/\/chivasycronicas.com\/index.php?rest_route=\/wp\/v2\/posts"}],"about":[{"href":"https:\/\/chivasycronicas.com\/index.php?rest_route=\/wp\/v2\/types\/post"}],"author":[{"embeddable":true,"href":"https:\/\/chivasycronicas.com\/index.php?rest_route=\/wp\/v2\/users\/1"}],"replies":[{"embeddable":true,"href":"https:\/\/chivasycronicas.com\/index.php?rest_route=%2Fwp%2Fv2%2Fcomments&post=765"}],"version-history":[{"count":0,"href":"https:\/\/chivasycronicas.com\/index.php?rest_route=\/wp\/v2\/posts\/765\/revisions"}],"wp:featuredmedia":[{"embeddable":true,"href":"https:\/\/chivasycronicas.com\/index.php?rest_route=\/"}],"wp:attachment":[{"href":"https:\/\/chivasycronicas.com\/index.php?rest_route=%2Fwp%2Fv2%2Fmedia&parent=765"}],"wp:term":[{"taxonomy":"category","embeddable":true,"href":"https:\/\/chivasycronicas.com\/index.php?rest_route=%2Fwp%2Fv2%2Fcategories&post=765"},{"taxonomy":"post_tag","embeddable":true,"href":"https:\/\/chivasycronicas.com\/index.php?rest_route=%2Fwp%2Fv2%2Ftags&post=765"}],"curies":[{"name":"wp","href":"https:\/\/api.w.org\/{rel}","templated":true}]}}